{"id":25067,"date":"2010-08-16T16:41:34","date_gmt":"2010-08-16T13:41:34","guid":{"rendered":"http:\/\/www.korhanyilmaz.com\/?p=25067"},"modified":"2010-08-16T16:41:34","modified_gmt":"2010-08-16T13:41:34","slug":"ogullari-erdogan%e2%80%99dan-kira-mi-aliyor","status":"publish","type":"post","link":"http:\/\/www.korhanyilmaz.com\/?p=25067","title":{"rendered":"O\u011fullar\u0131 Erdo\u011fan&#8217;dan Kira m\u0131 Al\u0131yor?"},"content":{"rendered":"<p><a href=\"http:\/\/www.korhanyilmaz.com\/wp-content\/uploads\/2010\/08\/155.jpg\"  class=\"lightview\"><img loading=\"lazy\" decoding=\"async\" class=\"aligncenter size-full wp-image-25070\" src=\"http:\/\/www.korhanyilmaz.com\/wp-content\/uploads\/2010\/08\/155.jpg\" alt=\"\" width=\"250\" height=\"175\" \/><\/a><\/p>\n<p style=\"text-align: justify;\">Cumhuriyet Gazetesi\u2019nden \u0130lhan Ta\u015f\u00e7\u0131, Ba\u015fbakan Erdo\u011fan&#8217;\u0131n kirac\u0131 oldu\u011funu s\u00f6yledi\u011fi villan\u0131n sahiplerini yazd\u0131. Ta\u015f\u00e7\u0131, villan\u0131n Erdo\u011fan\u2019\u0131n o\u011fullar\u0131 \u00fczerine kay\u0131tl\u0131 oldu\u011funu belirtti. \u0130\u015fte \u0130lhan Ta\u015f\u00e7\u0131\u2019n\u0131n o haberi;<\/p>\n<p style=\"text-align: justify;\">\u201cCHP Genel Ba\u015fkan\u0131 Kemal K\u0131l\u0131\u00e7daro\u011flu\u2019nun g\u00fcndeme getirdi\u011fi Ba\u015fbakan Recep Tayyip Erdo\u011fan ailesinin villalar\u0131 15 bin 20 metrekarelik arazi \u00fczerine in\u015fa edildi. Atat\u00fcrk d\u00f6neminin bakanlar\u0131ndan Yusuf Kemal Tengir\u015fenk\u2019in torunlar\u0131ndan 6 villa kar\u015f\u0131l\u0131\u011f\u0131 al\u0131nan arazide, toplam 11 villa bulunuyor. Ba\u015fbakan\u0131n \u201ckirac\u0131y\u0131m\u201d a\u00e7\u0131klamas\u0131 yapt\u0131\u011f\u0131 villalardan o\u011fullar\u0131 ile k\u0131z karde\u015fi Vesile \u0130lgen\u2019in kocas\u0131 Ziya \u0130lgen 2006 y\u0131l\u0131nda 1\u2019er milyon TL \u00f6deyerek iki villay\u0131 sat\u0131n alm\u0131\u015flard\u0131. Villalar\u0131n her biri 1727 metrekarelik arsaya sahip. 11 villal\u0131k siteyi ise Ba\u015fbakan Erdo\u011fan\u2019\u0131n \u00e7ocukluk arkada\u015f\u0131 olan Mehmet G\u00fcr\u2019\u00fcn sahibi oldu\u011fu MM Proje \u0130n\u015faat \u015firketi yapt\u0131. <!--more--><\/p>\n<p style=\"text-align: justify;\">Cumhuriyet, CHP lideri Kemal K\u0131l\u0131\u00e7daro\u011flu\u2019nun siyasette zenginle\u015fme \u00f6rne\u011fi olarak s\u0131k s\u0131k g\u00fcndeme getirdi \u201c<strong>villa kompleksinin<\/strong>\u201d ayr\u0131nt\u0131lar\u0131n\u0131 belgeler \u0131\u015f\u0131\u011f\u0131nda a\u00e7\u0131kl\u0131yor.<\/p>\n<p style=\"text-align: justify;\"><a href=\"http:\/\/www.korhanyilmaz.com\/wp-content\/uploads\/2010\/08\/154.jpg\"  class=\"lightview\"><img loading=\"lazy\" decoding=\"async\" class=\"aligncenter size-full wp-image-25069\" src=\"http:\/\/www.korhanyilmaz.com\/wp-content\/uploads\/2010\/08\/154.jpg\" alt=\"\" width=\"400\" height=\"292\" \/><\/a><\/p>\n<p style=\"text-align: justify;\">Erdo\u011fan ailesinin villalar\u0131, \u0130stanbul, \u00dcsk\u00fcdar 3. B\u00f6lge, K\u0131s\u0131kl\u0131 Mahallesi, Avc\u0131 Kaz\u0131m Soka\u011f\u0131\u2019ndaki bir arazide bulunuyor. Konum olarak \u00c7aml\u0131ca tepelerinde yer al\u0131yor. Villalar\u0131n yap\u0131ld\u0131\u011f\u0131 arazi, Atat\u00fcrk d\u00f6neminin bakanlar\u0131ndan Yusuf Kemal Tengir\u015fenk\u2019in torunlar\u0131 Tayyibe \u0130lter ve Meryem \u00c7i\u00e7ek T\u00fcnger\u2019e aitti. Tapu kay\u0131tlar\u0131na g\u00f6re villalar, 15 bin 20 metrekarelik bir alana yap\u0131ld\u0131. Tripleks bi\u00e7iminde in\u015fa edilen her bir villan\u0131n 1727 metrekarelik arsa pay\u0131 bulunuyor.<\/p>\n<p style=\"text-align: justify;\">Ba\u015fbakan Erdo\u011fan\u2019\u0131n \u00e7ocukluk arkada\u015f\u0131 olan <strong>Mehmet G\u00fcr<\/strong>\u2019\u00fcn sahibi oldu\u011fu <strong>MM Proje \u0130n\u015faat \u015eirketi<\/strong>, anla\u015fma uyar\u0131nca yap\u0131lan villalardan 6\u2019s\u0131n\u0131 \u0130lter ve T\u00fcnger\u2019e verdi, geriye 5 villa kald\u0131. Bu 5 villayla ilgili geli\u015fmeler ise resmi kay\u0131tlara \u015f\u00f6yle yans\u0131d\u0131:<\/p>\n<p style=\"text-align: justify;\">Ba\u015fbakan Erdo\u011fan\u2019\u0131n o\u011fullar\u0131 Ahmet Burak Erdo\u011fan ve Necmeddin Bilal Erdo\u011fan, 25 A\u011fustos 2006 tarihinde \u201c1 milyon\u201d TL \u00f6deyerek villalardan birinin sahibi oldu. Villan\u0131n tapusuna g\u00f6re, \u201c<strong>bah\u00e7eli k\u00e2gir ev ve arsa<\/strong>\u201d niteli\u011findeki ta\u015f\u0131nmaz, <strong>Tayyibe Emine \u0130lter<\/strong> ve <strong>Meryem \u00c7i\u00e7ek T\u00fcnger<\/strong> ad\u0131na kay\u0131tl\u0131 iken Erdo\u011fan karde\u015flere tescil edildi. Villan\u0131n sahipleri tapuya \u201c<strong>Ahmet Burak Erdo\u011fan 1\/2, Necmeddin Bilal Erdo\u011fan 1\/2<\/strong>\u201d yar\u0131 yar\u0131ya ortak olarak i\u015flendi.<\/p>\n<p style=\"text-align: justify;\">Ba\u015fbakan Tayyip Erdo\u011fan ticari ya\u015fam\u0131ndan ele\u015ftiriler nedeniyle kendi deyimiyle \u201c<strong>adeta lanet olsun<\/strong>\u201d diyerek vazge\u00e7mi\u015fti. Erdo\u011fan\u2019\u0131n sahibi oldu\u011fu ve hisselerini devretmek zorunda kald\u0131\u011f\u0131 d\u00f6rt \u015firkette de vazge\u00e7emedi\u011fi ortaklar\u0131 aras\u0131nda <strong>k\u0131z karde\u015fi Vesile Erdo\u011fan<\/strong>\u2019\u0131n e\u015fi <strong>Ziya \u0130lgen<\/strong> de yer al\u0131yordu. \u0130lgen de \u201c<strong>kay\u0131nbiraderi<\/strong>\u201d Ba\u015fbakan ile birlikte \u015firket hisselerini devretmi\u015fti.<\/p>\n<p style=\"text-align: justify;\">Ba\u015fbakan\u2019\u0131n o\u011fullar\u0131n\u0131n K\u0131s\u0131kl\u0131\u2019daki villas\u0131na eni\u015fteleri, Erdo\u011fan\u2019\u0131n vazge\u00e7ilmez ticaret orta\u011f\u0131 Ziya \u0130lgen de kom\u015fu olmu\u015ftu. Ba\u015fbakan Erdo\u011fan\u2019\u0131n \u00e7ocuklar\u0131n\u0131n A-1 blokta yer alan villas\u0131n\u0131n yan\u0131ndaki A-3 numaral\u0131 villay\u0131 da Ziya \u0130lgen 25 A\u011fustos 2006 tarihinde sat\u0131n ald\u0131.\u201d<\/p>\n<p style=\"text-align: justify;\"><span style=\"color: #888888;\">Kaynak : <a href=\"http:\/\/www.odatv.com\/n.php?n=ogullari-erdogandan-kira-mi-aliyor-1608101200\" target=\"_blank\">Odatv.com<\/a><\/span><\/p>\n","protected":false},"excerpt":{"rendered":"<\/p>\n<p style=\"text-align: justify;\">Cumhuriyet Gazetesi\u2019nden \u0130lhan Ta\u015f\u00e7\u0131, Ba\u015fbakan Erdo\u011fan&#8217;\u0131n kirac\u0131 oldu\u011funu s\u00f6yledi\u011fi villan\u0131n sahiplerini yazd\u0131. Ta\u015f\u00e7\u0131, villan\u0131n Erdo\u011fan\u2019\u0131n o\u011fullar\u0131 \u00fczerine kay\u0131tl\u0131 oldu\u011funu belirtti. \u0130\u015fte \u0130lhan Ta\u015f\u00e7\u0131\u2019n\u0131n o haberi;<\/p>\n<p style=\"text-align: justify;\">\u201cCHP Genel Ba\u015fkan\u0131 Kemal K\u0131l\u0131\u00e7daro\u011flu\u2019nun g\u00fcndeme getirdi\u011fi Ba\u015fbakan Recep Tayyip Erdo\u011fan ailesinin villalar\u0131 15 bin 20 metrekarelik arazi \u00fczerine in\u015fa edildi. Atat\u00fcrk d\u00f6neminin bakanlar\u0131ndan Yusuf <\/p>\n","protected":false},"author":1,"featured_media":0,"comment_status":"open","ping_status":"closed","sticky":false,"template":"","format":"standard","meta":{"footnotes":""},"categories":[105],"tags":[],"class_list":["post-25067","post","type-post","status-publish","format-standard","hentry","category-gundem","odd"],"_links":{"self":[{"href":"http:\/\/www.korhanyilmaz.com\/index.php?rest_route=\/wp\/v2\/posts\/25067","targetHints":{"allow":["GET"]}}],"collection":[{"href":"http:\/\/www.korhanyilmaz.com\/index.php?rest_route=\/wp\/v2\/posts"}],"about":[{"href":"http:\/\/www.korhanyilmaz.com\/index.php?rest_route=\/wp\/v2\/types\/post"}],"author":[{"embeddable":true,"href":"http:\/\/www.korhanyilmaz.com\/index.php?rest_route=\/wp\/v2\/users\/1"}],"replies":[{"embeddable":true,"href":"http:\/\/www.korhanyilmaz.com\/index.php?rest_route=%2Fwp%2Fv2%2Fcomments&post=25067"}],"version-history":[{"count":0,"href":"http:\/\/www.korhanyilmaz.com\/index.php?rest_route=\/wp\/v2\/posts\/25067\/revisions"}],"wp:attachment":[{"href":"http:\/\/www.korhanyilmaz.com\/index.php?rest_route=%2Fwp%2Fv2%2Fmedia&parent=25067"}],"wp:term":[{"taxonomy":"category","embeddable":true,"href":"http:\/\/www.korhanyilmaz.com\/index.php?rest_route=%2Fwp%2Fv2%2Fcategories&post=25067"},{"taxonomy":"post_tag","embeddable":true,"href":"http:\/\/www.korhanyilmaz.com\/index.php?rest_route=%2Fwp%2Fv2%2Ftags&post=25067"}],"curies":[{"name":"wp","href":"https:\/\/api.w.org\/{rel}","templated":true}]}}