{"id":25055,"date":"2010-08-23T11:53:50","date_gmt":"2010-08-23T08:53:50","guid":{"rendered":"http:\/\/www.korhanyilmaz.com\/?p=25055"},"modified":"2010-08-23T11:53:50","modified_gmt":"2010-08-23T08:53:50","slug":"avcinin-kitabi-toplatildi-spekulasyonu","status":"publish","type":"post","link":"http:\/\/www.korhanyilmaz.com\/?p=25055","title":{"rendered":"Avc\u0131&#8217;n\u0131n kitab\u0131 toplat\u0131ld\u0131 spek\u00fclasyonu"},"content":{"rendered":"<p style=\"text-align: center;\"><a href=\"http:\/\/www.korhanyilmaz.com\/wp-content\/uploads\/2010\/08\/151.jpg\"  class=\"lightview\"><img loading=\"lazy\" decoding=\"async\" class=\"aligncenter size-full wp-image-25056\" src=\"http:\/\/www.korhanyilmaz.com\/wp-content\/uploads\/2010\/08\/151.jpg\" alt=\"\" width=\"412\" height=\"218\" \/><\/a><\/p>\n<p style=\"text-align: justify;\">Eski\u015fehir Emniyet M\u00fcd\u00fcr\u00fc Hanefi Avc\u0131&#8217;n\u0131n yazd\u0131\u011f\u0131, Hali\u00e7&#8217;te Ya\u015fayan Simonlar kitab\u0131n\u0131 almak i\u00e7in D&amp;R&#8217;lara giden vatanda\u015flara, kitab\u0131n mahkeme karar\u0131yla (G\u00fclen&#8217;in avukatlar\u0131n\u0131n ba\u015fvurusu ile) yasakland\u0131\u011f\u0131 ileri s\u00fcr\u00fcl\u00fcyor. Ancak g\u00f6r\u00fc\u015ft\u00fc\u011f\u00fcm\u00fcz yetkililer kitab\u0131n ilk bask\u0131s\u0131n\u0131n an\u0131nda t\u00fckendi\u011fi bilgisini veriyor.<!--more--><\/p>\n<p style=\"text-align: justify;\">\u0130STANBUL &#8211; Eski\u015fehir Emniyet M\u00fcd\u00fcr\u00fc Hanefi Avc\u0131&#8217;n\u0131n kaleme ald\u0131\u011f\u0131 ve piyasaya \u00e7\u0131kt\u0131\u011f\u0131 g\u00fcn i\u00e7indeki iddialar nedeniyle g\u00fcndemi de\u011fi\u015ftiren &#8216;Hali\u00e7&#8217;te Ya\u015fayan Simonlar&#8217; kitab\u0131 toplat\u0131ld\u0131 m\u0131 yoksa yasakland\u0131 m\u0131?<\/p>\n<p style=\"text-align: justify;\">Kitab\u0131n toplumda yaratt\u0131\u011f\u0131 \u015fok dalgas\u0131ndan sonra kitapta anlat\u0131lan bilgilere ula\u015fmak amac\u0131 ile kitab\u0131n sat\u0131ld\u0131\u011f\u0131 D&amp;R&#8217;lara giden vatanda\u015flar kitab\u0131 bulamad\u0131. Kitapta G\u00fclen cemaatine y\u00f6nelik iddialardan dolay\u0131 kitab\u0131n ni\u00e7in bulunmad\u0131\u011f\u0131n\u0131 yetkililere soran okur farkl\u0131 bilgilerle kar\u015f\u0131la\u015ft\u0131. Gazeteport&#8217;u arayan baz\u0131 vatanda\u015flar, kendilerine kitab\u0131n (G\u00fclen cemaati taraf\u0131ndan) mahkeme karar\u0131 ile yasaklat\u0131ld\u0131\u011f\u0131n\u0131 ve sat\u0131\u015fta bulunan kitaplar\u0131n da toplat\u0131ld\u0131\u011f\u0131n\u0131n s\u00f6ylendi\u011fini ileri s\u00fcrd\u00fcler.<\/p>\n<p style=\"text-align: justify;\">Bu iddia kar\u015f\u0131s\u0131nda g\u00f6r\u00fc\u015ft\u00fc\u011f\u00fcm\u00fcz D&amp;R ve da\u011f\u0131t\u0131m \u015firketi yetkilileri ise tam tersi bilgiler verdiler. D&amp;R ve kitab\u0131n da\u011f\u0131t\u0131mc\u0131s\u0131n\u0131n verdi\u011fi bilgiye g\u00f6re &#8220;kitap toplumda yaratt\u0131\u011f\u0131 \u015fok dalgas\u0131ndan sonra bir g\u00fcnde t\u00fckenmi\u015f.&#8221;<\/p>\n<p style=\"text-align: justify;\"><strong>\u0130LK BASKI 1 G\u00dcNDE T\u00dcKEND\u0130<\/strong><\/p>\n<p style=\"text-align: justify;\"><strong><a href=\"http:\/\/www.korhanyilmaz.com\/wp-content\/uploads\/2010\/08\/152.jpg\"  class=\"lightview\"><img loading=\"lazy\" decoding=\"async\" class=\"aligncenter size-full wp-image-25057\" title=\"152\" src=\"http:\/\/www.korhanyilmaz.com\/wp-content\/uploads\/2010\/08\/152.jpg\" alt=\"\" width=\"514\" height=\"264\" \/><\/a><\/strong><\/p>\n<p style=\"text-align: justify;\">D&amp;R merkezinde g\u00f6r\u00fc\u015ft\u00fc\u011f\u00fcm\u00fcz \u00fcst d\u00fczey bir yetkili, &#8216;Hali\u00e7&#8217;te Ya\u015fayan Simonlar&#8217; kitab\u0131 bize Per\u015fembe g\u00fcn\u00fc geldi. Cuma g\u00fcn\u00fc ise t\u00fckendi. Biz de da\u011f\u0131t\u0131mc\u0131s\u0131 olan Arkada\u015f Yay\u0131nc\u0131l\u0131\u011f\u0131 arayarak kitab\u0131n t\u00fckendi\u011fini belirttik. Onlar da ilk bask\u0131s\u0131nda b\u00f6yle bir talep beklemedikleri i\u00e7in ikinci \u00fc\u00e7\u00fcnc\u00fc bask\u0131 yapmad\u0131klar\u0131n\u0131 s\u00f6ylediler. Ancak Sal\u0131 veya \u00c7ar\u015famba yeni bask\u0131lar sat\u0131\u015fta olacak&#8221; dedi.<\/p>\n<p style=\"text-align: justify;\"><strong>2. BASKI YAKLA\u015eIK 100 B\u0130N<\/strong><\/p>\n<p style=\"text-align: justify;\">Ankara&#8217;da bulunan Arkada\u015f Yay\u0131nc\u0131l\u0131k yetkilisi de &#8220;Kitap ola\u011fan\u00fcst\u00fc bir talep g\u00f6rd\u00fc. Sat\u0131\u015fa girdikten 24 saat sonra bitti. Biz de ikinci bask\u0131 sipari\u015fi verdi. Yakla\u015f\u0131k 100 bin sipari\u015f bitmek \u00fczere. Birka\u00e7 matbaaya sipari\u015f verdik. En ge\u00e7 \u00e7ar\u015famba g\u00fcn kitap okurun elinde olacak. \u0130ddialara gelince, kitapla ilgili olarak bize hen\u00fcz ula\u015fm\u0131\u015f bir mahkeme karar\u0131 yok. Kitab\u0131n bas\u0131m\u0131 devam ediyor&#8221; dedi.<\/p>\n<p style=\"text-align: justify;\"><a href=\"http:\/\/www.gazeteport.com.tr\/GUNCEL\/NEWS\/GP_749866\" target=\"_blank\"><span style=\"color: #888888;\">GAZETEPORT<\/span><\/a><\/p>\n","protected":false},"excerpt":{"rendered":"<p style=\"text-align: center;\">\n<p style=\"text-align: justify;\">Eski\u015fehir Emniyet M\u00fcd\u00fcr\u00fc Hanefi Avc\u0131&#8217;n\u0131n yazd\u0131\u011f\u0131, Hali\u00e7&#8217;te Ya\u015fayan Simonlar kitab\u0131n\u0131 almak i\u00e7in D&amp;R&#8217;lara giden vatanda\u015flara, kitab\u0131n mahkeme karar\u0131yla (G\u00fclen&#8217;in avukatlar\u0131n\u0131n ba\u015fvurusu ile) yasakland\u0131\u011f\u0131 ileri s\u00fcr\u00fcl\u00fcyor. Ancak g\u00f6r\u00fc\u015ft\u00fc\u011f\u00fcm\u00fcz yetkililer kitab\u0131n ilk bask\u0131s\u0131n\u0131n an\u0131nda t\u00fckendi\u011fi bilgisini veriyor.<\/p>\n","protected":false},"author":1,"featured_media":0,"comment_status":"open","ping_status":"closed","sticky":false,"template":"","format":"standard","meta":{"footnotes":""},"categories":[105],"tags":[],"class_list":["post-25055","post","type-post","status-publish","format-standard","hentry","category-gundem","odd"],"_links":{"self":[{"href":"http:\/\/www.korhanyilmaz.com\/index.php?rest_route=\/wp\/v2\/posts\/25055","targetHints":{"allow":["GET"]}}],"collection":[{"href":"http:\/\/www.korhanyilmaz.com\/index.php?rest_route=\/wp\/v2\/posts"}],"about":[{"href":"http:\/\/www.korhanyilmaz.com\/index.php?rest_route=\/wp\/v2\/types\/post"}],"author":[{"embeddable":true,"href":"http:\/\/www.korhanyilmaz.com\/index.php?rest_route=\/wp\/v2\/users\/1"}],"replies":[{"embeddable":true,"href":"http:\/\/www.korhanyilmaz.com\/index.php?rest_route=%2Fwp%2Fv2%2Fcomments&post=25055"}],"version-history":[{"count":0,"href":"http:\/\/www.korhanyilmaz.com\/index.php?rest_route=\/wp\/v2\/posts\/25055\/revisions"}],"wp:attachment":[{"href":"http:\/\/www.korhanyilmaz.com\/index.php?rest_route=%2Fwp%2Fv2%2Fmedia&parent=25055"}],"wp:term":[{"taxonomy":"category","embeddable":true,"href":"http:\/\/www.korhanyilmaz.com\/index.php?rest_route=%2Fwp%2Fv2%2Fcategories&post=25055"},{"taxonomy":"post_tag","embeddable":true,"href":"http:\/\/www.korhanyilmaz.com\/index.php?rest_route=%2Fwp%2Fv2%2Ftags&post=25055"}],"curies":[{"name":"wp","href":"https:\/\/api.w.org\/{rel}","templated":true}]}}