{"id":25047,"date":"2010-08-23T14:35:52","date_gmt":"2010-08-23T11:35:52","guid":{"rendered":"http:\/\/www.korhanyilmaz.com\/?p=25047"},"modified":"2010-08-23T14:35:52","modified_gmt":"2010-08-23T11:35:52","slug":"chp-liderinden-der-spiegele-demec","status":"publish","type":"post","link":"http:\/\/www.korhanyilmaz.com\/?p=25047","title":{"rendered":"CHP liderinden Der Spiegel&#8217;e deme\u00e7"},"content":{"rendered":"<p style=\"text-align: center;\"><a href=\"http:\/\/www.korhanyilmaz.com\/wp-content\/uploads\/2010\/08\/148.jpg\"  class=\"lightview\"><img loading=\"lazy\" decoding=\"async\" class=\"aligncenter size-full wp-image-25048\" src=\"http:\/\/www.korhanyilmaz.com\/wp-content\/uploads\/2010\/08\/148.jpg\" alt=\"\" width=\"307\" height=\"236\" \/><\/a><\/p>\n<p style=\"text-align: justify;\">CHP Genel Ba\u015fkan\u0131 Kemal K\u0131l\u0131\u00e7daro\u011flu, Alman&#8221;Der Spiegel&#8221; dergisine verdi\u011fi demecinde, &#8220;Ba\u015fbakan Recep Tayyip Erdo\u011fan&#8217;\u0131n \u00e7\u0131k\u0131\u015flar\u0131n\u0131n T\u00fcrkiye i\u00e7in sorun yaratt\u0131\u011f\u0131n\u0131&#8221; savundu.<\/p>\n<p style=\"text-align: justify;\">K\u0131l\u0131\u00e7daro\u011flu, dergide yay\u0131nlanan demecinde, &#8220;Ba\u015fbakan\u0131m\u0131z\u0131n \u00e7\u0131k\u0131\u015flar\u0131sorun yarat\u0131yor. Biz modern bir \u00fclkeyiz, yasalar\u0131m\u0131z ve etnik prensiplerimiz de bat\u0131l\u0131d\u0131r. H\u00fck\u00fcmet bu miras\u0131 yok etmek \u00fczere. Partnerlerimizi \u00fcrk\u00fct\u00fcyor. H\u00fck\u00fcmet devleti eline ge\u00e7irmeye ba\u015flad\u0131&#8221; \u015feklinde g\u00f6r\u00fc\u015f belirtti. <!--more--><\/p>\n<p style=\"text-align: justify;\">Ba\u015fbakan Erdo\u011fan&#8217;\u0131n T\u00fcrkiye&#8217;yi &#8220;\u0130slamla\u015ft\u0131rmas\u0131ndan&#8221; endi\u015fe duyup duymad\u0131\u011f\u0131 \u015feklindeki bir soruya ise K\u0131l\u0131\u00e7daro\u011flu, &#8220;B\u00f6yle bir \u015feyi d\u00fc\u015f\u00fcnmeden edemiyorum. AK Parti&#8217;nin d\u00fcnya g\u00f6r\u00fc\u015f\u00fcne uymayan insanlara \u00e7ok fazla bask\u0131 yap\u0131l\u0131yor&#8221; kar\u015f\u0131l\u0131\u011f\u0131 verdi.<\/p>\n<p style=\"text-align: justify;\">H\u00fck\u00fcmetin ekonomik alandaki ba\u015far\u0131lar\u0131n\u0131n da bir \u00f6nceki h\u00fck\u00fcmete bor\u00e7lu olundu\u011funu savunan K\u0131l\u0131\u00e7daro\u011flu, devletin \u00f6zelle\u015ftirmeden 30 milyar dolar gelirelde etmesine ra\u011fmen, Cumhuriyet&#8217;in kurulu\u015fundan bu yana T\u00fcrkiye&#8217;de en b\u00fcy\u00fck bor\u00e7lanman\u0131n ya\u015fand\u0131\u011f\u0131n\u0131 s\u00f6yledi.<\/p>\n<p style=\"text-align: justify;\">&#8220;Erdo\u011fan&#8217;\u0131n kabul ettirdi\u011fi s\u0131n\u0131rs\u0131z kapitalizme kar\u015f\u0131y\u0131z&#8221; diyen K\u0131l\u0131\u00e7daro\u011flu, gelir da\u011f\u0131l\u0131m\u0131n\u0131n \u00e7ok dengesiz oldu\u011funu ve \u00fclkedeki ekonomik b\u00fcy\u00fcmeye ra\u011fmen i\u015fsizlerin say\u0131s\u0131n\u0131n azalmad\u0131\u011f\u0131n\u0131, b\u00f6yle bir \u015feyin de T\u00fcrkiye&#8217;de ilk kez g\u00f6r\u00fcld\u00fc\u011f\u00fcn\u00fc \u00f6ne s\u00fcrd\u00fc.<\/p>\n<p style=\"text-align: justify;\">Partisinin Erdo\u011fan&#8217;\u0131 \u00fclkede bir \u015feriat devleti kurmakla ele\u015ftirdi\u011finin hat\u0131rlat\u0131lmas\u0131 \u00fczerine de K\u0131l\u0131\u00e7daro\u011flu, &#8220;Bunu ba\u015faramaz, Cumhuriyetimizin temeli1923 y\u0131l\u0131ndan beri var. Yine de dikkatli olmal\u0131y\u0131z. AK Parti&#8217;nin sosyal politikas\u0131 \u0130slami prensiplere dayan\u0131yor. Bu prensiplere g\u00f6re devlet sosyal yard\u0131myapm\u0131yor. Sadece fakirlere sadaka veriliyor&#8221; \u015feklinde konu\u015ftu.<\/p>\n<p style=\"text-align: justify;\"><strong>&#8220;Sivil darbeler de g\u00f6rmek istemiyoruz&#8221; <\/strong><\/p>\n<p style=\"text-align: justify;\">AB ilerleme raporlar\u0131n\u0131n T\u00fcrkiye&#8217;de ba\u011f\u0131ms\u0131z bir yarg\u0131 olmad\u0131\u011f\u0131na dikkati \u00e7ekti\u011fini ve h\u00fck\u00fcmetin yeni tasar\u0131s\u0131yla g\u00fc\u00e7ler ayr\u0131l\u0131\u011f\u0131n\u0131n fiilen ortadan kald\u0131r\u0131laca\u011f\u0131n\u0131 savunan K\u0131l\u0131\u00e7daro\u011flu, &#8220;Bizler art\u0131k darbeci generaller g\u00f6rmek istemiyoruz. Ancak sivil darbeler de g\u00f6rmek istemiyoruz&#8221; dedi.<\/p>\n<p style=\"text-align: justify;\">T\u00fcrkiye&#8217;deki sosyal demokrasi mesaj\u0131n\u0131 anla\u015f\u0131l\u0131r hale getirmek i\u00e7ingelecek haftalarda Berlin&#8217;e gelece\u011fini ve Sosyal Demokrat Parti (SPD) Genel Ba\u015fkan\u0131 Sigmar Gabriel ile SPD Federal Meclis Grubu Ba\u015fkan\u0131 Frank-Walter Steinmeier ile g\u00f6r\u00fc\u015fece\u011fini kaydeden K\u0131l\u0131\u00e7daro\u011flu, T\u00fcrkiye&#8217;deki milliyet\u00e7ilik anlay\u0131\u015f\u0131n\u0131n Almanya&#8217;dakinden farkl\u0131 oldu\u011funu, kendi milliyet\u00e7ilik anlay\u0131\u015flar\u0131n\u0131n etnik k\u00f6kene dayanmad\u0131\u011f\u0131n\u0131, T\u00fcrk ulusu kimli\u011fine dayand\u0131\u011f\u0131n\u0131 s\u00f6yledi.<\/p>\n<p style=\"text-align: justify;\">Etnik ya da dini kimlik temelinde politika yap\u0131lmas\u0131n\u0131 yanl\u0131\u015f buldu\u011funu,b\u00f6yle bir politikan\u0131n T\u00fcrk tarihinde de \u00e7ok fazla kan akmas\u0131na neden oldu\u011funu belirten K\u0131l\u0131\u00e7daro\u011flu, g\u00fcn\u00fcn birinde ter\u00f6r \u00f6rg\u00fct\u00fc PKK ile de g\u00f6r\u00fc\u015fme masas\u0131naoturup oturamayacaklar\u0131n\u0131n sorulmas\u0131 \u00fczerine de, &#8220;Hay\u0131r, \u00f6z\u00fcr dilerim. Onlar, yap\u0131c\u0131 bir \u00e7\u00f6z\u00fcm\u00fc istemeyen ter\u00f6ristlerdir. Bunu biz biliyoruz ve PKK da biliyor&#8221; \u015feklinde yan\u0131t verdi.<\/p>\n<p style=\"text-align: justify;\"><span style=\"color: #888888;\">CNN T\u00dcRK<\/span><\/p>\n","protected":false},"excerpt":{"rendered":"<p style=\"text-align: center;\">\n<p style=\"text-align: justify;\">CHP Genel Ba\u015fkan\u0131 Kemal K\u0131l\u0131\u00e7daro\u011flu, Alman&#8221;Der Spiegel&#8221; dergisine verdi\u011fi demecinde, &#8220;Ba\u015fbakan Recep Tayyip Erdo\u011fan&#8217;\u0131n \u00e7\u0131k\u0131\u015flar\u0131n\u0131n T\u00fcrkiye i\u00e7in sorun yaratt\u0131\u011f\u0131n\u0131&#8221; savundu.<\/p>\n<p style=\"text-align: justify;\">K\u0131l\u0131\u00e7daro\u011flu, dergide yay\u0131nlanan demecinde, &#8220;Ba\u015fbakan\u0131m\u0131z\u0131n \u00e7\u0131k\u0131\u015flar\u0131sorun yarat\u0131yor. Biz modern bir \u00fclkeyiz, yasalar\u0131m\u0131z ve etnik prensiplerimiz de bat\u0131l\u0131d\u0131r. H\u00fck\u00fcmet bu miras\u0131 yok etmek \u00fczere. Partnerlerimizi \u00fcrk\u00fct\u00fcyor. H\u00fck\u00fcmet devleti eline <\/p>\n","protected":false},"author":1,"featured_media":0,"comment_status":"open","ping_status":"closed","sticky":false,"template":"","format":"standard","meta":{"footnotes":""},"categories":[105],"tags":[],"class_list":["post-25047","post","type-post","status-publish","format-standard","hentry","category-gundem","odd"],"_links":{"self":[{"href":"http:\/\/www.korhanyilmaz.com\/index.php?rest_route=\/wp\/v2\/posts\/25047","targetHints":{"allow":["GET"]}}],"collection":[{"href":"http:\/\/www.korhanyilmaz.com\/index.php?rest_route=\/wp\/v2\/posts"}],"about":[{"href":"http:\/\/www.korhanyilmaz.com\/index.php?rest_route=\/wp\/v2\/types\/post"}],"author":[{"embeddable":true,"href":"http:\/\/www.korhanyilmaz.com\/index.php?rest_route=\/wp\/v2\/users\/1"}],"replies":[{"embeddable":true,"href":"http:\/\/www.korhanyilmaz.com\/index.php?rest_route=%2Fwp%2Fv2%2Fcomments&post=25047"}],"version-history":[{"count":0,"href":"http:\/\/www.korhanyilmaz.com\/index.php?rest_route=\/wp\/v2\/posts\/25047\/revisions"}],"wp:attachment":[{"href":"http:\/\/www.korhanyilmaz.com\/index.php?rest_route=%2Fwp%2Fv2%2Fmedia&parent=25047"}],"wp:term":[{"taxonomy":"category","embeddable":true,"href":"http:\/\/www.korhanyilmaz.com\/index.php?rest_route=%2Fwp%2Fv2%2Fcategories&post=25047"},{"taxonomy":"post_tag","embeddable":true,"href":"http:\/\/www.korhanyilmaz.com\/index.php?rest_route=%2Fwp%2Fv2%2Ftags&post=25047"}],"curies":[{"name":"wp","href":"https:\/\/api.w.org\/{rel}","templated":true}]}}