{"id":25043,"date":"2010-08-22T14:45:42","date_gmt":"2010-08-22T11:45:42","guid":{"rendered":"http:\/\/www.korhanyilmaz.com\/?p=25043"},"modified":"2010-08-22T14:45:42","modified_gmt":"2010-08-22T11:45:42","slug":"akp-ne-zaman-gidecek","status":"publish","type":"post","link":"http:\/\/www.korhanyilmaz.com\/?p=25043","title":{"rendered":"AKP ne zaman gidecek?"},"content":{"rendered":"<div id=\"attachment_25044\" style=\"width: 350px\" class=\"wp-caption aligncenter\"><a title=\"Ba\u015fbakan Yard\u0131mc\u0131s\u0131 B\u00fclent Ar\u0131n\u00e7 ( Ar\u015fiv )\" href=\"http:\/\/www.korhanyilmaz.com\/wp-content\/uploads\/2010\/08\/147.jpg\"  class=\"lightview\"><img loading=\"lazy\" decoding=\"async\" aria-describedby=\"caption-attachment-25044\" class=\"size-full wp-image-25044\" title=\"Ba\u015fbakan Yard\u0131mc\u0131s\u0131 B\u00fclent Ar\u0131n\u00e7 ( Ar\u015fiv )\" src=\"http:\/\/www.korhanyilmaz.com\/wp-content\/uploads\/2010\/08\/147.jpg\" alt=\"\" width=\"340\" height=\"244\" \/><\/a><p id=\"caption-attachment-25044\" class=\"wp-caption-text\">Ba\u015fbakan Yard\u0131mc\u0131s\u0131 B\u00fclent Ar\u0131n\u00e7 ( Ar\u015fiv )<\/p><\/div>\n<p style=\"text-align: justify;\">Ar\u0131n\u00e7&#8217;\u0131n yan\u0131t\u0131 ilgin\u00e7 oldu.<\/p>\n<p style=\"text-align: justify;\">Ba\u015fbakan Yard\u0131mc\u0131s\u0131 B\u00fclent Ar\u0131n\u00e7, gitmeye ne zaman niyet edeceklerini a\u00e7\u0131klad\u0131.<\/p>\n<p style=\"text-align: justify;\">Ba\u015fbakan Yard\u0131mc\u0131s\u0131 Ar\u0131n\u00e7, K\u0131r\u015fehir\u2019de Demokrasi panelinde konu\u015ftu: \u201cBiz y\u00fczde 47 ile geldik. Halk\u0131m\u0131z ancak bizi y\u00fczde 7\u2019ye indirirse \u2018Eyvallah\u2019 der gideriz&#8230;\u201d <!--more--><\/p>\n<p style=\"text-align: justify;\">Ba\u015fbakan Yard\u0131mc\u0131s\u0131 B\u00fclent Ar\u0131n\u00e7, \u201cBu referandumda y\u00fczde 80 \u2018Hay\u0131r\u2019 da \u00e7\u0131ksa bizim gitmeye niyetimiz yok. Biz y\u00fczde 47 ile geldik. Halk\u0131m\u0131z bizi y\u00fczde 7\u2019ye indirirse \u2018Eyvallah\u2019 der \u00e7eker gideriz\u201d dedi.<\/p>\n<p style=\"text-align: justify;\"><strong>Fi\u015fleyenlere bela okudu <\/strong><\/p>\n<p style=\"text-align: justify;\">Ar\u0131n\u00e7, K\u0131r\u015fehir\u2019in Terme Caddesi\u2019ndeki \u015eahmeran \u00c7ay Bah\u00e7esi\u2019nde K\u0131r\u015fehir Ahi \u0130\u015fadamlar\u0131 Derne\u011fi (KAH\u0130AD) taraf\u0131ndan d\u00fczenlenen \u2018\u00dclkemizin Kalk\u0131nmas\u0131nda Demokrasinin Yeri\u2019 konulu konferansta konu\u015ftu. Referandumda ni\u00e7in \u2018Evet\u2019 oyu kullan\u0131lmas\u0131 gerekti\u011fini anlatan B\u00fclent Ar\u0131n\u00e7, anayasa paketindeki maddeleri tek tek de\u011ferlendirdi. Ar\u0131n\u00e7, \u015funlar\u0131 s\u00f6yledi:<\/p>\n<p style=\"text-align: justify;\">\u201cEskiden insanlar evinde hangi kanal\u0131 seyrediyor, hangi gazeteyi okuyor, nereye gidiyor diye onlar\u0131 izleyip fi\u015fliyorlard\u0131. Bunlar\u0131 yapanlar\u0131n hepsinin Allah belas\u0131n\u0131 versin. \u015eimdi, bu anayasa paketiyle bunu yapanlar insanlar\u0131 fi\u015fleyemeyecekler, insanlar\u0131n temel hak ve h\u00fcrriyetlerini, \u00f6zg\u00fcrl\u00fcklerini engelleyemeyecekler. \u015eu anda darbecilerin yapt\u0131\u011f\u0131 anayasayla y\u00f6netiliyoruz. Bu bize yak\u0131\u015f\u0131yor mu? Biz bunu de\u011fi\u015ftirmek istiyoruz. O nedenle halk\u0131m\u0131z\u0131n kar\u015f\u0131s\u0131na Anayasa paketiyle \u00e7\u0131kt\u0131k. Van Cumhuriyet Ba\u015fsavc\u0131s\u0131\u2019n\u0131 Genelkurmay Ba\u015fkan\u0131 hakk\u0131nda soru\u015fturma a\u00e7t\u0131\u011f\u0131 i\u00e7in g\u00f6revden att\u0131lar. Ben Meclis Ba\u015fkan\u0131yken bunu \u00e7a\u011f\u0131rd\u0131m. \u2018Gel m\u00fc\u015favir olarak i\u015fe ba\u015flatay\u0131m\u2019 dedim ama K\u0131r\u015fehirli hem\u015fehriniz ne kadar onurluymu\u015f ki bu g\u00f6revi kabul etmedi.\u201d<\/p>\n<p style=\"text-align: justify;\">Ar\u0131n\u00e7, K\u0131l\u0131\u00e7daro\u011fu\u2019nun Anayasa paketi de\u011fi\u015fikli\u011fi ilgili konu\u015fmas\u0131n\u0131 da ele\u015ftirerek, \u015f\u00f6yle konu\u015ftu:<\/p>\n<p style=\"text-align: justify;\">\u201cK\u0131l\u0131\u00e7daro\u011flu \u2018Anayasa paketinde kay\u0131s\u0131 var m\u0131? F\u0131nd\u0131k var m\u0131?\u2019 diyor. Bu Anayasa paketi sebze hali midir? T\u00fcrkiye 2001 y\u0131l\u0131na kadar \u00e7e\u015fitli krizler ya\u015fad\u0131. Ama 2001 y\u0131l\u0131ndan sonra T\u00fcrkiye AK Parti iktidar\u0131yla bu krizlerden kurtuldu. \u00dclke s\u0131\u00e7rama hamlesi i\u00e7ine girdi. Allah\u2019a \u00e7ok \u015f\u00fck\u00fcr ki kom\u015fular\u0131m\u0131zdan Yunanistan \u00e7al\u0131\u015fanlar\u0131n maa\u015f\u0131n\u0131 \u00f6deyemezken, 1 trilyon dolar bor\u00e7 bata\u011f\u0131ndayken, T\u00fcrkiye ekonomisiyle h\u0131zla b\u00fcy\u00fcyor, D\u00fcnyan\u0131n say\u0131l\u0131 \u00fclkeleri aras\u0131nda giriyor. Bu yap\u0131lanlar\u0131 g\u00f6rmezden gelenler Allah\u2019tan korksun.\u201d<\/p>\n<p style=\"text-align: justify;\">Ba\u015fbakan Erdo\u011fan\u2019\u0131n d\u00fcnyada ender liderlerden oldu\u011funu belirten Ar\u0131n\u00e7, \u015f\u00f6yle devam etti:<\/p>\n<p style=\"text-align: justify;\">\u201cBa\u015fbak\u0131n\u0131m\u0131z\u0131 d\u00fcnya alk\u0131\u015fl\u0131yor. Nobel Bar\u0131\u015f \u00d6d\u00fcl\u00fc\u2019ne aday g\u00f6stermeye \u00e7al\u0131\u015f\u0131yorlar. Ama baz\u0131 kesimler onu su\u00e7luyor. \u2018Bu Ba\u015fbakan imam hatipli\u2019 diye, \u2018E\u015finin ba\u015f\u0131 kapal\u0131 \u2019diye yapmad\u0131klar\u0131n\u0131 b\u0131rakmad\u0131lar. Bug\u00fcn bu Referandumda y\u00fczde 80 \u2018Hay\u0131r\u2019 da \u00e7\u0131ksa bizim gitmeye niyetimiz yok. Biz y\u00fczde 47 ile geldik. Halk\u0131m\u0131z bizi y\u00fczde 7\u2019ye indirirse \u2019Eyvallah\u2019 der \u00e7eker gideriz. Milletimizin cezas\u0131na raz\u0131y\u0131z.\u201d<\/p>\n<p style=\"text-align: justify;\"><a href=\"http:\/\/haber.gazetevatan.com\/akp-ne-zaman-gidecek\/324511\/9\/Siyaset\" target=\"_blank\"><span style=\"color: #888888;\">VATAN<\/span><\/a><\/p>\n","protected":false},"excerpt":{"rendered":"<p id=\"caption-attachment-25044\" class=\"wp-caption-text\">Ba\u015fbakan Yard\u0131mc\u0131s\u0131 B\u00fclent Ar\u0131n\u00e7 ( Ar\u015fiv )<\/p>\n<p style=\"text-align: justify;\">Ar\u0131n\u00e7&#8217;\u0131n yan\u0131t\u0131 ilgin\u00e7 oldu.<\/p>\n<p style=\"text-align: justify;\">Ba\u015fbakan Yard\u0131mc\u0131s\u0131 B\u00fclent Ar\u0131n\u00e7, gitmeye ne zaman niyet edeceklerini a\u00e7\u0131klad\u0131.<\/p>\n<p style=\"text-align: justify;\">Ba\u015fbakan Yard\u0131mc\u0131s\u0131 Ar\u0131n\u00e7, K\u0131r\u015fehir\u2019de Demokrasi panelinde konu\u015ftu: \u201cBiz y\u00fczde 47 ile geldik. Halk\u0131m\u0131z ancak bizi y\u00fczde 7\u2019ye indirirse \u2018Eyvallah\u2019 der gideriz&#8230;\u201d <\/p>\n","protected":false},"author":1,"featured_media":0,"comment_status":"open","ping_status":"closed","sticky":false,"template":"","format":"standard","meta":{"footnotes":""},"categories":[105],"tags":[],"class_list":["post-25043","post","type-post","status-publish","format-standard","hentry","category-gundem","odd"],"_links":{"self":[{"href":"http:\/\/www.korhanyilmaz.com\/index.php?rest_route=\/wp\/v2\/posts\/25043","targetHints":{"allow":["GET"]}}],"collection":[{"href":"http:\/\/www.korhanyilmaz.com\/index.php?rest_route=\/wp\/v2\/posts"}],"about":[{"href":"http:\/\/www.korhanyilmaz.com\/index.php?rest_route=\/wp\/v2\/types\/post"}],"author":[{"embeddable":true,"href":"http:\/\/www.korhanyilmaz.com\/index.php?rest_route=\/wp\/v2\/users\/1"}],"replies":[{"embeddable":true,"href":"http:\/\/www.korhanyilmaz.com\/index.php?rest_route=%2Fwp%2Fv2%2Fcomments&post=25043"}],"version-history":[{"count":0,"href":"http:\/\/www.korhanyilmaz.com\/index.php?rest_route=\/wp\/v2\/posts\/25043\/revisions"}],"wp:attachment":[{"href":"http:\/\/www.korhanyilmaz.com\/index.php?rest_route=%2Fwp%2Fv2%2Fmedia&parent=25043"}],"wp:term":[{"taxonomy":"category","embeddable":true,"href":"http:\/\/www.korhanyilmaz.com\/index.php?rest_route=%2Fwp%2Fv2%2Fcategories&post=25043"},{"taxonomy":"post_tag","embeddable":true,"href":"http:\/\/www.korhanyilmaz.com\/index.php?rest_route=%2Fwp%2Fv2%2Ftags&post=25043"}],"curies":[{"name":"wp","href":"https:\/\/api.w.org\/{rel}","templated":true}]}}