{"id":25039,"date":"2010-08-23T13:38:43","date_gmt":"2010-08-23T10:38:43","guid":{"rendered":"http:\/\/www.korhanyilmaz.com\/?p=25039"},"modified":"2010-08-23T13:38:43","modified_gmt":"2010-08-23T10:38:43","slug":"1-ordu-komutanliginda-devir-teslim-toreni","status":"publish","type":"post","link":"http:\/\/www.korhanyilmaz.com\/?p=25039","title":{"rendered":"1. Ordu Komutanl\u0131\u011f\u0131&#8217;nda devir teslim t\u00f6reni"},"content":{"rendered":"<p style=\"text-align: justify;\"><a href=\"http:\/\/www.korhanyilmaz.com\/wp-content\/uploads\/2010\/08\/146.jpg\"  class=\"lightview\"><img loading=\"lazy\" decoding=\"async\" class=\"aligncenter size-full wp-image-25040\" src=\"http:\/\/www.korhanyilmaz.com\/wp-content\/uploads\/2010\/08\/146.jpg\" alt=\"\" width=\"307\" height=\"236\" \/><\/a><\/p>\n<p style=\"text-align: justify;\">1. Ordu Komutan\u0131 Orgeneral Hasan I\u011fs\u0131z, g\u00f6revini Ege Ordu Komutan\u0131 Orgeneral Hayri K\u0131vr\u0131ko\u011flu&#8217;na devretti.<\/p>\n<p style=\"text-align: justify;\">T\u00f6rene Genelkurmay Ba\u015fkanl\u0131\u011f\u0131&#8217;n\u0131 devralacak Kara Kuvvetleri Komutan\u0131 Orgeneral I\u015f\u0131k Ko\u015faner, \u0130stanbul Valisi H\u00fcseyin Avni Mutlu, \u0130stanbul B\u00fcy\u00fck\u015fehir Belediye Ba\u015fkan\u0131 Kadir Topba\u015f, \u0130stanbul Cumhuriyet Ba\u015fsavc\u0131s\u0131 Aykut Cengiz Engin, \u0130stanbul Emniyet M\u00fcd\u00fcr\u00fc H\u00fcseyin \u00c7apk\u0131n ve \u00e7ok say\u0131da davetli kat\u0131ld\u0131. <!--more--><\/p>\n<p style=\"text-align: justify;\">T\u00f6ren \u00f6ncesi yap\u0131lan bilgilendirmede I\u011fs\u0131z&#8217;\u0131n &#8216;kadrosuzluk&#8217; nedeniyle emekliye sevkedildi\u011fi ifade edildi.<\/p>\n<p style=\"text-align: justify;\"><strong>I\u011fs\u0131z: &#8220;Do\u011fru bildiklerimi s\u00f6yledim&#8221; <\/strong><\/p>\n<p style=\"text-align: justify;\">I\u011fs\u0131z t\u00f6rende yapt\u0131\u011f\u0131 konu\u015fmada, &#8220;Meslek ya\u015fam\u0131m boyunca r\u00fctbe ve makam\u0131n verdi\u011fi g\u00fcc\u00fc, keyfili\u011fe ka\u00e7madan \u00f6l\u00e7\u00fcl\u00fc kullanmaya \u00e7al\u0131\u015ft\u0131m. Personelime her zaman g\u00fcvendim. Onlara de\u011fer verdim. Fikirlerini a\u00e7\u0131k\u00e7a ifade etmeleri i\u00e7in ortam sa\u011flad\u0131m. Bireylerin hak kayb\u0131na u\u011framamas\u0131 i\u00e7in \u00f6zen g\u00f6sterdim&#8221; dedi.<\/p>\n<p style=\"text-align: justify;\">I\u011fs\u0131z, &#8220;Baz\u0131 beklentilerle \u015fu ve bu sebeplerle do\u011frular\u0131mdan, ilkelerimden hi\u00e7bir zamlan vazge\u00e7medim. Bazen komutanlar\u0131m\u0131n sab\u0131r ve ho\u015fg\u00f6r\u00fc s\u0131n\u0131r\u0131n\u0131 zorlasam da do\u011fru bildiklerimi s\u00f6ylemeyi g\u00f6revimin bir par\u00e7as\u0131 sayd\u0131m&#8221; diye konu\u015ftu.<\/p>\n<p style=\"text-align: justify;\">I\u011fs\u0131z konu\u015fmas\u0131n\u0131 \u015f\u00f6yle s\u00fcrd\u00fcrd\u00fc:<\/p>\n<p style=\"text-align: justify;\">&#8220;Sonu\u00e7ta d\u0131\u015far\u0131dan nas\u0131l g\u00f6r\u00fcn\u00fcyor bilmiyorum, ancak ben geriye bakt\u0131\u011f\u0131mda beni tatmin eden gururland\u0131ran, do\u011frular\u0131ma ve ilkelerime ba\u011fl\u0131l\u0131kla kendime sayg\u0131y\u0131 muhafaza edebildi\u011fim bir yar\u0131m as\u0131r g\u00f6r\u00fcyorum. Bu uzun meslek ya\u015fam\u0131m\u0131n en b\u00fcy\u00fck \u00f6d\u00fcl\u00fcmd\u00fcr. \u015eimdi yapmam gerekeni yapm\u0131\u015f olman\u0131n verdi\u011fi huzur duygusuyla \u00e7ok sevdi\u011fim mesle\u011fimi noktalamak \u00fczereyim. Ne b\u00fcy\u00fck rastlant\u0131d\u0131r ki \u00fcniformam\u0131 tam 50 y\u0131l \u00f6nce ilk defa giydi\u011fim Selimiye&#8217;de \u00e7\u0131kar\u0131yorum.&#8221;<\/p>\n<p style=\"text-align: justify;\">I\u011fs\u0131z&#8217;\u0131n veda konu\u015fmas\u0131nda duyguland\u0131\u011f\u0131 g\u00f6r\u00fcld\u00fc. Orgenaral I\u011fs\u0131z, konu\u015fmas\u0131n\u0131n ard\u0131ndan uzun s\u00fcre alk\u0131\u015fland\u0131. I\u011fs\u0131z konu\u015fmalar\u0131n ard\u0131ndan g\u00f6revini K\u0131vr\u0131ko\u011flu&#8217;na devretti.<\/p>\n<p style=\"text-align: justify;\"><strong>K\u0131vr\u0131ko\u011flu: &#8220;Gurur duyuyorum&#8221; <\/strong><\/p>\n<p style=\"text-align: justify;\">Orgeneral Hayri K\u0131vr\u0131ko\u011flu da, 1. Ordu Komutanl\u0131\u011f\u0131 gibi son derece onurlu ve kutsal g\u00f6revin kendisine tevdi edilmesinden dolay\u0131 b\u00fcy\u00fck mutluluk ve gurur duydu\u011funu belirterek, Orgeneral I\u011fs\u0131z&#8217;dan bu \u015ferefli g\u00f6revi teslim alman\u0131n kendisine b\u00fcy\u00fck bir sorumluluk y\u00fckledi\u011fini, \u00e7al\u0131\u015fmalar\u0131nda daima bu sorumlulu\u011fu hat\u0131rlayaca\u011f\u0131n\u0131 s\u00f6yledi.<\/p>\n<p style=\"text-align: justify;\"><span style=\"text-decoration: underline;\">Orgeneral K\u0131vr\u0131ko\u011flu, \u015f\u00f6yle devam etti: <\/span><\/p>\n<p style=\"text-align: justify;\">&#8220;\u015eerefli oldu\u011fu kadar b\u00fcy\u00fck sorumluluk da gerektiren bu g\u00f6revin icras\u0131nda bundan \u00f6nce oldu\u011fu gibi bundan sonra da ba\u015fl\u0131ca hedefimiz Atat\u00fcrk ilke ve devrimlerine g\u00f6n\u00fclden ba\u011fl\u0131, Atat\u00fcrk\u00e7\u00fc d\u00fc\u015f\u00fcnce sistemini ya\u015fam tarz\u0131 haline getirmi\u015f, milli \u00e7\u0131karlar\u0131n\u0131 her t\u00fcrl\u00fc de\u011ferin \u00fcst\u00fcnde tutan bir yakla\u015f\u0131mla, <span style=\"text-decoration: underline;\">T\u00fcrk yurdunun b\u00f6l\u00fcnmez b\u00fct\u00fcnl\u00fc\u011f\u00fcne, Anayasa ile tayin edilmi\u015f laik ve demokratik T\u00fcrkiye Cumhuriyeti&#8217;ne y\u00f6nelik her t\u00fcrl\u00fc d\u0131\u015f ve i\u00e7 tehdidi \u00f6nlemek olacakt\u0131r<\/span>.&#8221;<\/p>\n<p style=\"text-align: justify;\">Orgeneral Hayri K\u0131vr\u0131ko\u011flu, konu\u015fmas\u0131nda, &#8220;Komutanlar de\u011fi\u015fse de T\u00fcrk Silahl\u0131 Kuvvetleri&#8217;nin g\u00f6rev ve sorumluluklar\u0131nda, devletin \u00fcniter, laik ve sosyal hukuk devleti olma niteliklerinin korunmas\u0131ndaki kararl\u0131 duru\u015fumda bir de\u011fi\u015fiklik olmayaca\u011f\u0131n\u0131 \u00f6zellikle vurgulamak istiyorum. \u00c7\u00fcnk\u00fc biz g\u00fcc\u00fcm\u00fcz\u00fc aziz milletimizden ve g\u00f6revimizi yasalardan al\u0131yoruz. Etti\u011fimiz kutsal askerlik yemini gere\u011fi de budur&#8221; ifadelerini kulland\u0131.<\/p>\n<p style=\"text-align: justify;\"><span style=\"color: #888888;\">CNN T\u00dcRK<\/span><\/p>\n","protected":false},"excerpt":{"rendered":"<p style=\"text-align: justify;\">\n<p style=\"text-align: justify;\">1. Ordu Komutan\u0131 Orgeneral Hasan I\u011fs\u0131z, g\u00f6revini Ege Ordu Komutan\u0131 Orgeneral Hayri K\u0131vr\u0131ko\u011flu&#8217;na devretti.<\/p>\n<p style=\"text-align: justify;\">T\u00f6rene Genelkurmay Ba\u015fkanl\u0131\u011f\u0131&#8217;n\u0131 devralacak Kara Kuvvetleri Komutan\u0131 Orgeneral I\u015f\u0131k Ko\u015faner, \u0130stanbul Valisi H\u00fcseyin Avni Mutlu, \u0130stanbul B\u00fcy\u00fck\u015fehir Belediye Ba\u015fkan\u0131 Kadir Topba\u015f, \u0130stanbul Cumhuriyet Ba\u015fsavc\u0131s\u0131 Aykut Cengiz Engin, \u0130stanbul Emniyet M\u00fcd\u00fcr\u00fc H\u00fcseyin \u00c7apk\u0131n ve \u00e7ok <\/p>\n","protected":false},"author":1,"featured_media":0,"comment_status":"open","ping_status":"closed","sticky":false,"template":"","format":"standard","meta":{"footnotes":""},"categories":[105],"tags":[],"class_list":["post-25039","post","type-post","status-publish","format-standard","hentry","category-gundem","odd"],"_links":{"self":[{"href":"http:\/\/www.korhanyilmaz.com\/index.php?rest_route=\/wp\/v2\/posts\/25039","targetHints":{"allow":["GET"]}}],"collection":[{"href":"http:\/\/www.korhanyilmaz.com\/index.php?rest_route=\/wp\/v2\/posts"}],"about":[{"href":"http:\/\/www.korhanyilmaz.com\/index.php?rest_route=\/wp\/v2\/types\/post"}],"author":[{"embeddable":true,"href":"http:\/\/www.korhanyilmaz.com\/index.php?rest_route=\/wp\/v2\/users\/1"}],"replies":[{"embeddable":true,"href":"http:\/\/www.korhanyilmaz.com\/index.php?rest_route=%2Fwp%2Fv2%2Fcomments&post=25039"}],"version-history":[{"count":0,"href":"http:\/\/www.korhanyilmaz.com\/index.php?rest_route=\/wp\/v2\/posts\/25039\/revisions"}],"wp:attachment":[{"href":"http:\/\/www.korhanyilmaz.com\/index.php?rest_route=%2Fwp%2Fv2%2Fmedia&parent=25039"}],"wp:term":[{"taxonomy":"category","embeddable":true,"href":"http:\/\/www.korhanyilmaz.com\/index.php?rest_route=%2Fwp%2Fv2%2Fcategories&post=25039"},{"taxonomy":"post_tag","embeddable":true,"href":"http:\/\/www.korhanyilmaz.com\/index.php?rest_route=%2Fwp%2Fv2%2Ftags&post=25039"}],"curies":[{"name":"wp","href":"https:\/\/api.w.org\/{rel}","templated":true}]}}