{"id":2503,"date":"2009-01-05T19:31:03","date_gmt":"2009-01-05T17:31:03","guid":{"rendered":"http:\/\/www.korhanyilmaz.com\/?p=2503"},"modified":"2009-01-05T19:31:03","modified_gmt":"2009-01-05T17:31:03","slug":"hamasin-ateskes-sarti","status":"publish","type":"post","link":"http:\/\/www.korhanyilmaz.com\/?p=2503","title":{"rendered":"Hamas&#8217;\u0131n ate\u015fkes \u015fart\u0131"},"content":{"rendered":"<p style=\"text-align: center;\"><img loading=\"lazy\" decoding=\"async\" class=\"size-full wp-image-2507 aligncenter\" title=\"Hamas'\u0131n Ate\u015fkes \u015eart\u0131\" src=\"http:\/\/www.korhanyilmaz.com\/wp-content\/uploads\/2009\/01\/df1b8ab3be9f01419fa5d3d1x.jpg\" alt=\"Hamas'\u0131n Ate\u015fkes \u015eart\u0131\" width=\"380\" height=\"200\" \/><\/p>\n<p style=\"text-align: justify;\">Hamas liderlerinden Musa Ebu Marzuk, Hamas&#8217;\u0131n ate\u015fkes i\u00e7in uluslararas\u0131 inisiyatiflere a\u00e7\u0131k oldu\u011funu, ancak bu y\u00f6ndeki \u00f6nerilerin \u0130srail&#8217;in \u00e7ekilece\u011fi ve ku\u015fatmay\u0131 kald\u0131raca\u011f\u0131 konular\u0131nda garanti sa\u011flamas\u0131 gerekti\u011fini s\u00f6yledi.<\/p>\n<p style=\"text-align: justify;\">Suriye&#8217;deki Hamas yetkililerinden Ebu Marzuk, Reuters ajans\u0131na verdi\u011fi deme\u00e7te, &#8220;Gazze&#8217;deki sald\u0131rganl\u0131\u011f\u0131n sona erdirilmesini, s\u0131n\u0131r ge\u00e7i\u015flerinin a\u00e7\u0131lmas\u0131n\u0131 ve \u0130srail&#8217;in Gazze \u015eeridi&#8217;nden \u00e7ekilmesini temel almayan giri\u015fimlerin ba\u015far\u0131 \u015fans\u0131 olmayaca\u011f\u0131n\u0131&#8221; ifade etti.<!--more--><\/p>\n<p style=\"text-align: justify;\">Ebu Marzuk, \u0130srail&#8217;le ge\u00e7en ay s\u00fcresi dolan ate\u015fkesi uzatmama sebeplerinden biri olan abluka konusunda, bu durum de\u011fi\u015fmedik\u00e7e \u0130srail i\u00e7in sava\u015f\u0131n s\u00fcrebilece\u011fi uyar\u0131s\u0131nda bulundu.<\/p>\n<p style=\"text-align: justify;\">Musa Ebu Marzuk, ayr\u0131ca ate\u015fkes giri\u015fimleriyle ilgili olarak Kahire&#8217;ye bir heyet g\u00f6ndermeye karar verdiklerini s\u00f6yledi. M\u0131s\u0131r&#8217;\u0131n Hamas&#8217;\u0131n Gazze&#8217;deki varl\u0131\u011f\u0131yla ilgili memnuniyetsiz oldu\u011funu, masada da tam bir \u00f6neri olmad\u0131\u011f\u0131n\u0131 belirten Marzuk, acil bir ate\u015fkes i\u00e7in u\u011fra\u015ft\u0131klar\u0131n\u0131 kaydetti.<\/p>\n<p style=\"text-align: justify;\">Hamas lideri Ebu Marzuk, \u0130srail&#8217;in son 10 g\u00fcnde 530&#8217;dan fazla Filistinliyi \u00f6ld\u00fcrd\u00fc\u011f\u00fc sald\u0131r\u0131lar nedeniyle Hamas&#8217;\u0131n Suriye ve \u0130ran d\u0131\u015f\u0131ndaki uluslararas\u0131 alanda sempati kazand\u0131\u011f\u0131n\u0131 kaydetti.<\/p>\n<p style=\"text-align: justify;\"><span style=\"color: #c0c0c0;\">Kaynak : Sabah Gazetesi<\/span><\/p>\n","protected":false},"excerpt":{"rendered":"<p style=\"text-align: center;\">\n<p style=\"text-align: justify;\">Hamas liderlerinden Musa Ebu Marzuk, Hamas&#8217;\u0131n ate\u015fkes i\u00e7in uluslararas\u0131 inisiyatiflere a\u00e7\u0131k oldu\u011funu, ancak bu y\u00f6ndeki \u00f6nerilerin \u0130srail&#8217;in \u00e7ekilece\u011fi ve ku\u015fatmay\u0131 kald\u0131raca\u011f\u0131 konular\u0131nda garanti sa\u011flamas\u0131 gerekti\u011fini s\u00f6yledi.<\/p>\n<p style=\"text-align: justify;\">Suriye&#8217;deki Hamas yetkililerinden Ebu Marzuk, Reuters ajans\u0131na verdi\u011fi deme\u00e7te, &#8220;Gazze&#8217;deki sald\u0131rganl\u0131\u011f\u0131n sona erdirilmesini, s\u0131n\u0131r ge\u00e7i\u015flerinin a\u00e7\u0131lmas\u0131n\u0131 ve \u0130srail&#8217;in Gazze \u015eeridi&#8217;nden \u00e7ekilmesini temel <\/p>\n","protected":false},"author":1,"featured_media":0,"comment_status":"open","ping_status":"open","sticky":false,"template":"","format":"standard","meta":{"footnotes":""},"categories":[3],"tags":[],"class_list":["post-2503","post","type-post","status-publish","format-standard","hentry","category-dunya","odd"],"_links":{"self":[{"href":"http:\/\/www.korhanyilmaz.com\/index.php?rest_route=\/wp\/v2\/posts\/2503","targetHints":{"allow":["GET"]}}],"collection":[{"href":"http:\/\/www.korhanyilmaz.com\/index.php?rest_route=\/wp\/v2\/posts"}],"about":[{"href":"http:\/\/www.korhanyilmaz.com\/index.php?rest_route=\/wp\/v2\/types\/post"}],"author":[{"embeddable":true,"href":"http:\/\/www.korhanyilmaz.com\/index.php?rest_route=\/wp\/v2\/users\/1"}],"replies":[{"embeddable":true,"href":"http:\/\/www.korhanyilmaz.com\/index.php?rest_route=%2Fwp%2Fv2%2Fcomments&post=2503"}],"version-history":[{"count":0,"href":"http:\/\/www.korhanyilmaz.com\/index.php?rest_route=\/wp\/v2\/posts\/2503\/revisions"}],"wp:attachment":[{"href":"http:\/\/www.korhanyilmaz.com\/index.php?rest_route=%2Fwp%2Fv2%2Fmedia&parent=2503"}],"wp:term":[{"taxonomy":"category","embeddable":true,"href":"http:\/\/www.korhanyilmaz.com\/index.php?rest_route=%2Fwp%2Fv2%2Fcategories&post=2503"},{"taxonomy":"post_tag","embeddable":true,"href":"http:\/\/www.korhanyilmaz.com\/index.php?rest_route=%2Fwp%2Fv2%2Ftags&post=2503"}],"curies":[{"name":"wp","href":"https:\/\/api.w.org\/{rel}","templated":true}]}}