{"id":25029,"date":"2010-08-23T10:45:18","date_gmt":"2010-08-23T07:45:18","guid":{"rendered":"http:\/\/www.korhanyilmaz.com\/?p=25029"},"modified":"2010-08-23T10:45:18","modified_gmt":"2010-08-23T07:45:18","slug":"elbette-diyalog-olacak","status":"publish","type":"post","link":"http:\/\/www.korhanyilmaz.com\/?p=25029","title":{"rendered":"Elbette diyalog olacak"},"content":{"rendered":"<div id=\"attachment_25030\" style=\"width: 279px\" class=\"wp-caption aligncenter\"><a href=\"http:\/\/www.korhanyilmaz.com\/wp-content\/uploads\/2010\/08\/143.jpg\"  class=\"lightview\"><img loading=\"lazy\" decoding=\"async\" aria-describedby=\"caption-attachment-25030\" class=\"size-full wp-image-25030 \" title=\"Siyaset Bilimci Do\u00e7. Dr. Yal\u00e7\u0131n Akdo\u011fan\" src=\"http:\/\/www.korhanyilmaz.com\/wp-content\/uploads\/2010\/08\/143.jpg\" alt=\"\" width=\"269\" height=\"247\" \/><\/a><p id=\"caption-attachment-25030\" class=\"wp-caption-text\">Siyaset Bilimci Do\u00e7. Dr. Yal\u00e7\u0131n Akdo\u011fan<\/p><\/div>\n<p style=\"text-align: justify;\">H\u00fck\u00fcmet ve ter\u00f6r \u00f6rg\u00fct\u00fc aras\u0131ndaki &#8216;i\u015fbirli\u011fi&#8217; iddialar\u0131na bir tepki de Ba\u015fbakan Erdo\u011fan&#8217;\u0131n dan\u0131\u015fman\u0131  Yal\u00e7\u0131n Akdo\u011fan&#8217;dan geldi.<\/p>\n<p style=\"text-align: justify;\"><span style=\"text-decoration: underline;\">H\u00fck\u00fcmetin, PKK gibi bir ter\u00f6r \u00f6rg\u00fct\u00fc ile m\u00fczakere etmesi s\u00f6z konusu de\u011fildir. Elbette devletin kurulu\u015flar\u0131n\u0131n cezaevinde kalan bir mahkumla ister istemez diyalo\u011fu olacakt\u0131r. <\/span><!--more--><\/p>\n<p style=\"text-align: justify;\">Ba\u015fbakan Recep Tayyip Erdo\u011fan&#8217;\u0131n dan\u0131\u015fmanlar\u0131ndan Siyaset Bilimci Do\u00e7. Dr. Yal\u00e7\u0131n Akdo\u011fan, &#8216;H\u00fck\u00fcmetin, PKK gibi bir \u00f6rg\u00fctle pazarl\u0131k veya m\u00fczakere etmesi s\u00f6z konusu de\u011fildir. Elbette devletin ilgili kurulu\u015flar\u0131n\u0131n devletin cezaevinde kalan bir mahkumla (Abdullah \u00d6calan) ister istemez bir diyalo\u011fu olacakt\u0131r. Bu diyalo\u011fu pazarl\u0131k veya m\u00fczakere olarak yorumlamak son derece yanl\u0131\u015ft\u0131r&#8217; dedi.<\/p>\n<p style=\"text-align: justify;\"><strong>TEK TARAFLI EYLEMS\u0130ZL\u0130K KARARI<\/strong><\/p>\n<p style=\"text-align: justify;\">MHP lideri Devlet Bah\u00e7eli, ter\u00f6r \u00f6rg\u00fct\u00fcn\u00fcn, 31 May\u0131s&#8217;tan itibaren ald\u0131\u011f\u0131 &#8216;eylemsizlik&#8217; karar\u0131n\u0131n alt\u0131nda, h\u00fck\u00fcmetle PKK aras\u0131ndaki i\u015fbirli\u011finin yatt\u0131\u011f\u0131n\u0131 \u00f6ne s\u00fcrm\u00fc\u015ft\u00fc. \u0130ddialara \u00e7ok sert \u00e7\u0131kan Ba\u015fbakan Erdo\u011fan ise &#8216;Al\u00e7ak\u00e7a iftirada bulunanlar, hesab\u0131n\u0131 her yerde verecekler&#8217; kar\u015f\u0131l\u0131\u011f\u0131n\u0131 vermi\u015fti. Akdo\u011fan, Star gazetesinin &#8216;A\u00e7\u0131k G\u00f6r\u00fc\u015f&#8217; ekinde h\u00fck\u00fcmetin PKK ile anla\u015ft\u0131\u011f\u0131 \u015feklindeki iddialarla ilgili yapt\u0131\u011f\u0131 yorumlar da tart\u0131\u015fmaya farkl\u0131 bir boyut getirdi. &#8216;Eylemsizlik karar\u0131 pazarl\u0131kla al\u0131nm\u0131\u015f de\u011fil&#8217; ba\u015fl\u0131kl\u0131 bir yaz\u0131 kaleme alan Akdo\u011fan, PKK&#8217;n\u0131n tek tarafl\u0131 eylemsizlik karar\u0131 ald\u0131\u011f\u0131n\u0131 belirterek, devletin ve h\u00fck\u00fcmetin operasyon yapmama, g\u00fcvenlik hassasiyetlerini dondurmas\u0131 gibi bir durumun s\u00f6z konusu olmad\u0131\u011f\u0131na vurgu yapt\u0131.<\/p>\n<p style=\"text-align: justify;\"><strong>AMA\u00c7 S\u00dcREC\u0130 \u015eEK\u0130LLEND\u0130RMEK<\/strong><\/p>\n<p style=\"text-align: justify;\">Akdo\u011fan, \u015fu g\u00f6r\u00fc\u015fleri dile getirdi: &#8216;H\u00fck\u00fcmetin PKK gibi bir \u00f6rg\u00fctle pazarl\u0131k veya m\u00fczakere etmesi s\u00f6z konusu de\u011fildir. <strong>Elbette devletin ilgili kurulu\u015flar\u0131n\u0131n devletin cezaevinde kalan bir mahkumla (Abdullah \u00d6calan) ister istemez bir diyalo\u011fu olacakt\u0131r.<\/strong> Bu diyalo\u011fu pazarl\u0131k veya m\u00fczakere olarak yorumlamak son derece yanl\u0131\u015ft\u0131r. Nitekim \u00d6calan&#8217;\u0131n 12 Eyl\u00fcl&#8217;e kadar izleyip bakaca\u011f\u0131m, sonra daha b\u00fcy\u00fck bir sava\u015f ba\u015flayabilir&#8217; mealinde s\u00f6zler sarf etmesi, tek tarafl\u0131 bir durum oldu\u011funu, bir anla\u015fma olmad\u0131\u011f\u0131n\u0131 ortaya koyuyor. \u00d6calan yeni bir kart a\u00e7arak s\u00fcreci \u015fekillendirmeye \u00e7al\u0131\u015fmaktad\u0131r.&#8217;<\/p>\n<p style=\"text-align: justify;\"><strong>H\u00dcK\u00dcMET ALEYH\u0130NE KULLANILIYOR<\/strong><\/p>\n<p style=\"text-align: justify;\">&#8216;PKK eleba\u015f\u0131 Murat Karay\u0131lan&#8217;\u0131n &#8216;Devlet ile anla\u015ft\u0131k&#8217; demesi, Abdullah \u00d6calan ile devlet aras\u0131nda bir m\u00fczakere ve uzla\u015fma oldu\u011fu \u015feklinde yorumland\u0131&#8217; diyen Akdo\u011fan, Karay\u0131lan&#8217;\u0131n s\u00f6zlerinden al\u0131nt\u0131lar da yapt\u0131. PKK&#8217;n\u0131n eylemlerini durdurmas\u0131n\u0131n ve anla\u015fma yap\u0131ld\u0131\u011f\u0131 g\u00f6r\u00fcnt\u00fcs\u00fc vermesinin, anayasa de\u011fi\u015fikli\u011fine kar\u015f\u0131 olan \u00e7evrelerce h\u00fck\u00fcmetin aleyhinde kullan\u0131lmaya ba\u015fland\u0131\u011f\u0131n\u0131 belirten Akdo\u011fan, bu t\u00fcr bir s\u00f6ylemle Bat\u0131l\u0131 se\u00e7menlerin kanaatlerinin de\u011fi\u015ftirilmek istendi\u011fine i\u015faret etti.<\/p>\n<p style=\"text-align: justify;\"><strong>YAL\u00c7IN AKDO\u011eAN&#8217;DAN &#8216;EYLEMS\u0130ZL\u0130K&#8217; YORUMU: PKK A\u00c7ISINDAN GEREKL\u0130 B\u0130R ADIMDI<\/strong><\/p>\n<p style=\"text-align: justify;\">Yal\u00e7IN Akdo\u011fan, s\u00f6z konusu yaz\u0131s\u0131nda \u00f6zetle \u015fu g\u00f6r\u00fc\u015fleri dile getirdi:<\/p>\n<p style=\"text-align: justify;\">&#8211; PKK&#8217;n\u0131n eylemleri ba\u015fta K\u00fcrtler olmak \u00fczere t\u00fcm toplum kesimlerinin ciddi \u015fekilde tepkisini \u00e7ekmi\u015ftir. Referandum s\u00fcrecinde ter\u00f6r\u00fcn t\u0131rmanmas\u0131 gizli g\u00fc\u00e7lerin emrinde olan ta\u015feron bir \u00f6rg\u00fct g\u00f6r\u00fcnt\u00fcs\u00fc vermekteydi. K\u00fcrtlerin \u00f6nemli bir k\u0131sm\u0131n\u0131n anayasa de\u011fi\u015fikli\u011finden yana oldu\u011fu bir ortamda ter\u00f6r \u00f6rg\u00fct\u00fcn\u00fcn yol keserek &#8216;hay\u0131r&#8217; propagandas\u0131 yapmas\u0131 veya \u00e7\u00f6z\u00fcm \u00e7abalar\u0131na kar\u015f\u0131 olan &#8216;hay\u0131r&#8217;c\u0131 stat\u00fcko ittifak\u0131yla birlikte hareket etmesi, b\u00f6lgede b\u00fcy\u00fck tepki \u00e7ekiyordu. Bu y\u00fczden PKK&#8217;n\u0131n eylemsizlik karar\u0131 almas\u0131 kendi a\u00e7\u0131s\u0131ndan da gerekli bir ad\u0131md\u0131.<\/p>\n<p style=\"text-align: justify;\"><strong>HALK TEPK\u0130S\u0130 ETK\u0130L\u0130<\/strong><\/p>\n<p style=\"text-align: justify;\">&#8211; Ter\u00f6r\u00fcn durmas\u0131ndan, insanlar\u0131n \u00f6lm\u00fcyor olmas\u0131ndan rahats\u0131zl\u0131k duymak nas\u0131l bir insanl\u0131kt\u0131r? Bu s\u00fcre\u00e7te elbette PKK insani duyarl\u0131l\u0131kla de\u011fil, \u00f6rg\u00fct\u00fcn menfaati i\u00e7in b\u00f6yle bir ad\u0131m atm\u0131\u015ft\u0131r. Ancak bu karar\u0131 ve durumu ele\u015ftiri konusu yapmak, \u00f6l\u00fcmlerden rahats\u0131z olan insanlar\u0131n yapaca\u011f\u0131 i\u015f de\u011fildir. \u00d6rg\u00fct kendisi a\u00e7\u0131s\u0131ndan do\u011fru olan\u0131 yapm\u0131\u015ft\u0131r. \u015eu anda ya\u015fanan ter\u00f6r\u00fcn art\u0131k tasvip edilmeyen bir y\u00f6ntem olarak kabul edilmeye ba\u015flanmas\u0131d\u0131r. Halk\u0131n tepkisi \u00f6rg\u00fcte geri ad\u0131m att\u0131rm\u0131\u015ft\u0131r.<\/p>\n<p style=\"text-align: justify;\"><strong>Beklentinin varl\u0131\u011f\u0131 mutabakat\u0131 yalanl\u0131yor<\/strong><\/p>\n<p style=\"text-align: justify;\">&#8211; PKK ve BDP halen h\u00fck\u00fcmetten beklenti i\u00e7erisindedir. Beklentinin varl\u0131\u011f\u0131 mutabakat\u0131n olmad\u0131\u011f\u0131n\u0131 g\u00f6sterir. Selahattin Demirba\u015f&#8217;ta b\u00f6yle bir uzla\u015fman\u0131n olmad\u0131\u011f\u0131n\u0131 ifade etmi\u015ftir. Neticede AK Parti&#8217;nin BDP&#8217;nin talep ve beklentilerini de\u011ferlendirmeye almas\u0131, siyaseten m\u00fcmk\u00fcnd\u00fcr ve do\u011fal olan\u0131d\u0131r. Partilerin birbirlerinin politik \u00e7\u0131k\u0131\u015flar\u0131n\u0131 ciddiye almas\u0131, devletin veya h\u00fck\u00fcmetin bir \u00f6rg\u00fctle anla\u015fma ve m\u00fczakere yapt\u0131\u011f\u0131 anlam\u0131na gelmez. Al\u0131nan eylemsizlik karar\u0131 PKK&#8217;n\u0131n veya BDP&#8217;nin iradesiyle ortaya \u00e7\u0131kmam\u0131\u015ft\u0131r. Burada kilit rol oynayan \u00d6calan&#8217;\u0131n kendisidir. \u00d6calan eylem yapan ve eylemlerini t\u0131rmand\u0131rmak isteyen \u00f6rg\u00fct\u00fcn hesaplar\u0131na ra\u011fmen yanl\u0131\u015f gidi\u015fat\u0131 g\u00f6rm\u00fc\u015f ve s\u00fcrece m\u00fcdahale etmi\u015ftir. Bunda hem toplumsal bask\u0131 hem de \u00f6rg\u00fct\u00fcn kullan\u0131ld\u0131\u011f\u0131 g\u00f6r\u00fcnt\u00fcs\u00fcn\u00fcn a\u011f\u0131rl\u0131k kazanmas\u0131 rol oynam\u0131\u015ft\u0131r.<\/p>\n<p style=\"text-align: justify;\"><strong>\u0130mral\u0131, geli\u015fmeleri Kandil ve BDP&#8217;den iyi okuyor<\/strong><\/p>\n<p style=\"text-align: justify;\">&#8211; Esasen \u00d6calan&#8217;\u0131n son d\u00f6nemde \u00fc\u00e7 olumlu ad\u0131m att\u0131\u011f\u0131n\u0131 g\u00f6r\u00fcyoruz. Birincisi PKK&#8217;ya eylemsizlik tavsiyesinde bulunmas\u0131d\u0131r. \u0130kincisi boykot karar\u0131yla b\u00f6lgede gerilimi t\u0131rmand\u0131ran BDP&#8217;ye kar\u015f\u0131, halk\u0131n serbest b\u0131rak\u0131lmas\u0131 y\u00f6n\u00fcnde tavsiyede bulunmas\u0131d\u0131r. \u00dc\u00e7\u00fcnc\u00fcs\u00fc ise Demokratik Toplum Kongresi&#8217;nin ba\u015fkanl\u0131\u011f\u0131na Ahmet T\u00fcrk&#8217;\u00fc \u00f6nermesidir. \u00d6calan&#8217;\u0131n tavsiyeleri her zaman &#8217;emir&#8217; \u015feklinde alg\u0131lanarak hayata ge\u00e7memektedir. \u00d6calan da bunu bildi\u011fi i\u00e7in &#8216;Cezaevinden \u00f6rg\u00fct\u00fc y\u00f6netiyor&#8217; iddialar\u0131n\u0131n do\u011fru olmad\u0131\u011f\u0131n\u0131 her f\u0131rsatta vurguluyor. Bir ki\u015fi ter\u00f6rist de mahkum da olabilir, ama \u00f6l\u00fcmlerin durmas\u0131 i\u00e7in do\u011fru bir tavsiyede bulunabilir, bunu ba\u015fka siyasi hesaplar i\u00e7in yap\u0131yor da olabilir. Bu bir ki\u015fiye g\u00fc\u00e7 atfetme muhatap haline getirme s\u00fcrece sokma gibi yorumlanmamal\u0131d\u0131r. Bir kez daha g\u00f6r\u00fclm\u00fc\u015ft\u00fcr ki \u00d6calan geli\u015fmeleri BDP ve Kandil&#8217;den daha iyi okumaktad\u0131r.<\/p>\n<p style=\"text-align: justify;\"><span style=\"color: #888888;\">Kaynak : B\u00fclent \u015eANLIKAN \/ \u0130STANBUL <a href=\"http:\/\/www.aksam.com.tr\/2010\/08\/23\/haber\/guncel\/15216\/elbette_diyalog_olacak.html\" target=\"_blank\">( AK\u015eAM )<\/a><\/span><\/p>\n","protected":false},"excerpt":{"rendered":"<p id=\"caption-attachment-25030\" class=\"wp-caption-text\">Siyaset Bilimci Do\u00e7. Dr. Yal\u00e7\u0131n Akdo\u011fan<\/p>\n<p style=\"text-align: justify;\">H\u00fck\u00fcmet ve ter\u00f6r \u00f6rg\u00fct\u00fc aras\u0131ndaki &#8216;i\u015fbirli\u011fi&#8217; iddialar\u0131na bir tepki de Ba\u015fbakan Erdo\u011fan&#8217;\u0131n dan\u0131\u015fman\u0131 Yal\u00e7\u0131n Akdo\u011fan&#8217;dan geldi.<\/p>\n<p style=\"text-align: justify;\">H\u00fck\u00fcmetin, PKK gibi bir ter\u00f6r \u00f6rg\u00fct\u00fc ile m\u00fczakere etmesi s\u00f6z konusu de\u011fildir. Elbette devletin kurulu\u015flar\u0131n\u0131n cezaevinde kalan bir mahkumla ister istemez diyalo\u011fu olacakt\u0131r. <\/p>\n","protected":false},"author":1,"featured_media":0,"comment_status":"open","ping_status":"closed","sticky":false,"template":"","format":"standard","meta":{"footnotes":""},"categories":[105],"tags":[],"class_list":["post-25029","post","type-post","status-publish","format-standard","hentry","category-gundem","odd"],"_links":{"self":[{"href":"http:\/\/www.korhanyilmaz.com\/index.php?rest_route=\/wp\/v2\/posts\/25029","targetHints":{"allow":["GET"]}}],"collection":[{"href":"http:\/\/www.korhanyilmaz.com\/index.php?rest_route=\/wp\/v2\/posts"}],"about":[{"href":"http:\/\/www.korhanyilmaz.com\/index.php?rest_route=\/wp\/v2\/types\/post"}],"author":[{"embeddable":true,"href":"http:\/\/www.korhanyilmaz.com\/index.php?rest_route=\/wp\/v2\/users\/1"}],"replies":[{"embeddable":true,"href":"http:\/\/www.korhanyilmaz.com\/index.php?rest_route=%2Fwp%2Fv2%2Fcomments&post=25029"}],"version-history":[{"count":0,"href":"http:\/\/www.korhanyilmaz.com\/index.php?rest_route=\/wp\/v2\/posts\/25029\/revisions"}],"wp:attachment":[{"href":"http:\/\/www.korhanyilmaz.com\/index.php?rest_route=%2Fwp%2Fv2%2Fmedia&parent=25029"}],"wp:term":[{"taxonomy":"category","embeddable":true,"href":"http:\/\/www.korhanyilmaz.com\/index.php?rest_route=%2Fwp%2Fv2%2Fcategories&post=25029"},{"taxonomy":"post_tag","embeddable":true,"href":"http:\/\/www.korhanyilmaz.com\/index.php?rest_route=%2Fwp%2Fv2%2Ftags&post=25029"}],"curies":[{"name":"wp","href":"https:\/\/api.w.org\/{rel}","templated":true}]}}