{"id":25022,"date":"2010-08-23T12:50:04","date_gmt":"2010-08-23T09:50:04","guid":{"rendered":"http:\/\/www.korhanyilmaz.com\/?p=25022"},"modified":"2010-08-23T12:50:04","modified_gmt":"2010-08-23T09:50:04","slug":"bdpden-boykotu-kaldirmak-icin-3-sart","status":"publish","type":"post","link":"http:\/\/www.korhanyilmaz.com\/?p=25022","title":{"rendered":"BDP&#8217;den boykotu kald\u0131rmak i\u00e7in 3 \u015fart!"},"content":{"rendered":"<p style=\"text-align: center;\"><a href=\"http:\/\/www.korhanyilmaz.com\/wp-content\/uploads\/2010\/08\/141.jpeg\"  class=\"lightview\"><img loading=\"lazy\" decoding=\"async\" class=\"size-full wp-image-25023 aligncenter\" src=\"http:\/\/www.korhanyilmaz.com\/wp-content\/uploads\/2010\/08\/141.jpeg\" alt=\"\" width=\"324\" height=\"216\" \/><\/a><\/p>\n<p style=\"text-align: justify;\">BDP Genel Ba\u015fkan\u0131 Selahattin Demirta\u015f, 12 Eyl\u00fcl&#8217;de yap\u0131lacak referandumla ilgili ald\u0131\u011f\u0131 boykot karar\u0131nda \u0131srarc\u0131 oldu\u011funu bildirirken, \u201cBu karardan d\u00f6n\u00fc\u015f yoktur. Erdo\u011fan se\u00e7im baraj\u0131n\u0131 y\u00fczde 5&#8217;e indirse, tutuklu arkada\u015flar\u0131m\u0131z\u0131 serbest kal\u0131rsa ve yeni bir Anayasa&#8217;da K\u00fcrt sorunun \u00e7\u00f6zece\u011fini bu meydanda s\u00f6ylerse, bunu sizlerle tart\u0131\u015f\u0131r\u0131z. Bunun d\u0131\u015f\u0131nda asla sand\u0131\u011fa gitmek yok\u201d dedi.<!--more--><\/p>\n<p style=\"text-align: justify;\">NUSAYB\u0130N &#8211; BDP Genel Ba\u015fkan\u0131 Selahattin Demirta\u015f, Mardin&#8217;in Nusaybin \u0130l\u00e7esi\u2019nde d\u00fczenleyece\u011fi miting i\u00e7in il\u00e7eye geli\u015finde y\u00fczlerce ara\u00e7l\u0131k konvoyla kar\u015f\u0131land\u0131. \u0130l\u00e7e merkezinde tur atan BDP konvoyuna motosikletli gen\u00e7ler e\u015flik ederken, miting alan\u0131na giri\u015fte havai fi\u015fekler at\u0131ld\u0131. BDP Genel Ba\u015fkan\u0131 Selahattin Demirta\u015f, BDP Grup Ba\u015fkan Vekili Bengi Y\u0131ld\u0131&#8217;\u2019\u0131n kat\u0131ld\u0131\u011f\u0131 miting alan\u0131nda b\u00f6l\u00fcc\u00fcba\u015f\u0131 Abdullah Acalan posterleri ile PKK&#8217;y\u0131 simgeleyen bezler a\u00e7\u0131ld\u0131, s\u0131k s\u0131k, \u2018Selam selam \u0130mral\u0131&#8217;ya bin selam&#8217;, \u2018PKK halkt\u0131r halk burada&#8217; sloganlar\u0131 at\u0131ld\u0131.<\/p>\n<p style=\"text-align: justify;\">BDP Genel Ba\u015fkan\u0131 Selahattin Demirta\u015f, 12 Eyl\u00fcl Anayasas\u0131&#8217;n\u0131 da \u2018Tayyip Erdo\u011fan Anayasas\u0131&#8217;na CHP ve MHP zihniyetini de boykot etme f\u0131rsat\u0131n\u0131 yakalad\u0131klar\u0131n\u0131, Nusaybin halk\u0131n\u0131n bu f\u0131rsat\u0131 ka\u00e7\u0131rmayaca\u011f\u0131n\u0131 s\u00f6yledi. Nusaybin halk\u0131n\u0131n demokratik \u00f6zerlik istedi\u011fini savunan Demirta\u015f, \u015f\u00f6yle dedi:<\/p>\n<p style=\"text-align: justify;\">\u201cNusaybin halk\u0131, \u2018Art\u0131k anadilimde e\u011fitim yapmak istiyorum, Nusaybin\u2019in vergi dairesinde hastanesinde kendi dilimi konu\u015faca\u011f\u0131m&#8217; diyecek. \u2018Ben art\u0131k, kendi kendimi y\u00f6netece\u011fim&#8217; diyecek. \u2018Ben art\u0131k \u00f6zg\u00fcrl\u00fck, demokratik \u00f6zerklik isteyece\u011fim&#8217; diyecek. B\u0131rak\u0131n AKP&#8217;nin makarnac\u0131 tayfas\u0131 \u2018evet&#8217; desin, b\u0131rak\u0131n CHP-MHP\u2019nin Ergenekon tayfas\u0131 \u2018hay\u0131r&#8217; desin. Ama bu \u00fclkede kendi onuru ile \u015ferefi ile ya\u015fayan herkes boykot desin. \u2018Sand\u0131klar sizin olsun meydanlar bizim olsun&#8217; desin. Bir tek Nusaybinli 12 Eyl\u00fcl g\u00fcn\u00fc sand\u0131k ba\u015f\u0131na gitmesin. Bunlara \u00f6yle bir cevap versinler ki felekleri \u015fa\u015fs\u0131n felekleri.\u201d<\/p>\n<p style=\"text-align: justify;\">BDP Genel Ba\u015fkan\u0131 Demirta\u015f, \u201cTayyip Erdo\u011fan&#8217;\u0131n mitinglerinde serinletici gaz s\u0131k\u0131yorlar, bizim mitinglerimizde biber gaz\u0131 s\u0131k\u0131yorlar\u201d diyerek bunu hesab\u0131n\u0131 sand\u0131klarda soracaklar\u0131n\u0131 s\u00f6yledi. Boykotun kendileri i\u00e7in yeni bir anayasa oldu\u011funu savunana Demirta\u015f, \u015f\u00f6yle dedi:<\/p>\n<p style=\"text-align: justify;\">\u201cNusaybin&#8217;i durdurabilecek tek \u015fey yeni bir anayasa olacak. Tayyip Erdo\u011fan\u2019a diyece\u011fiz ki, sen bizi tan\u0131m\u0131yorsan biz de seni tan\u0131m\u0131yoruz. Sen bo\u015f konu\u015fursan, biz de sand\u0131klar\u0131 bo\u015f g\u00f6nderece\u011fiz. \u2018Sen bu coplar\u0131 ba\u015f\u0131m\u0131za \u00e7al\u0131yorsan, biz de bu sand\u0131klar\u0131 senin ba\u015f\u0131na \u00e7al\u0131yoruz&#8217; diyece\u011fiz. \u201880 y\u0131ll\u0131k K\u00fcrt sorunun \u00e7\u00f6zm\u00fcyorum&#8217; diyeceksin, madem m\u00fczakereden ka\u00e7\u0131yorsan biz de seni yok sayaca\u011f\u0131z. AKP meydan meydan dola\u015f\u0131p kafalar\u0131 kar\u0131\u015ft\u0131r\u0131yor. BDP, boykot karar\u0131nda \u0131srarc\u0131d\u0131r. Ne son g\u00fcn, ne de son ak\u015fam boykot karar\u0131ndan d\u00f6n\u00fc\u015f yoktur. E\u011fer Erdo\u011fan se\u00e7im baraj\u0131n\u0131 y\u00fczde 5\u2019e indirse, tutuklu arkada\u015flar\u0131m\u0131z\u0131 serbest kal\u0131rsa ve yeni bir Anayasa\u2019da K\u00fcrt sorunun \u00e7\u00f6zece\u011fini bu meydanda s\u00f6ylerse, biz bunu sizlerle tart\u0131\u015f\u0131r\u0131z. Bunun d\u0131\u015f\u0131nda asla sand\u0131\u011fa gitmek yok.\u201d<\/p>\n<p style=\"text-align: justify;\">AK Parti iktidar\u0131n\u0131n b\u00fct\u00fcn telefonlar\u0131 ve konu\u015fmalar\u0131 dinledi\u011fini \u00f6ne s\u00fcren Demirta\u015f, halkan telefonda boykot \u00e7a\u011fr\u0131s\u0131 yapmas\u0131n\u0131 ve bunu da AK Parti&#8217;nin duymas\u0131n\u0131 istedi. Referandumda \u2018evet&#8217; ya da \u2018hay\u0131r&#8217; \u00e7\u0131ksa da kendilerinin her durumda kazanan olacaklar\u0131n\u0131 ileri s\u00fcren Demirta\u015f, \u201cUnutmay\u0131n ki hi\u00e7bir h\u0131rs\u0131z \u00e7ald\u0131\u011f\u0131n\u0131 tekrar geri vermez. \u015eimdi bu devlet 80 y\u0131ld\u0131r bizim olan\u0131, sizin olan\u0131 \u00e7ald\u0131. Bu h\u0131rs\u0131zlardan bizim olan\u0131 alaca\u011f\u0131z. Bunlar kendili\u011finden vermeyecekler. Biz boykot diyece\u011fiz ve yeni Anayasa isteyece\u011fiz. Bundan geri ad\u0131m atmayaca\u011f\u0131z\u201d dedi. (dha)<\/p>\n<p style=\"text-align: justify;\"><a href=\"http:\/\/www.radikal.com.tr\/Radikal.aspx?aType=RadikalDetay&amp;ArticleID=1015180&amp;Date=23.08.2010&amp;CategoryID=78\" target=\"_blank\"><span style=\"color: #888888;\">Radikal<\/span><\/a><\/p>\n","protected":false},"excerpt":{"rendered":"<p style=\"text-align: center;\">\n<p style=\"text-align: justify;\">BDP Genel Ba\u015fkan\u0131 Selahattin Demirta\u015f, 12 Eyl\u00fcl&#8217;de yap\u0131lacak referandumla ilgili ald\u0131\u011f\u0131 boykot karar\u0131nda \u0131srarc\u0131 oldu\u011funu bildirirken, \u201cBu karardan d\u00f6n\u00fc\u015f yoktur. Erdo\u011fan se\u00e7im baraj\u0131n\u0131 y\u00fczde 5&#8217;e indirse, tutuklu arkada\u015flar\u0131m\u0131z\u0131 serbest kal\u0131rsa ve yeni bir Anayasa&#8217;da K\u00fcrt sorunun \u00e7\u00f6zece\u011fini bu meydanda s\u00f6ylerse, bunu sizlerle tart\u0131\u015f\u0131r\u0131z. Bunun d\u0131\u015f\u0131nda asla sand\u0131\u011fa gitmek yok\u201d dedi.<\/p>\n","protected":false},"author":1,"featured_media":0,"comment_status":"open","ping_status":"closed","sticky":false,"template":"","format":"standard","meta":{"footnotes":""},"categories":[105],"tags":[],"class_list":["post-25022","post","type-post","status-publish","format-standard","hentry","category-gundem","odd"],"_links":{"self":[{"href":"http:\/\/www.korhanyilmaz.com\/index.php?rest_route=\/wp\/v2\/posts\/25022","targetHints":{"allow":["GET"]}}],"collection":[{"href":"http:\/\/www.korhanyilmaz.com\/index.php?rest_route=\/wp\/v2\/posts"}],"about":[{"href":"http:\/\/www.korhanyilmaz.com\/index.php?rest_route=\/wp\/v2\/types\/post"}],"author":[{"embeddable":true,"href":"http:\/\/www.korhanyilmaz.com\/index.php?rest_route=\/wp\/v2\/users\/1"}],"replies":[{"embeddable":true,"href":"http:\/\/www.korhanyilmaz.com\/index.php?rest_route=%2Fwp%2Fv2%2Fcomments&post=25022"}],"version-history":[{"count":0,"href":"http:\/\/www.korhanyilmaz.com\/index.php?rest_route=\/wp\/v2\/posts\/25022\/revisions"}],"wp:attachment":[{"href":"http:\/\/www.korhanyilmaz.com\/index.php?rest_route=%2Fwp%2Fv2%2Fmedia&parent=25022"}],"wp:term":[{"taxonomy":"category","embeddable":true,"href":"http:\/\/www.korhanyilmaz.com\/index.php?rest_route=%2Fwp%2Fv2%2Fcategories&post=25022"},{"taxonomy":"post_tag","embeddable":true,"href":"http:\/\/www.korhanyilmaz.com\/index.php?rest_route=%2Fwp%2Fv2%2Ftags&post=25022"}],"curies":[{"name":"wp","href":"https:\/\/api.w.org\/{rel}","templated":true}]}}