{"id":25014,"date":"2010-08-23T07:13:33","date_gmt":"2010-08-23T04:13:33","guid":{"rendered":"http:\/\/www.korhanyilmaz.com\/?p=25014"},"modified":"2010-08-23T07:13:33","modified_gmt":"2010-08-23T04:13:33","slug":"%e2%80%9cmitin-imami-da-sinan-bey%e2%80%9d","status":"publish","type":"post","link":"http:\/\/www.korhanyilmaz.com\/?p=25014","title":{"rendered":"\u201cM\u0130T&#8217;in imam\u0131 da Sinan Bey\u201d"},"content":{"rendered":"<p style=\"text-align: center;\"><a href=\"http:\/\/www.korhanyilmaz.com\/wp-content\/uploads\/2010\/08\/139.jpeg\"  class=\"lightview\"><img loading=\"lazy\" decoding=\"async\" class=\"aligncenter size-full wp-image-25015\" src=\"http:\/\/www.korhanyilmaz.com\/wp-content\/uploads\/2010\/08\/139.jpeg\" alt=\"\" width=\"357\" height=\"238\" \/><\/a><\/p>\n<p style=\"text-align: justify;\">K\u0130tab\u0131nda emniyette cemaat\u00e7ileri y\u00f6neten bir imamdan s\u00f6z eden Avc\u0131 iddialar\u0131n\u0131 s\u00fcrd\u00fcrd\u00fc: Genelkurmay&#8217;da ve M\u0130T&#8217;te de bir imam var. M\u0130T&#8217;tekinin kod ad\u0131 &#8216;Sinan bey&#8217;<\/p>\n<p style=\"text-align: justify;\">\u0130STANBUL &#8211; Fethullah G\u00fclen cemaatinin \u00f6rg\u00fctlendi\u011fi her kurum ve kurulu\u015fu \u2018imam\u2019 ad\u0131 verilen bir sivil y\u00f6netici eliyle y\u00f6netti\u011fini, emniyetin ba\u015f\u0131na da \u2018Kozanl\u0131 \u00d6mer\u2019 kod adl\u0131 Osman Hilmi \u00d6zdil\u2019in atand\u0131\u011f\u0131n\u0131 ileri s\u00fcren Eski\u015fehir Emniyet M\u00fcd\u00fcr\u00fc Hanefi Avc\u0131, yeni bir iddia daha ortaya att\u0131. Avc\u0131, G\u00fclen cematinin ordu ve M\u0130T i\u00e7in de sivil bir imam\u0131 oldu\u011funu \u00f6ne s\u00fcrd\u00fc. Avc\u0131 ayr\u0131ca milletvekillerini \u2018idare ve koordine eden\u2019 bir ki\u015finin bulundu\u011fu iddias\u0131nda. Avc\u0131\u2019ya g\u00f6re cemaatin kamudaki aya\u011f\u0131 \u2018su\u00e7 \u00f6rg\u00fct\u00fc\u2019 vasf\u0131 ta\u015f\u0131yor. <!--more--><\/p>\n<p style=\"text-align: justify;\">\u2018Hali\u00e7\u2019te Ya\u015fayan Simonlar \/ D\u00fcn Devlet Bug\u00fcn Cemaat\u2019 adl\u0131 kitab\u0131yla b\u00fcy\u00fck tart\u0131\u015fma yaratan Hanefi Avc\u0131, Radikal\u2019e konu\u015ftu. G\u00fclen cemaatinin adliyeden emniyete kadar kamuda kilit noktalar\u0131 tuttu\u011funu \u00f6ne s\u00fcren Avc\u0131 bu yap\u0131n\u0131n \u2018ideolojik ve hiyerar\u015fik birlik\u2019 oldu\u011funu iddia etti. Avc\u0131 cemaati bir t\u00fcr yeni \u2018derin devlet\u2019 olarak g\u00f6r\u00fcp g\u00f6rmedi\u011fine il\u015fikin soruya \u015fu yan\u0131t\u0131 verdi: \u201cBen bir \u00f6rg\u00fct\u00fcn devlete s\u0131zmas\u0131 ve devlet i\u00e7inde hareket etmesi diye yorumluyorum. Ama o bak\u0131\u015f a\u00e7\u0131s\u0131yla \u00f6yle yorumlanabilir. Ad\u0131n\u0131 iyi koymak laz\u0131m. Emniyette, adliyedeki olaylar hukuki, adli de\u011fildir, \u00f6rg\u00fctsel faaliyettir. Daha \u00e7ok devletin kurumlar\u0131n\u0131 kullan\u0131yor diye bakmak laz\u0131m.\u201d<\/p>\n<p style=\"text-align: justify;\">Avc\u0131, emniyetteki cemaat \u00f6rg\u00fct\u00fcn\u00fcn AKP iktidar\u0131n\u0131n ba\u015flad\u0131\u011f\u0131 2003 \u00f6ncesi ve sonras\u0131 diye iki d\u00f6neme ayr\u0131ld\u0131\u011f\u0131n\u0131 \u00f6ne s\u00fcrerek, \u201cDaha bar\u0131\u015f\u0131k ve pasif bir \u00f6rg\u00fct varken \u015fimdi aktif operasyon yapan bir \u00f6rg\u00fct\u201d diye konu\u015ftu. Avc\u0131, bu \u00f6rg\u00fct\u00fcn TCK\u2019n\u0131n 220. maddesinde d\u00fczenlenen \u2018basit su\u00e7 \u00f6rg\u00fct\u00fc\u2019 m\u00fc, yoksa \u2018anayasay\u0131 ihlal\u2019 ba\u015fl\u0131\u011f\u0131nda d\u00fczenlenen, \u2018a\u011f\u0131rla\u015ft\u0131r\u0131lm\u0131\u015f m\u00fcebbet hapis\u2019 gerektiren \u2018yasa d\u0131\u015f\u0131 \u00f6rg\u00fct\u2019 olarak m\u0131 ele al\u0131nmas\u0131 gerekti\u011fi sorusuna, \u201cEn az\u0131ndan TCK 220\u2019ye oturur ama di\u011fer boyutuna biraz daha bakmak laz\u0131m\u201d diyerek, TCK 309\u2019u i\u015faret etti.<\/p>\n<p style=\"text-align: justify;\">Kitab\u0131nda, emniyeti \u2018Kozanl\u0131 \u00d6mer\u2019 adl\u0131 \u2018imam\u0131n\u2019 y\u00f6netti\u011fi sav\u0131na yer veren Avc\u0131, ayn\u0131 \u015fekilde TSK ve TBMM\u2019nin de \u2018imamlar\u0131\u2019 bulundu\u011funu iddia ediyor. Avc\u0131\u2019n\u0131n bu konudaki sorular\u0131m\u0131za yan\u0131tlar\u0131 \u015f\u00f6yle:<\/p>\n<p style=\"text-align: justify;\"><strong>Kimdir Kozanl\u0131 \u00d6mer?<\/strong> Onu herkes biliyor.<\/p>\n<p style=\"text-align: justify;\"><strong>G\u00f6rd\u00fcn\u00fcz m\u00fc?<\/strong> G\u00f6rmedim ama biliyorum.<\/p>\n<p style=\"text-align: justify;\"><strong>Tan\u0131nan biri mi? <\/strong>Bilmesi gereken insanlar biliyor&#8230;<\/p>\n<p style=\"text-align: justify;\"><strong>H\u00e2l\u00e2 imam m\u0131?<\/strong><\/p>\n<p style=\"text-align: justify;\">Bir d\u00f6nem i\u00e7in \u00f6yle bir g\u00f6revdeydi.<\/p>\n<p style=\"text-align: justify;\"><strong>Ordunun da imam\u0131 var m\u0131?<\/strong><\/p>\n<p style=\"text-align: justify;\">Tabii. Ordunun, M\u0130T\u2019in ayr\u0131 ayr\u0131 imamlar\u0131 var. M\u0130T\u2019in imam\u0131n\u0131n kod ad\u0131 Sinan bey.<\/p>\n<p style=\"text-align: justify;\"><strong>\u0130simlerini biliyor musunuz?<\/strong> Biliyorum.<\/p>\n<p style=\"text-align: justify;\"><strong>Ordunun imam\u0131 kim?<\/strong> S\u00f6yleyemem. Erken olur.<\/p>\n<p style=\"text-align: justify;\"><strong>O da sivil mi<\/strong>? Hepsi sivil. Resmi g\u00fc\u00e7 i\u00e7inde bulunan ki\u015fi imam olmaz.<\/p>\n<p style=\"text-align: justify;\"><strong>Bu ki\u015fiyi tan\u0131yorsunuz yani?<\/strong><\/p>\n<p style=\"text-align: justify;\">Tan\u0131m\u0131yorum ama biliyorum<\/p>\n<p style=\"text-align: justify;\"><strong>O da T\u00fcrkiye\u2019de mi?<\/strong> Bunlar\u0131n d\u0131\u015far\u0131da olma \u015fans\u0131 yok.<\/p>\n<p style=\"text-align: justify;\"><strong>Kurumlardaki \u00f6rg\u00fct mensuplar\u0131yla nas\u0131l irtibat kuruyorlar?<\/strong><\/p>\n<p style=\"text-align: justify;\">G\u00f6r\u00fc\u015f\u00fcyorlar. Gizli faaliyet nas\u0131l y\u00fcr\u00fct\u00fcl\u00fcyorsa&#8230;<\/p>\n<p style=\"text-align: justify;\"><strong>Meclis\u2019in de bir imam\u0131 m\u0131 var?<\/strong><\/p>\n<p style=\"text-align: justify;\">Milletvekillerini idare eden, onlarla ilgili koordinasyonu sa\u011flayan, sorunlar\u0131na bakan \u00f6yle ki\u015filer var diye biliyorum.<\/p>\n<p style=\"text-align: justify;\">Avc\u0131, bir kan\u0131t g\u00f6steremedi\u011fi iddias\u0131n\u0131 ili\u015fkin, kan\u0131tlar\u0131n bulunabilece\u011fi adresleri i\u015faret etti\u011fini belirtiyor. Kendisinin ba\u015fka isimle ve IMEI numaras\u0131ndan \u0130stanbul \u0130stihbarat \u015eubesi\u2019nce dinlenildi\u011fini ve bu y\u00f6nde bir \u015fik\u00e2yet dilek\u00e7elesi verdi\u011fini an\u0131msatan Avc\u0131, \u015f\u00f6yle diyor:<\/p>\n<p style=\"text-align: justify;\">\u201c\u0130mzas\u0131z ihbar mehtuplar\u0131yla devletin dev sistemi \u00e7al\u0131\u015f\u0131rken ben adres, yer, nokta veriyorum. \u015eu tarih ve say\u0131l\u0131 mahkeme karar\u0131 incelenirse g\u00f6z\u00fckecektir diyorum, denetlenmiyor. \u0130\u00e7i\u015fleri Bakan\u0131 yapm\u0131yor. \u0130\u015fte, size 5 bin delil! Gidin inceleyin. \u0130nsanlar\u0131n ismi de\u011fi\u015ftirilerek dinleme karar\u0131 al\u0131nm\u0131\u015f. Bu kararla kimlere santaj, sabatoj yap\u0131ld\u0131\u011f\u0131n\u0131 bulacaks\u0131n\u0131z. Adresi veriyorum, gidip alm\u0131yorsunuz.\u201d<\/p>\n<p style=\"text-align: justify;\"><strong>Yarg\u0131ya bilgi verecek<\/strong><\/p>\n<p style=\"text-align: justify;\">Avc\u0131, hakk\u0131ndaki soru\u015fturman\u0131n, ortaya att\u0131\u011f\u0131 iddialarla ilgili de\u011fil, kitap yazmas\u0131na ili\u015fkin oldu\u011funu tahmin etti\u011fini s\u00f6yl\u00fcyor. Ancak bir ceza soru\u015fturmas\u0131 a\u00e7\u0131ld\u0131\u011f\u0131 takdirde, kurumlara atanan \u2018imamlar\u0131n\u2019 isim ve nitelikleri de dahil olmak \u00fczere, elindeki bilgi ve belgeleri payla\u015faca\u011f\u0131n\u0131 belirtiyor.<\/p>\n<p style=\"text-align: justify;\"><strong>Ergenekon: Bu delillerle zor<\/strong><\/p>\n<p style=\"text-align: justify;\">Avc\u0131, cemaatin yarg\u0131ya y\u00f6nelik ilk operasyonel m\u00fcdahalesinin Van\u2019da Savc\u0131 Ferhat Sar\u0131kaya eliyle a\u00e7\u0131lan Y\u00fcz\u00fcnc\u00fc Y\u0131l \u00dcniversitesi ve \u015eemdinli davalar\u0131 oldu\u011funu belirtiyor. Kitab\u0131nda, \u015eemdinli iddianamesinin Sar\u0131kaya taraf\u0131ndan yaz\u0131lmam\u0131\u015f olabilece\u011fini iddia eden Avc\u0131, eski savc\u0131n\u0131n takibata u\u011framas\u0131 gerekti\u011fini de vurguluyor.<\/p>\n<p style=\"text-align: justify;\">Avc\u0131, orduda h\u00fck\u00fcmete m\u00fcdahaleye \u015fartlanm\u0131\u015f darbeci e\u011filimlerin olabilece\u011fine dikkat \u00e7ekmekle birlikte Ergenekon soru\u015fturmas\u0131na ku\u015fkulu yakla\u015f\u0131yor: \u201cOrtada b\u00f6yle zihniyet etraf\u0131nda \u00f6rg\u00fctlenmi\u015f insanlar olabilir. Ama eylemleriyle ilgili hi\u00e7bir \u015fey anlat\u0131lamaz veya anlat\u0131lanlar kesinlikle o olamaz. Bu delilerle bu s\u00f6ylenemez.\u201d<\/p>\n<p style=\"text-align: justify;\">Avc\u0131, delillerin sa\u011fl\u0131kl\u0131 oldu\u011fundan teredd\u00fct duydu\u011funu, eldeki belgelerin yeniden ay\u0131klanmas\u0131 ve incelenmesi gerekti\u011fini kaydediyor.<\/p>\n<p style=\"text-align: justify;\"><span style=\"color: #888888;\">Kaynak : \u0130smail SAYMAZ &#8211;<a href=\"http:\/\/www.radikal.com.tr\/Radikal.aspx?aType=RadikalDetay&amp;ArticleID=1015137&amp;Date=23.08.2010&amp;CategoryID=77\" target=\"_blank\"> Radikal<\/a><\/span><\/p>\n","protected":false},"excerpt":{"rendered":"<p style=\"text-align: center;\">\n<p style=\"text-align: justify;\">K\u0130tab\u0131nda emniyette cemaat\u00e7ileri y\u00f6neten bir imamdan s\u00f6z eden Avc\u0131 iddialar\u0131n\u0131 s\u00fcrd\u00fcrd\u00fc: Genelkurmay&#8217;da ve M\u0130T&#8217;te de bir imam var. M\u0130T&#8217;tekinin kod ad\u0131 &#8216;Sinan bey&#8217;<\/p>\n<p style=\"text-align: justify;\">\u0130STANBUL &#8211; Fethullah G\u00fclen cemaatinin \u00f6rg\u00fctlendi\u011fi her kurum ve kurulu\u015fu \u2018imam\u2019 ad\u0131 verilen bir sivil y\u00f6netici eliyle y\u00f6netti\u011fini, emniyetin ba\u015f\u0131na da \u2018Kozanl\u0131 \u00d6mer\u2019 kod adl\u0131 <\/p>\n","protected":false},"author":1,"featured_media":0,"comment_status":"open","ping_status":"closed","sticky":false,"template":"","format":"standard","meta":{"footnotes":""},"categories":[105],"tags":[],"class_list":["post-25014","post","type-post","status-publish","format-standard","hentry","category-gundem","odd"],"_links":{"self":[{"href":"http:\/\/www.korhanyilmaz.com\/index.php?rest_route=\/wp\/v2\/posts\/25014","targetHints":{"allow":["GET"]}}],"collection":[{"href":"http:\/\/www.korhanyilmaz.com\/index.php?rest_route=\/wp\/v2\/posts"}],"about":[{"href":"http:\/\/www.korhanyilmaz.com\/index.php?rest_route=\/wp\/v2\/types\/post"}],"author":[{"embeddable":true,"href":"http:\/\/www.korhanyilmaz.com\/index.php?rest_route=\/wp\/v2\/users\/1"}],"replies":[{"embeddable":true,"href":"http:\/\/www.korhanyilmaz.com\/index.php?rest_route=%2Fwp%2Fv2%2Fcomments&post=25014"}],"version-history":[{"count":0,"href":"http:\/\/www.korhanyilmaz.com\/index.php?rest_route=\/wp\/v2\/posts\/25014\/revisions"}],"wp:attachment":[{"href":"http:\/\/www.korhanyilmaz.com\/index.php?rest_route=%2Fwp%2Fv2%2Fmedia&parent=25014"}],"wp:term":[{"taxonomy":"category","embeddable":true,"href":"http:\/\/www.korhanyilmaz.com\/index.php?rest_route=%2Fwp%2Fv2%2Fcategories&post=25014"},{"taxonomy":"post_tag","embeddable":true,"href":"http:\/\/www.korhanyilmaz.com\/index.php?rest_route=%2Fwp%2Fv2%2Ftags&post=25014"}],"curies":[{"name":"wp","href":"https:\/\/api.w.org\/{rel}","templated":true}]}}