{"id":25010,"date":"2010-08-23T11:43:01","date_gmt":"2010-08-23T08:43:01","guid":{"rendered":"http:\/\/www.korhanyilmaz.com\/?p=25010"},"modified":"2010-08-23T11:43:01","modified_gmt":"2010-08-23T08:43:01","slug":"memura-350-lira-referandum-ucreti","status":"publish","type":"post","link":"http:\/\/www.korhanyilmaz.com\/?p=25010","title":{"rendered":"Memura 350 lira referandum \u00fccreti"},"content":{"rendered":"<p><a href=\"http:\/\/www.korhanyilmaz.com\/wp-content\/uploads\/2010\/08\/138.jpg\"  class=\"lightview\"><img loading=\"lazy\" decoding=\"async\" class=\"aligncenter size-full wp-image-25011\" src=\"http:\/\/www.korhanyilmaz.com\/wp-content\/uploads\/2010\/08\/138.jpg\" alt=\"\" width=\"320\" height=\"100\" \/><\/a><\/p>\n<p style=\"text-align: justify;\">N\u00fcfus ve Vatanda\u015fl\u0131k \u0130\u015fleri Genel M\u00fcd\u00fcrl\u00fc\u011f\u00fc merkez ve ta\u015fra te\u015fkilatlar\u0131nda istihdam edilen personele yo\u011fun i\u015f hacmi sebebiyle 15 A\u011fustos 14 Eyl\u00fcl tarihleri aras\u0131nda y\u00fczde 53 ek \u00f6deme yap\u0131lacak.\u00a0 <!--more--><\/p>\n<p style=\"text-align: justify;\">12 Eyl\u00fcl&#8217;deki referandum sebebiyle fazla mesai yapan memurlara mesai \u00fccreti \u00f6denecek. N\u00fcfusta \u00e7al\u0131\u015fan memurlar yakla\u015f\u0131k 300-350 TL ek \u00f6deme alacak.<\/p>\n<p style=\"text-align: justify;\">Y\u00fcksek Se\u00e7im Kurulu&#8217;nun (YSK) karar\u0131na g\u00f6re n\u00fcfus c\u00fczdanlar\u0131nda TC kimlik numaras\u0131 bulunmayanlar oy kullanam\u0131yor. Bu sebeple \u0130\u00e7i\u015fleri Bakanl\u0131\u011f\u0131 N\u00fcfus ve Vatanda\u015fl\u0131k \u0130\u015fleri Genel M\u00fcd\u00fcrl\u00fc\u011f\u00fc&#8217;nde \u00e7al\u0131\u015fan merkez ve ta\u015fra te\u015fkilat\u0131 referandum mesaisi yap\u0131yor. N\u00fcfus m\u00fcd\u00fcrl\u00fckleri, hafta sonu da \u00e7al\u0131\u015f\u0131yor; kimliklerinde TC kimlik numaras\u0131 bulunmayanlara, numara olan yeni kimlik veriyor. Mesaiye kalan memurlar ile s\u00f6zle\u015fmeli personele 15 A\u011fustos-14 Eyl\u00fcl tarihleri aras\u0131nda y\u00fczde 53 ek \u00f6deme yap\u0131lacak. Bakanlar Kurulu&#8217;nun ek \u00f6demelerin \u00f6denmesine ili\u015fkin 13 A\u011fustos tarihli kararname eki Resmi Gazete&#8217;de yay\u0131mland\u0131. Buna g\u00f6re n\u00fcfus hizmetlerine y\u00f6nelik her t\u00fcrl\u00fc i\u015f ve i\u015flemleri y\u00fcr\u00fctmek \u00fczere i\u015f hacimlerinde meydana gelen art\u0131\u015ftan dolay\u0131 yo\u011fun mesai yapmalar\u0131 sebebiyle memurlar ek \u00f6deme alacak.<\/p>\n<p style=\"text-align: justify;\"><span style=\"color: #888888;\">VATAN<\/span><\/p>\n","protected":false},"excerpt":{"rendered":"<\/p>\n<p style=\"text-align: justify;\">N\u00fcfus ve Vatanda\u015fl\u0131k \u0130\u015fleri Genel M\u00fcd\u00fcrl\u00fc\u011f\u00fc merkez ve ta\u015fra te\u015fkilatlar\u0131nda istihdam edilen personele yo\u011fun i\u015f hacmi sebebiyle 15 A\u011fustos 14 Eyl\u00fcl tarihleri aras\u0131nda y\u00fczde 53 ek \u00f6deme yap\u0131lacak. <\/p>\n","protected":false},"author":1,"featured_media":0,"comment_status":"open","ping_status":"closed","sticky":false,"template":"","format":"standard","meta":{"footnotes":""},"categories":[7],"tags":[],"class_list":["post-25010","post","type-post","status-publish","format-standard","hentry","category-ekonomi","odd"],"_links":{"self":[{"href":"http:\/\/www.korhanyilmaz.com\/index.php?rest_route=\/wp\/v2\/posts\/25010","targetHints":{"allow":["GET"]}}],"collection":[{"href":"http:\/\/www.korhanyilmaz.com\/index.php?rest_route=\/wp\/v2\/posts"}],"about":[{"href":"http:\/\/www.korhanyilmaz.com\/index.php?rest_route=\/wp\/v2\/types\/post"}],"author":[{"embeddable":true,"href":"http:\/\/www.korhanyilmaz.com\/index.php?rest_route=\/wp\/v2\/users\/1"}],"replies":[{"embeddable":true,"href":"http:\/\/www.korhanyilmaz.com\/index.php?rest_route=%2Fwp%2Fv2%2Fcomments&post=25010"}],"version-history":[{"count":0,"href":"http:\/\/www.korhanyilmaz.com\/index.php?rest_route=\/wp\/v2\/posts\/25010\/revisions"}],"wp:attachment":[{"href":"http:\/\/www.korhanyilmaz.com\/index.php?rest_route=%2Fwp%2Fv2%2Fmedia&parent=25010"}],"wp:term":[{"taxonomy":"category","embeddable":true,"href":"http:\/\/www.korhanyilmaz.com\/index.php?rest_route=%2Fwp%2Fv2%2Fcategories&post=25010"},{"taxonomy":"post_tag","embeddable":true,"href":"http:\/\/www.korhanyilmaz.com\/index.php?rest_route=%2Fwp%2Fv2%2Ftags&post=25010"}],"curies":[{"name":"wp","href":"https:\/\/api.w.org\/{rel}","templated":true}]}}