{"id":25006,"date":"2010-08-23T11:22:35","date_gmt":"2010-08-23T08:22:35","guid":{"rendered":"http:\/\/www.korhanyilmaz.com\/?p=25006"},"modified":"2010-08-23T11:22:35","modified_gmt":"2010-08-23T08:22:35","slug":"erdoganin-helikopteri-acil-inis-yapti-ve","status":"publish","type":"post","link":"http:\/\/www.korhanyilmaz.com\/?p=25006","title":{"rendered":"Erdo\u011fan&#8217;\u0131n helikopteri acil ini\u015f yapt\u0131 ve&#8230;"},"content":{"rendered":"<p style=\"text-align: center;\"><a href=\"http:\/\/www.korhanyilmaz.com\/wp-content\/uploads\/2010\/08\/137.jpg\"  class=\"lightview\"><img loading=\"lazy\" decoding=\"async\" class=\"aligncenter size-full wp-image-25007\" src=\"http:\/\/www.korhanyilmaz.com\/wp-content\/uploads\/2010\/08\/137.jpg\" alt=\"\" width=\"420\" height=\"210\" \/><\/a><\/p>\n<p style=\"text-align: justify;\">Erdo\u011fan \u00dcnye \u00fczerindeyken rahats\u0131zland\u0131, helikopteri acil ini\u015f yap\u0131nca Kaya ailesinin misafiri oldu.<\/p>\n<p style=\"text-align: justify;\">Samsun\u2019daki mitingin ard\u0131ndan Ordu \u0130l Ba\u015fkanl\u0131\u011f\u0131\u2019nca d\u00fczenlenen iftara kat\u0131lmak \u00fczere yola \u00e7\u0131kan Ba\u015fbakan Erdo\u011fan, \u00dcnye \u0130l\u00e7esi \u00fczerindeyken rahats\u0131zlan\u0131nca, bindi\u011fi helikopter acil ini\u015f yapt\u0131. Haberturk&#8217;te yer alan habere g\u00f6re kullan\u0131lmayan \u00dcnye Havaalan\u0131\u2019na saat 18.00 s\u0131ralar\u0131nda ini\u015f yapan helikopterden inen Ba\u015fbakan Erdo\u011fan, pistin hemen yak\u0131n\u0131ndaki i\u015f\u00e7i emeklisi Recep Kaya (52) ve ev han\u0131m\u0131 Nuray Kaya (47) \u00e7iftine ait eve girerek bir s\u00fcre dinlendi. <!--more--><\/p>\n<p style=\"text-align: justify;\"><strong>\u2018Y\u00dcZ\u00dc SAPSARIYDI\u2019 <\/strong><\/p>\n<p style=\"text-align: justify;\"><a href=\"http:\/\/www.korhanyilmaz.com\/wp-content\/uploads\/2010\/08\/142.jpg\"  class=\"lightview\"><img loading=\"lazy\" decoding=\"async\" class=\"alignleft size-full wp-image-25026\" style=\"margin-left: 10px; margin-right: 10px;\" src=\"http:\/\/www.korhanyilmaz.com\/wp-content\/uploads\/2010\/08\/142.jpg\" alt=\"\" width=\"240\" height=\"160\" \/><\/a>Lavaboya girerek elini y\u00fcz\u00fcn\u00fc y\u0131kayan Ba\u015fbakan Erdo\u011fan, evde yakla\u015f\u0131k 40 dakika kald\u0131.<\/p>\n<p style=\"text-align: justify;\">Ev sahibi Recep Kaya, \u201cBirden helikopter piste indi. Tela\u015f ve ko\u015fu\u015fturma sonras\u0131 K\u00fclt\u00fcr ve Turizm Bakan\u0131 Ertu\u011frul G\u00fcnay Ba\u015fbakan\u2019\u0131n biraz rahats\u0131z oldu\u011funu ifade ederek, lavaboyu kullanmak i\u00e7in izni istedi. Ba\u015fbakan i\u00e7eri girerek lavabada bir s\u00fcre kald\u0131. Daha sonra evin \u00f6n\u00fcnde bulunan bah\u00e7ede oturduk, \u00e7evreden gelenlerle birlikte Ba\u015fbakan\u0131m\u0131z Erdo\u011fan, k\u0131z\u0131 S\u00fcmeyye Erdo\u011fan, Bakan G\u00fcnay, Sanayi ve Ticaret Bakan\u0131 Nihat Erg\u00fcn, AK Parti Genel Sekreteri \u0130dris Naim \u015eahin bir s\u00fcre sohbet ettik. \u0130lk g\u00f6rd\u00fc\u011f\u00fcmde y\u00fcz\u00fc biraz soluktu ama d\u0131\u015far\u0131 \u00e7\u0131kt\u0131\u011f\u0131nda daha iyiydi\u201d diye konu\u015ftu.<\/p>\n<p style=\"text-align: justify;\">Erdo\u011fan ve beraberindekiler daha sonra Ordu \u0130l Ba\u015fkanl\u0131\u011f\u0131\u2019nca d\u00fczenlenen iftara kat\u0131lmak \u00fczere helikopterle hareket etti.<\/p>\n<p style=\"text-align: justify;\"><a href=\"http:\/\/haber.gazetevatan.com\/erdoganin-helikopteri-acil-inis-yapti-ve\/324591\/1\/Gundem\" target=\"_blank\"><span style=\"color: #888888;\">VATAN<\/span><\/a><\/p>\n","protected":false},"excerpt":{"rendered":"<p style=\"text-align: center;\">\n<p style=\"text-align: justify;\">Erdo\u011fan \u00dcnye \u00fczerindeyken rahats\u0131zland\u0131, helikopteri acil ini\u015f yap\u0131nca Kaya ailesinin misafiri oldu.<\/p>\n<p style=\"text-align: justify;\">Samsun\u2019daki mitingin ard\u0131ndan Ordu \u0130l Ba\u015fkanl\u0131\u011f\u0131\u2019nca d\u00fczenlenen iftara kat\u0131lmak \u00fczere yola \u00e7\u0131kan Ba\u015fbakan Erdo\u011fan, \u00dcnye \u0130l\u00e7esi \u00fczerindeyken rahats\u0131zlan\u0131nca, bindi\u011fi helikopter acil ini\u015f yapt\u0131. Haberturk&#8217;te yer alan habere g\u00f6re kullan\u0131lmayan \u00dcnye Havaalan\u0131\u2019na saat 18.00 s\u0131ralar\u0131nda ini\u015f yapan <\/p>\n","protected":false},"author":1,"featured_media":0,"comment_status":"open","ping_status":"closed","sticky":false,"template":"","format":"standard","meta":{"footnotes":""},"categories":[105],"tags":[],"class_list":["post-25006","post","type-post","status-publish","format-standard","hentry","category-gundem","odd"],"_links":{"self":[{"href":"http:\/\/www.korhanyilmaz.com\/index.php?rest_route=\/wp\/v2\/posts\/25006","targetHints":{"allow":["GET"]}}],"collection":[{"href":"http:\/\/www.korhanyilmaz.com\/index.php?rest_route=\/wp\/v2\/posts"}],"about":[{"href":"http:\/\/www.korhanyilmaz.com\/index.php?rest_route=\/wp\/v2\/types\/post"}],"author":[{"embeddable":true,"href":"http:\/\/www.korhanyilmaz.com\/index.php?rest_route=\/wp\/v2\/users\/1"}],"replies":[{"embeddable":true,"href":"http:\/\/www.korhanyilmaz.com\/index.php?rest_route=%2Fwp%2Fv2%2Fcomments&post=25006"}],"version-history":[{"count":0,"href":"http:\/\/www.korhanyilmaz.com\/index.php?rest_route=\/wp\/v2\/posts\/25006\/revisions"}],"wp:attachment":[{"href":"http:\/\/www.korhanyilmaz.com\/index.php?rest_route=%2Fwp%2Fv2%2Fmedia&parent=25006"}],"wp:term":[{"taxonomy":"category","embeddable":true,"href":"http:\/\/www.korhanyilmaz.com\/index.php?rest_route=%2Fwp%2Fv2%2Fcategories&post=25006"},{"taxonomy":"post_tag","embeddable":true,"href":"http:\/\/www.korhanyilmaz.com\/index.php?rest_route=%2Fwp%2Fv2%2Ftags&post=25006"}],"curies":[{"name":"wp","href":"https:\/\/api.w.org\/{rel}","templated":true}]}}