{"id":25002,"date":"2010-08-23T12:02:41","date_gmt":"2010-08-23T09:02:41","guid":{"rendered":"http:\/\/www.korhanyilmaz.com\/?p=25002"},"modified":"2010-08-23T12:02:41","modified_gmt":"2010-08-23T09:02:41","slug":"chpli-inceden-basbakana-bertaraf-gondermesi","status":"publish","type":"post","link":"http:\/\/www.korhanyilmaz.com\/?p=25002","title":{"rendered":"CHP&#8217;li \u0130nce&#8217;den Ba\u015fbakan&#8217;a &#8216;bertaraf&#8217; g\u00f6ndermesi"},"content":{"rendered":"<p><a href=\"http:\/\/www.korhanyilmaz.com\/wp-content\/uploads\/2010\/08\/136.jpg\"  class=\"lightview\"><img loading=\"lazy\" decoding=\"async\" class=\"aligncenter size-full wp-image-25003\" src=\"http:\/\/www.korhanyilmaz.com\/wp-content\/uploads\/2010\/08\/136.jpg\" alt=\"\" width=\"292\" height=\"201\" \/><\/a><\/p>\n<p style=\"text-align: justify;\">CHP  Grup Ba\u015fkanvekili Muharrem \u0130nce, &#8220;bertaraf&#8221; s\u00f6zc\u00fc\u011f\u00fcn\u00fcn &#8220;yok etme&#8221; anlam\u0131na geldi\u011fini belirterek, &#8220;Ba\u015fbakan&#8217;\u0131n kendisi gibi d\u00fc\u015f\u00fcnmeyenleri imha edece\u011fini a\u00e7\u0131klamas\u0131 kafa yap\u0131s\u0131n\u0131 ortaya koymaktad\u0131r&#8221; dedi.<!--more--><\/p>\n<p style=\"text-align: justify;\">Yaz\u0131l\u0131 bir a\u00e7\u0131klama yapan \u0130nce, a\u00e7\u0131klamay\u0131, ba\u015fta Sezen Aksu olmak \u00fczere &#8216;Evet&#8217; diyen sanat\u00e7\u0131lara, T\u00dcS\u0130AD, TOBB ve di\u011fer i\u015f d\u00fcnyas\u0131 \u00f6rg\u00fctlerine, &#8220;sol ad\u0131na konu\u015fan d\u00f6nek solculara, sahte ayd\u0131nlara, kendisini sivil toplum \u00f6rg\u00fct\u00fc zanneden aymazlara ithaf etti\u011fini&#8221; kaydetti.<\/p>\n<p style=\"text-align: justify;\">\u0130nce, a\u00e7\u0131klamayla &#8220;siyaseten bir \u00e7a\u011fr\u0131 yapmad\u0131\u011f\u0131n\u0131 ve ikna amac\u0131 g\u00fctmedi\u011fini&#8221; de ifade etti.<\/p>\n<p style=\"text-align: justify;\">Dil uzman\u0131 olmamas\u0131na ra\u011fmen ula\u015fabildi\u011fi s\u00f6zl\u00fckler yard\u0131m\u0131yla &#8220;bertaraf&#8221; ve &#8220;huzura \u00e7\u0131kma&#8221; s\u00f6ylemlerinin ne anlama geldi\u011fini aktarmay\u0131 ama\u00e7lad\u0131\u011f\u0131n\u0131 belirten \u0130nce, &#8220;Kendilerine T\u00fcrk\u00e7e anlatmak yeterli olmaz diye d\u00fc\u015f\u00fcnd\u00fc\u011f\u00fcmden bu iki kelimenin \u0130ngilizce, Frans\u0131zca kar\u015f\u0131l\u0131klar\u0131n\u0131 s\u00f6zl\u00fcklerden aktaraca\u011f\u0131m&#8221; dedi.<\/p>\n<p style=\"text-align: justify;\">T\u00fcrk Dil Kurumunun internet sitesinde yer alan B\u00fcy\u00fck T\u00fcrk\u00e7e S\u00f6zl\u00fck&#8217;te &#8220;bertaraf&#8221;\u0131n anlam\u0131n\u0131n &#8220;kald\u0131r\u0131lm\u0131\u015f, giderilmi\u015f&#8221; olarak verildi\u011fini, yine ayn\u0131 sitede bu s\u00f6zc\u00fckle ilgili iki deyim bulundu\u011funu dile getiren \u0130nce, &#8220;bertaraf olman\u0131n&#8221;, &#8220;ortadan kalkmak, yok edilmek&#8221;, &#8220;bertaraf etmenin&#8221; ise &#8220;ortadan kald\u0131rmak, gidermek&#8221; anlamlar\u0131na geldi\u011fini kaydetti.<\/p>\n<p style=\"text-align: justify;\">Muharrem \u0130nce, \u015fu g\u00f6r\u00fc\u015fleri dile getirdi:<\/p>\n<p style=\"text-align: justify;\">&#8220;Say\u0131n Ba\u015fbakan &#8216;Bertaraf&#8217; s\u00f6zc\u00fc\u011f\u00fcn\u00fc olmak fiili ile birlikte &#8216;bertaraf olur&#8217; bi\u00e7iminde kullanm\u0131\u015ft\u0131r. Ancak kendi anlat\u0131m\u0131ndan anla\u015f\u0131lan o ki bertaraf olma kendili\u011finden ya\u015fan\u0131lan bir s\u00fcre\u00e7 de\u011fildir. Do\u011frudan kendisinin m\u00fcdahil olaca\u011f\u0131 bir s\u00fcre\u00e7tir. Dolay\u0131s\u0131yla &#8216;bertaraf olmak&#8217; deyiminden \u00e7ok Ba\u015fbakan &#8216;bertaraf etme&#8217; deyimini ifade etmektedir. \u00c7\u00fcnk\u00fc, bu konu\u015fmada &#8216;huzuruma geldiklerinde&#8217; ifadesi kullan\u0131lmaktad\u0131r.<\/p>\n<p style=\"text-align: justify;\">Bertaraf etmek, \u0130ngilizce&#8217;de &#8216;do away with&#8217; olarak kar\u015f\u0131lanmaktad\u0131r ve Redhouse, bu ifadeyi &#8216;yok etmek, \u00f6ld\u00fcrmek, ortadan kald\u0131rmak&#8217; bi\u00e7iminde a\u00e7\u0131klamaktad\u0131r. Bu deyimin yan\u0131nda &#8216;bypass&#8217;, &#8216;eliminate&#8217; fiilleri de kullan\u0131lmaktad\u0131r. Bu s\u00f6zc\u00fckler T\u00fcrk\u00e7e&#8217;de de kullan\u0131ld\u0131\u011f\u0131ndan a\u00e7\u0131klamaya gerek yok.<\/p>\n<p style=\"text-align: justify;\">Frans\u0131zca&#8217;da ise &#8216;annihilation&#8217; ve &#8216;extirpation&#8217; s\u00f6zc\u00fc\u011f\u00fcyle kar\u015f\u0131lanmaktad\u0131r. Tahsin Sara\u00e7&#8217;\u0131n B\u00fcy\u00fck Frans\u0131zca S\u00f6zl\u00fc\u011f\u00fc ise &#8216;annihilation&#8217; s\u00f6zc\u00fc\u011f\u00fcn\u00fcn anlam\u0131n\u0131 &#8216;yok etme, ortadan kald\u0131rma, hi\u00e7e indirme&#8217; olarak vermektedir. &#8216;Extirpation&#8217; ise &#8216;k\u00f6k\u00fcn\u00fc kaz\u0131ma, yok etme anlamlar\u0131na&#8217; gelmektedir.&#8221;<\/p>\n<p style=\"text-align: justify;\"><strong>&#8220;Kendisini, monar\u015finin kral\u0131 gibi g\u00f6r\u00fcyor&#8221; <\/strong><\/p>\n<p style=\"text-align: justify;\">B\u00fcy\u00fck T\u00fcrk\u00e7e S\u00f6zl\u00fck&#8217;te, &#8220;Padi\u015fah kat\u0131n\u0131n&#8221;, &#8220;Huzura \u00e7\u0131kmak&#8221; bi\u00e7iminde a\u00e7\u0131kland\u0131\u011f\u0131n\u0131 ifade eden \u0130nce, \u015f\u00f6yle devam etti:<\/p>\n<p style=\"text-align: justify;\">&#8220;G\u00f6r\u00fcld\u00fc\u011f\u00fc gibi eski dilde &#8216;Huzura \u00e7\u0131kmak&#8217; deyimi &#8216;Padi\u015fah Kat\u0131&#8217; s\u00f6zc\u00fc\u011f\u00fcn\u00fcn kar\u015f\u0131l\u0131\u011f\u0131d\u0131r. \u015eimdi soruyorum, hangi demokraside se\u00e7ilmi\u015f biri, anlam\u0131 &#8216;yok etmek, \u00f6ld\u00fcrmek, d\u0131\u015far\u0131da b\u0131rakmak, ortadan kald\u0131rmak, imha etmek&#8217; olan bir s\u00f6zc\u00fc\u011f\u00fc kullanabilir? Hangi se\u00e7ilmi\u015f, temsil makam\u0131n\u0131 &#8216;padi\u015fah kat\u0131&#8217; anlam\u0131nda ifade eder?<\/p>\n<p style=\"text-align: justify;\">Her y\u00f6netim bi\u00e7iminin kendine \u00f6zg\u00fc dili vard\u0131r. Bu s\u00f6zc\u00fckler, demokrasinin de\u011fil monar\u015finin s\u00f6zc\u00fckleridir. Ba\u015fbakan ise kendisini demokrasinin Ba\u015fbakan\u0131 de\u011fil, monar\u015finin kral\u0131 olarak g\u00f6rmektedir. Yanda\u015flar\u0131n\u0131 ihya eden bir Ba\u015fbakan&#8217;\u0131n, kendisi gibi d\u00fc\u015f\u00fcnmeyenleri, d\u00fc\u015f\u00fcncesini a\u00e7\u0131klamayanlar\u0131 imha edece\u011fini a\u00e7\u0131klamas\u0131 onun kendi i\u00e7 d\u00fcnyas\u0131n\u0131, kafa yap\u0131s\u0131n\u0131 ortaya koymaktad\u0131r.&#8221;<\/p>\n<p style=\"text-align: justify;\"><span style=\"color: #888888;\">CNN T\u00dcRK<\/span><\/p>\n","protected":false},"excerpt":{"rendered":"<\/p>\n<p style=\"text-align: justify;\">CHP Grup Ba\u015fkanvekili Muharrem \u0130nce, &#8220;bertaraf&#8221; s\u00f6zc\u00fc\u011f\u00fcn\u00fcn &#8220;yok etme&#8221; anlam\u0131na geldi\u011fini belirterek, &#8220;Ba\u015fbakan&#8217;\u0131n kendisi gibi d\u00fc\u015f\u00fcnmeyenleri imha edece\u011fini a\u00e7\u0131klamas\u0131 kafa yap\u0131s\u0131n\u0131 ortaya koymaktad\u0131r&#8221; dedi.<\/p>\n","protected":false},"author":1,"featured_media":0,"comment_status":"open","ping_status":"closed","sticky":false,"template":"","format":"standard","meta":{"footnotes":""},"categories":[105],"tags":[],"class_list":["post-25002","post","type-post","status-publish","format-standard","hentry","category-gundem","odd"],"_links":{"self":[{"href":"http:\/\/www.korhanyilmaz.com\/index.php?rest_route=\/wp\/v2\/posts\/25002","targetHints":{"allow":["GET"]}}],"collection":[{"href":"http:\/\/www.korhanyilmaz.com\/index.php?rest_route=\/wp\/v2\/posts"}],"about":[{"href":"http:\/\/www.korhanyilmaz.com\/index.php?rest_route=\/wp\/v2\/types\/post"}],"author":[{"embeddable":true,"href":"http:\/\/www.korhanyilmaz.com\/index.php?rest_route=\/wp\/v2\/users\/1"}],"replies":[{"embeddable":true,"href":"http:\/\/www.korhanyilmaz.com\/index.php?rest_route=%2Fwp%2Fv2%2Fcomments&post=25002"}],"version-history":[{"count":0,"href":"http:\/\/www.korhanyilmaz.com\/index.php?rest_route=\/wp\/v2\/posts\/25002\/revisions"}],"wp:attachment":[{"href":"http:\/\/www.korhanyilmaz.com\/index.php?rest_route=%2Fwp%2Fv2%2Fmedia&parent=25002"}],"wp:term":[{"taxonomy":"category","embeddable":true,"href":"http:\/\/www.korhanyilmaz.com\/index.php?rest_route=%2Fwp%2Fv2%2Fcategories&post=25002"},{"taxonomy":"post_tag","embeddable":true,"href":"http:\/\/www.korhanyilmaz.com\/index.php?rest_route=%2Fwp%2Fv2%2Ftags&post=25002"}],"curies":[{"name":"wp","href":"https:\/\/api.w.org\/{rel}","templated":true}]}}