{"id":24998,"date":"2010-08-22T09:22:58","date_gmt":"2010-08-22T06:22:58","guid":{"rendered":"http:\/\/www.korhanyilmaz.com\/?p=24998"},"modified":"2010-08-22T09:22:58","modified_gmt":"2010-08-22T06:22:58","slug":"o-goruntuler-46-dakika-sonrasina-ait","status":"publish","type":"post","link":"http:\/\/www.korhanyilmaz.com\/?p=24998","title":{"rendered":"O g\u00f6r\u00fcnt\u00fcler 46 dakika sonras\u0131na ait"},"content":{"rendered":"<p><a href=\"http:\/\/www.korhanyilmaz.com\/wp-content\/uploads\/2010\/08\/135.jpg\"  class=\"lightview\"><img loading=\"lazy\" decoding=\"async\" class=\"aligncenter size-full wp-image-24999\" src=\"http:\/\/www.korhanyilmaz.com\/wp-content\/uploads\/2010\/08\/135.jpg\" alt=\"\" width=\"293\" height=\"220\" \/><\/a><\/p>\n<p style=\"text-align: justify;\">TSK sessizli\u011fini bozdu. Hantepe sald\u0131r\u0131s\u0131yla ilgili iddialara yan\u0131t verdi: &#8216;Ter\u00f6ristlerin sald\u0131r\u0131dan \u00f6nce heronlarca tespit edildi\u011fi ve sald\u0131r\u0131n\u0131n karargahlardan canl\u0131 olarak izlenmesine kar\u015f\u0131n m\u00fcdahale edilmedi\u011fi iddialar\u0131 ger\u00e7ek d\u0131\u015f\u0131d\u0131r&#8217; <!--more--><\/p>\n<p style=\"text-align: justify;\">Genelkurmay Ba\u015fkanl\u0131\u011f\u0131, Hakkari&#8217;nin \u00c7ukurca \u0130l\u00e7esi Hantepe \u00fcs b\u00f6lgesine ter\u00f6ristlerce yap\u0131lan sald\u0131r\u0131yla ilgili ortaya at\u0131lan iddialara yaz\u0131l\u0131 a\u00e7\u0131klamayla yan\u0131t verdi. Ter\u00f6ristlerin sald\u0131r\u0131dan \u00f6nce heronlarca tespit edildi\u011fi ve sald\u0131r\u0131n\u0131n karargahlardan canl\u0131 olarak izlenmesine kar\u015f\u0131n olaya m\u00fcdahale edilmedi\u011fi iddialar\u0131n\u0131n ger\u00e7ek d\u0131\u015f\u0131 oldu\u011fu belirtilen a\u00e7\u0131klamada, dakika dakika heronlar ve helikopterlerin faaliyetleri yer ald\u0131.<\/p>\n<p style=\"text-align: justify;\">\u0130dari ve adli i\u015flemlerin zaman\u0131nda ba\u015flat\u0131ld\u0131\u011f\u0131 da vurgulan\u0131rken, a\u00e7\u0131klaman\u0131n bir ay sonra yap\u0131lmas\u0131n\u0131n gerek\u00e7esinin de &#8216;soru\u015fturma safhalar\u0131n\u0131n gizlili\u011fine \u00f6zen&#8217; oldu\u011fu belirtildi. Medyaya yans\u0131yan g\u00f6r\u00fcnt\u00fclerin, \u00e7at\u0131\u015fman\u0131n ba\u015flamas\u0131ndan sonraki s\u00fcrece ait oldu\u011fu kaydedilen a\u00e7\u0131klamada, &#8216;\u00c7at\u0131\u015fman\u0131n s\u00fcresince ilgili komutanl\u0131klar al\u0131nmas\u0131 gereken tedbirleri alm\u0131\u015f veya almaya \u00e7al\u0131\u015fm\u0131\u015flard\u0131r&#8217; ifadesi kullan\u0131ld\u0131. A\u00e7\u0131klamada \u015fu hususlar yer ald\u0131:<\/p>\n<p style=\"text-align: justify;\"><strong>SORU\u015eTURMALAR YAPILDI:<\/strong> \u00d6l\u00fcmle neticelenen her i\u00e7 g\u00fcvenlik olay\u0131nda oldu\u011fu gibi bu olayla ilgili olarak da adli soru\u015fturma, ilgili Cumhuriyet Savc\u0131l\u0131\u011f\u0131 taraf\u0131ndan hemen ba\u015flat\u0131lm\u0131\u015ft\u0131r. Ayr\u0131ca, olay\u0131n idari y\u00f6nden de incelenmesi maksad\u0131yla; Jandarma Asayi\u015f Kolordu Komutanl\u0131\u011f\u0131&#8217;nca te\u015fkil edilen idari soru\u015fturma heyeti de olay\u0131n incelemesine ba\u015flam\u0131\u015ft\u0131r. 30 Temmuz 2010&#8217;da da Jandarma Asayi\u015f Kolordu Komutan\u0131 Askeri Savc\u0131l\u0131k&#8217;tan olay\u0131n soru\u015fturulmas\u0131n\u0131 istemi\u015ftir.<\/p>\n<p style=\"text-align: justify;\"><strong>SORU\u015eTURMA NET\u0130CES\u0130:<\/strong> Olay\u0131n ne \u015fekilde cereyan etti\u011fi tam olarak belirlenmeden kamuoyuna eksik ve yanl\u0131\u015f bilgi vermemek ve y\u00fcr\u00fct\u00fclmekte olan adli soru\u015fturmalara m\u00fcdahil olmamak amac\u0131yla, en az\u0131ndan idari soru\u015fturman\u0131n neticesinin al\u0131nmas\u0131 ve de\u011ferlendirilmesi beklenmi\u015ftir. \u0130dari soru\u015fturma ise ilgili karargahlara, 9 A\u011fustos g\u00fcn\u00fc ula\u015fm\u0131\u015ft\u0131r. \u0130dari soru\u015fturman\u0131n de\u011ferlendirilmesi ile olayla ilgili di\u011fer mevcut bilgi ve belgelere dayal\u0131 olarak y\u00fcr\u00fct\u00fclmekte olan adli soru\u015fturmalara da zarar vermemek kayd\u0131yla, olayla ilgili a\u00e7\u0131klanabilecek hususlar a\u00e7\u0131klamada yer almaktad\u0131r.<\/p>\n<p style=\"text-align: justify;\"><strong>\u00d6ZEL SEVK VE \u0130DARE ETT\u0130:<\/strong> Hantepe \u00fcs b\u00f6lgesi ve yak\u0131n emniyet kuvveti mevzilerine yo\u011fun ter\u00f6rist ate\u015fi, 20 Temmuz gecesi 01.45&#8217;te 6 de\u011fi\u015fik noktadan ayn\u0131 anda ba\u015flam\u0131\u015ft\u0131r. Olay\u0131 \u00f6\u011frenen ve o s\u0131rada Diyarbak\u0131r&#8217;da bulunan d\u00f6nemin 2&#8217;nci Ordu Komutan\u0131 (daha sonra Jandarma Genel Komutanl\u0131\u011f\u0131&#8217;na atanan Org. Necdet \u00d6zel) da 02.00&#8217;den itibaren olay\u0131n takip, sevk ve idaresine m\u00fcdahil olmu\u015ftur.<\/p>\n<p style=\"text-align: justify;\">\u0130LK G\u00d6R\u00dcNT\u00dc: Olay an\u0131nda insans\u0131z hava arac\u0131, 40 km kadar uzakta ba\u015fka bir b\u00f6lge \u00fczerinde oldu\u011fundan derhal Hantepe b\u00f6lgesine y\u00f6nlendirilmi\u015f, saat 02.15&#8217;te Hantepe \u00fczerinde olmu\u015f ve g\u00f6r\u00fcnt\u00fc aktarmaya ba\u015flam\u0131\u015ft\u0131r. Buradan a\u00e7\u0131k\u00e7a anla\u015f\u0131laca\u011f\u0131 \u00fczere sald\u0131r\u0131 \u00f6ncesi yakla\u015fan ter\u00f6ristlerin g\u00f6r\u00fcnt\u00fclerinin aktar\u0131lm\u0131\u015f olmas\u0131 s\u00f6z konusu de\u011fildir. Bas\u0131na yans\u0131yan insans\u0131z hava arac\u0131 g\u00f6r\u00fcnt\u00fclerinden, en erken olan\u0131n\u0131n zaman\u0131 02.31&#8217;dir ve olay\u0131n ba\u015flang\u0131c\u0131n\u0131n yakla\u015f\u0131k 46 dakika sonras\u0131na aittir.<\/p>\n<p style=\"text-align: justify;\"><strong>HEL\u0130KOPTER, TOP VE HAVANLA M\u00dcDAHALE<\/strong><\/p>\n<p style=\"text-align: justify;\">OlayIn ba\u015flamas\u0131 \u00fczerine Hakkari&#8217;de konu\u015flu bulanan taarruz helikopterlerine emir verilmi\u015f, helikopterler, zorunlu haz\u0131rl\u0131klar\u0131n\u0131 m\u00fcteakip havalanm\u0131\u015f, ancak \u00c7\u0131\u011fl\u0131 Suyu (Zap) Vadisindeki yo\u011fun sis ve toz bulutu nedeniyle g\u00fcneye, \u00c7ukurca b\u00f6lgesine ge\u00e7ememi\u015f, yar\u0131m saat s\u00fcren denemeyi m\u00fcteakip, Hakkari&#8217;ye d\u00f6nmek zorunda kalm\u0131\u015flard\u0131r. Ayn\u0131 helikopterler, hava \u015fartlar\u0131n\u0131n iyile\u015fmesi \u00fczerine, saat 04.30&#8217;da Hantepe \u00fczerinde olmu\u015f ve b\u00f6lgeden uzakla\u015fmaya \u00e7al\u0131\u015fan ter\u00f6ristleri ate\u015f alt\u0131na alm\u0131\u015flard\u0131r.<\/p>\n<p style=\"text-align: justify;\"><strong>TAHL\u0130YELER KARAYOLUYLA<\/strong><\/p>\n<p style=\"text-align: justify;\">Hava ayd\u0131nland\u0131ktan sonra, ter\u00f6ristlerin \u00e7evredeki hakim arazilerde mevzilendirdikleri Do\u00e7ka silahlar\u0131, b\u00f6lgedeki helikopter faaliyetlerini tahdit etmi\u015f, helikopterlerin inememesi nedeniyle, tahliyeler karayoluyla yap\u0131lm\u0131\u015ft\u0131r. Do\u00e7ka mevzilerinin yerlerinin tespit edilmesi \u00fczerine, b\u00f6lgeye iki sorti hava harekat\u0131 icra edilerek bu mevziler tahrip edilmi\u015ftir.<\/p>\n<p style=\"text-align: justify;\"><span style=\"color: #888888;\">Haber1.com<\/span><\/p>\n","protected":false},"excerpt":{"rendered":"<\/p>\n<p style=\"text-align: justify;\">TSK sessizli\u011fini bozdu. Hantepe sald\u0131r\u0131s\u0131yla ilgili iddialara yan\u0131t verdi: &#8216;Ter\u00f6ristlerin sald\u0131r\u0131dan \u00f6nce heronlarca tespit edildi\u011fi ve sald\u0131r\u0131n\u0131n karargahlardan canl\u0131 olarak izlenmesine kar\u015f\u0131n m\u00fcdahale edilmedi\u011fi iddialar\u0131 ger\u00e7ek d\u0131\u015f\u0131d\u0131r&#8217; <\/p>\n","protected":false},"author":1,"featured_media":0,"comment_status":"open","ping_status":"closed","sticky":false,"template":"","format":"standard","meta":{"footnotes":""},"categories":[105],"tags":[],"class_list":["post-24998","post","type-post","status-publish","format-standard","hentry","category-gundem","odd"],"_links":{"self":[{"href":"http:\/\/www.korhanyilmaz.com\/index.php?rest_route=\/wp\/v2\/posts\/24998","targetHints":{"allow":["GET"]}}],"collection":[{"href":"http:\/\/www.korhanyilmaz.com\/index.php?rest_route=\/wp\/v2\/posts"}],"about":[{"href":"http:\/\/www.korhanyilmaz.com\/index.php?rest_route=\/wp\/v2\/types\/post"}],"author":[{"embeddable":true,"href":"http:\/\/www.korhanyilmaz.com\/index.php?rest_route=\/wp\/v2\/users\/1"}],"replies":[{"embeddable":true,"href":"http:\/\/www.korhanyilmaz.com\/index.php?rest_route=%2Fwp%2Fv2%2Fcomments&post=24998"}],"version-history":[{"count":0,"href":"http:\/\/www.korhanyilmaz.com\/index.php?rest_route=\/wp\/v2\/posts\/24998\/revisions"}],"wp:attachment":[{"href":"http:\/\/www.korhanyilmaz.com\/index.php?rest_route=%2Fwp%2Fv2%2Fmedia&parent=24998"}],"wp:term":[{"taxonomy":"category","embeddable":true,"href":"http:\/\/www.korhanyilmaz.com\/index.php?rest_route=%2Fwp%2Fv2%2Fcategories&post=24998"},{"taxonomy":"post_tag","embeddable":true,"href":"http:\/\/www.korhanyilmaz.com\/index.php?rest_route=%2Fwp%2Fv2%2Ftags&post=24998"}],"curies":[{"name":"wp","href":"https:\/\/api.w.org\/{rel}","templated":true}]}}