{"id":24990,"date":"2010-08-22T10:40:54","date_gmt":"2010-08-22T07:40:54","guid":{"rendered":"http:\/\/www.korhanyilmaz.com\/?p=24990"},"modified":"2010-08-22T10:40:54","modified_gmt":"2010-08-22T07:40:54","slug":"erbakandan-erdogana-cocuk-mu-kandiriyorsun","status":"publish","type":"post","link":"http:\/\/www.korhanyilmaz.com\/?p=24990","title":{"rendered":"Erbakan&#8217;dan Erdo\u011fan&#8217;a: &#8220;\u00c7ocuk mu kand\u0131r\u0131yorsun?&#8221;"},"content":{"rendered":"<p style=\"text-align: justify;\"><a href=\"http:\/\/www.korhanyilmaz.com\/wp-content\/uploads\/2010\/08\/132.jpeg\"  class=\"lightview\"><img loading=\"lazy\" decoding=\"async\" class=\"aligncenter size-full wp-image-24991\" src=\"http:\/\/www.korhanyilmaz.com\/wp-content\/uploads\/2010\/08\/132.jpeg\" alt=\"\" width=\"292\" height=\"224\" \/><\/a><\/p>\n<p style=\"text-align: justify;\">Kapat\u0131lan Refah Partisi&#8217;nin eski Genel Ba\u015fkan\u0131 Necmettin Erbakan, halk\u0131n ay  sonunu nas\u0131l getirece\u011fini d\u00fc\u015f\u00fcnd\u00fc\u011f\u00fcn\u00fcn alt\u0131n\u0131 \u00e7izip &#8220;Milli gelir 10 bin dolara \u00e7\u0131km\u0131\u015f, hadi oradan. \u00c7ocuk mu kand\u0131r\u0131yorsun&#8221; dedi.<\/p>\n<p style=\"text-align: justify;\">Anadolu Gen\u00e7lik Derne\u011fi (AGD) Kocaeli \u00dcniversitesi Mezunlar\u0131 Grubunun Kocaeli&#8217;de bir restorandaki iftar\u0131na kat\u0131lan Erbakan, yapt\u0131\u011f\u0131 konu\u015fmada, &#8220;Ya siyonizmin k\u00f6lesi olaca\u011f\u0131z, ya da milli g\u00f6r\u00fc\u015fe sar\u0131l\u0131p ecdad\u0131m\u0131z gibi t\u00fcm insanl\u0131\u011f\u0131 kurtaraca\u011f\u0131z&#8221; dedi. <!--more--><\/p>\n<p style=\"text-align: justify;\">T\u00fcm milletlerin \u00f6n\u00fcn\u00fcn karanl\u0131k g\u00f6r\u00fcnd\u00fc\u011f\u00fcn\u00fc, \u015fartlar\u0131n g\u00fcn ge\u00e7tik\u00e7e daha da k\u00f6t\u00fcle\u015fti\u011fini savunan Erbakan, s\u00f6zlerini \u015f\u00f6yle s\u00fcrd\u00fcrd\u00fc:<\/p>\n<p style=\"text-align: justify;\">&#8220;Kom\u00fcnizm, nas\u0131l 80 sene insanlara zulmedip yok olduysa, siyonizmin nizam\u0131 da yok olmaya mahkumdur. Bu nizamla ya\u015famak m\u00fcmk\u00fcn de\u011fildir. Kom\u00fcnizm gitti, siyonizm gidecek, geriye ne kald\u0131? Adil d\u00fczen. Adil d\u00fczen bir tercih de\u011fil, bir zaruret, kurtulu\u015f ilac\u0131d\u0131r.Ecdad\u0131m\u0131z\u0131n yapt\u0131\u011f\u0131 gibi milli g\u00f6r\u00fc\u015fe sar\u0131larak kurtulu\u015fumuz m\u00fcmk\u00fcnd\u00fcr.&#8221;<\/p>\n<p style=\"text-align: justify;\">Erbakan, ekonomiyle ilgili de\u011ferlendirmelerde bulunurken, &#8220;Milli gelir 10 bin dolara \u00e7\u0131km\u0131\u015f, hadi oradan. \u00c7ocuk mu kand\u0131r\u0131yorsun? Herkes ay sonunu nas\u0131l getirecek onu d\u00fc\u015f\u00fcn\u00fcyor, tar\u0131m, hayvanc\u0131l\u0131k yok oldu. Heyecan ile \u015fahlanacak, tekrar iktidara gelece\u011fiz. Zafer sonunda muhakkak inananlar\u0131n olacakt\u0131r&#8221; diye konu\u015ftu.<\/p>\n<p style=\"text-align: justify;\"><span style=\"color: #888888;\">CNN T\u00dcRK<\/span><\/p>\n","protected":false},"excerpt":{"rendered":"<p style=\"text-align: justify;\">\n<p style=\"text-align: justify;\">Kapat\u0131lan Refah Partisi&#8217;nin eski Genel Ba\u015fkan\u0131 Necmettin Erbakan, halk\u0131n ay sonunu nas\u0131l getirece\u011fini d\u00fc\u015f\u00fcnd\u00fc\u011f\u00fcn\u00fcn alt\u0131n\u0131 \u00e7izip &#8220;Milli gelir 10 bin dolara \u00e7\u0131km\u0131\u015f, hadi oradan. \u00c7ocuk mu kand\u0131r\u0131yorsun&#8221; dedi.<\/p>\n<p style=\"text-align: justify;\">Anadolu Gen\u00e7lik Derne\u011fi (AGD) Kocaeli \u00dcniversitesi Mezunlar\u0131 Grubunun Kocaeli&#8217;de bir restorandaki iftar\u0131na kat\u0131lan Erbakan, yapt\u0131\u011f\u0131 konu\u015fmada, &#8220;Ya siyonizmin k\u00f6lesi olaca\u011f\u0131z, <\/p>\n","protected":false},"author":1,"featured_media":0,"comment_status":"open","ping_status":"closed","sticky":false,"template":"","format":"standard","meta":{"footnotes":""},"categories":[105],"tags":[],"class_list":["post-24990","post","type-post","status-publish","format-standard","hentry","category-gundem","odd"],"_links":{"self":[{"href":"http:\/\/www.korhanyilmaz.com\/index.php?rest_route=\/wp\/v2\/posts\/24990","targetHints":{"allow":["GET"]}}],"collection":[{"href":"http:\/\/www.korhanyilmaz.com\/index.php?rest_route=\/wp\/v2\/posts"}],"about":[{"href":"http:\/\/www.korhanyilmaz.com\/index.php?rest_route=\/wp\/v2\/types\/post"}],"author":[{"embeddable":true,"href":"http:\/\/www.korhanyilmaz.com\/index.php?rest_route=\/wp\/v2\/users\/1"}],"replies":[{"embeddable":true,"href":"http:\/\/www.korhanyilmaz.com\/index.php?rest_route=%2Fwp%2Fv2%2Fcomments&post=24990"}],"version-history":[{"count":0,"href":"http:\/\/www.korhanyilmaz.com\/index.php?rest_route=\/wp\/v2\/posts\/24990\/revisions"}],"wp:attachment":[{"href":"http:\/\/www.korhanyilmaz.com\/index.php?rest_route=%2Fwp%2Fv2%2Fmedia&parent=24990"}],"wp:term":[{"taxonomy":"category","embeddable":true,"href":"http:\/\/www.korhanyilmaz.com\/index.php?rest_route=%2Fwp%2Fv2%2Fcategories&post=24990"},{"taxonomy":"post_tag","embeddable":true,"href":"http:\/\/www.korhanyilmaz.com\/index.php?rest_route=%2Fwp%2Fv2%2Ftags&post=24990"}],"curies":[{"name":"wp","href":"https:\/\/api.w.org\/{rel}","templated":true}]}}