{"id":24985,"date":"2010-08-22T19:28:54","date_gmt":"2010-08-22T16:28:54","guid":{"rendered":"http:\/\/www.korhanyilmaz.com\/?p=24985"},"modified":"2010-08-22T19:28:54","modified_gmt":"2010-08-22T16:28:54","slug":"chpnin-caglayan-mitingi-oncesinde-gerginlik","status":"publish","type":"post","link":"http:\/\/www.korhanyilmaz.com\/?p=24985","title":{"rendered":"CHP&#8217;nin \u00c7a\u011flayan mitingi \u00f6ncesinde gerginlik"},"content":{"rendered":"<p style=\"text-align: center;\"><a href=\"http:\/\/www.korhanyilmaz.com\/wp-content\/uploads\/2010\/08\/131.jpeg\"  class=\"lightview\"><img loading=\"lazy\" decoding=\"async\" class=\"aligncenter size-full wp-image-24987\" src=\"http:\/\/www.korhanyilmaz.com\/wp-content\/uploads\/2010\/08\/131.jpeg\" alt=\"\" width=\"307\" height=\"236\" \/><\/a><\/p>\n<p style=\"text-align: justify;\">CHP&#8217;nin \u00c7a\u011flayan Meydan&#8217;\u0131nda saat 16.00&#8217;da ba\u015flayan mitingi \u00f6ncesinde &#8220;evet &#8211; hay\u0131r&#8221; gerginli\u011fi ya\u015fand\u0131. CHp Genel Ba\u015fkan\u0131 Kemal K\u0131l\u0131\u00e7daro\u011flu  ise Ba\u015fbakan Erdo\u011fan&#8217;a \u00e7a\u011fr\u0131 yaparak, &#8220;\u0130stanbul&#8217;dan sesleniyorum say\u0131n Ba\u015fbakan; yi\u011fitsen, g\u00fc\u00e7l\u00fcysen, ka\u00e7m\u0131yorsan seni istedi\u011fin Tv kanal\u0131nda, istedi\u011fin gazetecilerle konu\u015fmaya davet ediyorum&#8221; dedi.<!--more--><\/p>\n<p style=\"text-align: justify;\">Bir ka\u00e7 ki\u015finin \u00c7a\u011flayan Adliye in\u015faat\u0131na &#8220;evet&#8221; afi\u015fleri ast\u0131klar\u0131 iddia edilince miting alan\u0131nda k\u0131sa s\u00fcreli bir gerginlik ya\u015fand\u0131.<\/p>\n<p style=\"text-align: justify;\">Mitinge kat\u0131lanlar ellerindeki pet \u015fi\u015feleri \u015fantiyeye f\u0131rlatarak ve \u015fantiyeyi \u00e7evreleyen demir korkuluklar\u0131 yumruklayarak bu ki\u015filere tepki g\u00f6sterdi.<\/p>\n<p style=\"text-align: justify;\">Bir s\u00fcre devam eden gerginli\u011fe polis m\u00fcdahale etti.<\/p>\n<p style=\"text-align: justify;\">\u00c7evik kuvvet ekibinin \u015fantiyeye girerek, g\u00fcvenlik \u00f6nlemi ald\u0131\u011f\u0131 g\u00f6r\u00fcld\u00fc.<\/p>\n<p style=\"text-align: justify;\">Tepkilerine bir s\u00fcre daha devam eden kalabal\u0131k daha sonra olays\u0131z \u015fekilde mitinge devam etti.<\/p>\n<p style=\"text-align: justify;\"><strong>M\u0130T\u0130NG <\/strong><\/p>\n<p style=\"text-align: justify;\">CHP Genel Ba\u015fkan\u0131 Kemal K\u0131l\u0131\u00e7daro\u011flu, &#8220;Say\u0131n Ba\u015fbakan, siz t\u00fcrban\u0131 da engellediniz. S\u00f6z veriyorum t\u00fcrban\u0131 da biz \u00f6zg\u00fcr k\u0131laca\u011f\u0131z. G\u00f6recek Say\u0131n Ba\u015fbakan. O yapmad\u0131, biz yapaca\u011f\u0131z&#8221; dedi.<\/p>\n<p style=\"text-align: justify;\">K\u0131l\u0131\u00e7daro\u011flu, CHP \u0130stanbul \u0130l Ba\u015fkanl\u0131\u011f\u0131nca \u00c7a\u011flayan Meydan\u0131&#8217;nda d\u00fczenlenen mitingde yapt\u0131\u011f\u0131 konu\u015fmada, \u0130stanbul&#8217;un kendisi i\u00e7in \u00e7ok \u00f6nemli bir kent oldu\u011funu, \u0130stanbul&#8217;a hizmet etmek i\u00e7in 2 d\u00f6nemdir milletvekilli\u011fi yapt\u0131\u011f\u0131n\u0131 belirterek, \u0130stanbul B\u00fcy\u00fck\u015fehir Belediye Ba\u015fkanl\u0131\u011f\u0131 i\u00e7in m\u00fccadele etti\u011fi yerel se\u00e7imlerde kendisine destek veren \u0130stanbullular&#8217;a te\u015fekk\u00fcr etti.<\/p>\n<p style=\"text-align: justify;\">&#8220;T\u00fcrkiye, \u0130stanbul ile gurur duyacak. \u0130stanbul, haramilerin iktidar\u0131n\u0131 ala\u015fa\u011f\u0131 edecek, bunu biliyorum&#8221; diyen K\u0131l\u0131\u00e7daro\u011flu, s\u00f6zlerini \u015f\u00f6yle s\u00fcrd\u00fcrd\u00fc: &#8220;AKP&#8217;nin iki g\u00f6vdesi var. Finansal g\u00f6vdesi \u0130stanbul&#8217;da, siyasal g\u00f6vdesi Ankara&#8217;da. \u0130ki g\u00f6vdeye de kurt d\u00fc\u015ft\u00fc, iki g\u00f6vdeyi de silkeleyece\u011fiz. \u015eimdi \u00e7\u0131km\u0131\u015flar milletin \u00f6n\u00fcne diyorlar ki, &#8216;biz yeni bir Anayasa getiriyoruz&#8217;. \u0130stanbul&#8217;dan soruyorum; 12 Eyl\u00fcl oldu\u011funda Recep Bey, sen 26 ya\u015f\u0131ndayd\u0131n. Ne yapt\u0131n? Hapishaneye mi d\u00fc\u015ft\u00fcn? \u0130fade mi verdin? \u0130\u015fkence mi g\u00f6rd\u00fcn? Onlar\u0131n 12 Eyl\u00fcl&#8217;de, Kenan Pa\u015fa taraf\u0131ndan s\u0131rtlar\u0131 s\u0131vazland\u0131.<\/p>\n<p style=\"text-align: justify;\">A\u011flad\u0131n m\u0131 30 y\u0131ld\u0131r? Hadi sesin \u00e7\u0131kmad\u0131, 8 y\u0131ld\u0131r Ba\u015fbakans\u0131n. 12 Eyl\u00fcl&#8217;\u00fcn ac\u0131lar\u0131n\u0131 s\u00f6m\u00fcrmek i\u00e7in ortaya \u00e7\u0131kt\u0131n. \u0130stanbul&#8217;da siyasetle u\u011fra\u015f\u0131yordun, ondan \u00f6nce gelmiyor muydu akl\u0131na 12 Eyl\u00fcl? Ac\u0131lar\u0131 biz biliriz, yi\u011fitlik bizde. Haramilere bunu b\u0131rakamay\u0131z. Ac\u0131 bizim ac\u0131m\u0131zd\u0131r, y\u00fcrek bizim y\u00fcre\u011fimizdir. Recep Bey&#8217;e sordum, dedim ki &#8216;sen 12 Eyl\u00fcl Anayasas\u0131 i\u00e7in nas\u0131l oy verdin?&#8217; Ben \u00e7\u0131kt\u0131m s\u00f6yledim. O d\u00f6nem memur Kemal&#8217;dim, sizin memur Kemal&#8217;inizdim ve ben &#8216;hay\u0131r&#8217; oyu verdim. \u015eimdi \u00e7\u0131ks\u0131n s\u00f6ylesin bakal\u0131m, 12 Eyl\u00fcl Anayasas\u0131&#8217;na ne verdi? Hesab\u0131n\u0131 soraca\u011f\u0131z.&#8221;<\/p>\n<p style=\"text-align: justify;\">Kemal K\u0131l\u0131\u00e7daro\u011flu, &#8220;Bizi inan\u00e7lar\u0131m\u0131z\u0131 s\u00f6m\u00fcrerek kand\u0131rd\u0131lar, &#8216;din&#8217;, &#8216;iman&#8217; diyerek kand\u0131rd\u0131lar. \u015eimdi ge\u00e7mi\u015fte ya\u015fad\u0131\u011f\u0131m\u0131z ac\u0131lar\u0131 s\u00f6m\u00fcrerek bize gol atmaya \u00e7al\u0131\u015f\u0131yorlar, bizden oy almaya \u00e7al\u0131\u015f\u0131yorlar. Millet bu hap\u0131 yutmayacak, yutturmayaca\u011f\u0131z. Beraber m\u00fccadele edece\u011fiz&#8221; dedi.<\/p>\n<p style=\"text-align: justify;\">K\u0131l\u0131\u00e7daro\u011flu, konu\u015fmas\u0131n\u0131 \u015f\u00f6yle s\u00fcrd\u00fcrd\u00fc: &#8220;\u015eimdi Recep beyin bir \u00fcnvan\u0131 daha var; &#8216;\u015eantajc\u0131 Recep&#8217;. Niye &#8216;\u015eantajc\u0131 Recep&#8217; diyorum? &#8216;Bitaraf olan bertaraf olur&#8217; diyor. Kimsin sen? Sen kral m\u0131s\u0131n, padi\u015fah m\u0131s\u0131n, imparator musun yoksa ba\u015fbakan m\u0131s\u0131n? Hem demokrasiden, \u00f6zg\u00fcrl\u00fckten bahsedeceksin, &#8216;Ben Anayasa&#8217;y\u0131 getiriyorum, \u00f6zg\u00fcrl\u00fck var&#8217; diyeceksin, sonra i\u015fverene, i\u015f\u00e7iye, emekliye &#8216;Ya evet dersiniz, bitaraf olmayacaks\u0131n\u0131z, yoksa ben sizi bertaraf ederim&#8217; diyeceksiniz. Recep bey, kimseyi bertaraf edemezsin. Buradan b\u00fct\u00fcn i\u015f d\u00fcnyas\u0131na sesleniyorum; g\u00fc\u00e7l\u00fc olun, yi\u011fit olun, ezilmeyin, korkmay\u0131n. \u00c7\u00fcnk\u00fc diyorum ki halk\u0131n, do\u011frunun, d\u00fczg\u00fcn siyasetin ayak sesleri geliyor.&#8221;<\/p>\n<p style=\"text-align: justify;\"><strong>Ba\u015fbakan&#8217;a konu\u015fma daveti <\/strong><\/p>\n<p style=\"text-align: justify;\">Ba\u015fbakan Recep Tayyip Erdo\u011fan&#8217;\u0131n bir konu\u015fmas\u0131n\u0131n 9 kanalda canl\u0131 olarak yay\u0131nland\u0131\u011f\u0131na de\u011finen K\u0131l\u0131\u00e7daro\u011flu, &#8220;Ge\u00e7en g\u00fcn arkada\u015flar\u0131m bakm\u0131\u015flar, 9 Tv kanal\u0131 canl\u0131 vermi\u015f. Neden acaba? Biz de konu\u015fuyoruz. Bask\u0131y\u0131 \u00fczerlerinde hissediyorlar ama size s\u00f6z veriyorum, halk\u0131n iktidar\u0131nda bizi ele\u015ftirenlere \u00f6zg\u00fcrl\u00fck tan\u0131yaca\u011f\u0131z, ele\u015ftirilmekten korkmayaca\u011f\u0131z&#8221; dedi.<\/p>\n<p style=\"text-align: justify;\">Erdo\u011fan&#8217;\u0131n &#8216;bitaraf olan\u0131 bertaraf edece\u011fiz&#8217; dedi\u011fini, bir Bakan\u0131n\u0131n ise &#8216;hay\u0131r diyenin akl\u0131ndan \u015f\u00fcphe ederim&#8217; ifadesini kulland\u0131\u011f\u0131n\u0131, kendilerinin ise korku toplumuna son vereceklerini ifade eden K\u0131l\u0131\u00e7daro\u011flu, \u015funlar\u0131 dile getirdi:<\/p>\n<p style=\"text-align: justify;\">&#8220;\u0130stanbul&#8217;dan sesleniyorum say\u0131n Ba\u015fbakan; yi\u011fitsen, g\u00fc\u00e7l\u00fcysen, ka\u00e7m\u0131yorsan seni istedi\u011fin Tv kanal\u0131nda, istedi\u011fin gazetecilerle konu\u015fmaya davet ediyorum. \u00dcstelik sadece Anayasay\u0131 konu\u015faca\u011f\u0131z ama Ba\u015fbakan buna &#8216;evet&#8217; der mi? Demez. Say\u0131n Ba\u015fbakan ister ki kendisine \u00e7anak soru soran gazeteci olsun, kendi Tv kanal\u0131 olsun, &#8216;orada bana soru sorsunlar, bende onlara cevap vereyim.&#8217; Ben gazeteci s\u0131n\u0131rlamas\u0131 getirmiyorum, Tv kanal\u0131 s\u0131n\u0131rlamas\u0131 getirmiyorum, istedi\u011fin Tv kanal\u0131 olsun. Hatta Deniz Fenerinden beslenen Kanal 7&#8217;de olsun, ona da raz\u0131y\u0131m.&#8221;<\/p>\n<p style=\"text-align: justify;\">Ba\u015fbakan Erdo\u011fan&#8217;\u0131n, mitinglerinde \u0130smet \u0130n\u00f6n\u00fc&#8217;ye ve CHP&#8217;nin tarihine sata\u015ft\u0131\u011f\u0131n\u0131 ifade eden K\u0131l\u0131\u00e7daro\u011flu, &#8220;Sen \u00f6nce tarih \u00f6\u011fren, tarihi bil, dersini \u00e7al\u0131\u015f ama sen b\u0131rak ge\u00e7mi\u015fi erkeksen benimle u\u011fra\u015f \u00e7\u0131k kar\u015f\u0131ma. Konu\u015fal\u0131m seninle&#8221; dedi.<\/p>\n<p style=\"text-align: justify;\">&#8220;Bu Anayasa, Recep Bey&#8217;in Anayasas\u0131d\u0131r&#8221; diyen K\u0131l\u0131\u00e7daro\u011flu, Anayasa de\u011fi\u015fikli\u011fi paketinin, halk\u0131n de\u011fil, Bakanlar\u0131n ve k\u00f6\u015feyi d\u00f6nen \u00e7ocuklar\u0131n\u0131n anayasas\u0131 olaca\u011f\u0131n\u0131 \u00f6ne s\u00fcrd\u00fc.<\/p>\n<p style=\"text-align: justify;\">K\u0131l\u0131\u00e7daro\u011flu, &#8220;\u0130\u015fverenlerimiz, \u00e7al\u0131\u015fanlar\u0131m\u0131z, sanayicilerimiz cesur olsunlar, onlar\u0131 T\u00fcrkiye&#8217;nin kamu g\u00f6revlileri yapaca\u011f\u0131z. Onlar\u0131n \u00f6n\u00fcndeki her t\u00fcrl\u00fc engeli kald\u0131raca\u011f\u0131z&#8221; dedi.<\/p>\n<p style=\"text-align: justify;\"><strong>&#8220;T\u00fcrban\u0131 biz \u00f6zg\u00fcr k\u0131laca\u011f\u0131z&#8221; <\/strong><\/p>\n<p style=\"text-align: justify;\">Sand\u0131ktaki oylara sahip \u00e7\u0131kacaklar\u0131n\u0131 aktaran K\u0131l\u0131\u00e7dao\u011flu, &#8220;Sonra, &#8216;oylar \u00e7\u00f6pten bulundu&#8217; diye yak\u0131nmayal\u0131m. Oylara sahip \u00e7\u0131kaca\u011f\u0131z ve halk\u0131n iktidar\u0131n\u0131 kuraca\u011f\u0131z&#8221; dedi.<\/p>\n<p style=\"text-align: justify;\">Engellilerin de oylar\u0131n\u0131 almak i\u00e7in Anayasaya madde koyuldu\u011funu kaydeden K\u0131l\u0131\u00e7daro\u011flu, 63 bin engelli kadrosunun bo\u015f oldu\u011funu, engellileri i\u015fe ba\u015flatmak i\u00e7in Anayasa engelinin bulunmad\u0131\u011f\u0131n\u0131 belirtti.<\/p>\n<p style=\"text-align: justify;\">Ad\u0131m ad\u0131m b\u00fct\u00fcn T\u00fcrkiye&#8217;yi gezdi\u011fini 58 ile gitti\u011fini, bundan sonra da m\u00fccadele edece\u011fini ve halkla i\u00e7 i\u00e7e olaca\u011f\u0131n\u0131 s\u00f6yleyen K\u0131l\u0131\u00e7daro\u011flu, \u00fclkede herkesin, i\u015f\u00e7inin, memurun, esnaf\u0131n, sanayicinin y\u00fcz\u00fcn\u00fcn g\u00fclmesini istediklerini, bunun i\u00e7in siyasette kavga istemediklerini, ancak siyaset\u00e7ilerin halka hesap vermeyi onurlu bir g\u00f6rev olarak kabul etmesi gerekti\u011fini vurgulad\u0131.<\/p>\n<p style=\"text-align: justify;\">Bar\u0131\u015f\u0131 ve ho\u015fg\u00f6r\u00fcy\u00fc sa\u011flayacaklar\u0131n\u0131, karde\u015f kavgas\u0131n\u0131, ter\u00f6r\u00fc sona erdireceklerini dile getiren K\u0131l\u0131\u00e7daro\u011flu, s\u00f6zlerini \u015f\u00f6yle s\u00fcrd\u00fcrd\u00fc: &#8220;Say\u0131n Ba\u015fbakan siz t\u00fcrban\u0131 da engellediniz. S\u00f6z veriyorum t\u00fcrban\u0131 da biz \u00f6zg\u00fcr k\u0131laca\u011f\u0131z. G\u00f6recek say\u0131n Ba\u015fbakan. O yapmad\u0131, biz yapaca\u011f\u0131z. Say\u0131n Ba\u015fbakan gibi s\u00f6z verip, s\u00f6z\u00fcn arkas\u0131nda durmayan insan de\u011filiz. Benim ad\u0131m Recep de\u011fil, ad\u0131m Kemal. Halk\u0131n Kemali&#8217;yim ben. S\u00f6z\u00fcm\u00fcn arkas\u0131nda duraca\u011f\u0131m. \u0130nan\u00e7 s\u00f6m\u00fcr\u00fcs\u00fcne de son verece\u011fiz. AK Partinin elinden b\u00fct\u00fcn kozlar\u0131 alaca\u011f\u0131z. \u00d6zg\u00fcr bir \u00fclke, mutlu, \u00fcreten T\u00fcrkiye&#8217;yi beraber in\u015fa edece\u011fiz.<\/p>\n<p style=\"text-align: justify;\">Toplumda sevgiyi egemen k\u0131laca\u011f\u0131z. Sevgisiz toplum olmaz. Bunlar halka hizmet i\u00e7in geldiler, \u015fimdi halka h\u00fckmediyorlar. Siz telefonlar\u0131n\u0131z\u0131n dinlenmedi\u011finizden emin misiniz? Telefonlar\u0131n\u0131z dinleniyor de\u011fil mi? Buna &#8216;demokrasi&#8217; diyorlar. \u00d6zg\u00fcrl\u00fc\u011f\u00fc getirece\u011fiz, dinleme saltanat\u0131na son verece\u011fiz. AK Parti&#8217;nin maskesini indirmek, y\u00f6neticilerin maskesini indirmek boynumun borcudur. Bunu yapaca\u011f\u0131m. Emin olun B\u00fct\u00fcn m\u00fccadelemiz halk i\u00e7in olacak. Mutlu bir \u00fclke i\u00e7in \u00e7al\u0131\u015faca\u011f\u0131z.&#8221;<\/p>\n<p style=\"text-align: justify;\"><span style=\"color: #888888;\">CNN T\u00dcRK<\/span><\/p>\n","protected":false},"excerpt":{"rendered":"<p style=\"text-align: center;\">\n<p style=\"text-align: justify;\">CHP&#8217;nin \u00c7a\u011flayan Meydan&#8217;\u0131nda saat 16.00&#8217;da ba\u015flayan mitingi \u00f6ncesinde &#8220;evet &#8211; hay\u0131r&#8221; gerginli\u011fi ya\u015fand\u0131. CHp Genel Ba\u015fkan\u0131 Kemal K\u0131l\u0131\u00e7daro\u011flu ise Ba\u015fbakan Erdo\u011fan&#8217;a \u00e7a\u011fr\u0131 yaparak, &#8220;\u0130stanbul&#8217;dan sesleniyorum say\u0131n Ba\u015fbakan; yi\u011fitsen, g\u00fc\u00e7l\u00fcysen, ka\u00e7m\u0131yorsan seni istedi\u011fin Tv kanal\u0131nda, istedi\u011fin gazetecilerle konu\u015fmaya davet ediyorum&#8221; dedi.<\/p>\n","protected":false},"author":1,"featured_media":0,"comment_status":"open","ping_status":"closed","sticky":false,"template":"","format":"standard","meta":{"footnotes":""},"categories":[105],"tags":[],"class_list":["post-24985","post","type-post","status-publish","format-standard","hentry","category-gundem","odd"],"_links":{"self":[{"href":"http:\/\/www.korhanyilmaz.com\/index.php?rest_route=\/wp\/v2\/posts\/24985","targetHints":{"allow":["GET"]}}],"collection":[{"href":"http:\/\/www.korhanyilmaz.com\/index.php?rest_route=\/wp\/v2\/posts"}],"about":[{"href":"http:\/\/www.korhanyilmaz.com\/index.php?rest_route=\/wp\/v2\/types\/post"}],"author":[{"embeddable":true,"href":"http:\/\/www.korhanyilmaz.com\/index.php?rest_route=\/wp\/v2\/users\/1"}],"replies":[{"embeddable":true,"href":"http:\/\/www.korhanyilmaz.com\/index.php?rest_route=%2Fwp%2Fv2%2Fcomments&post=24985"}],"version-history":[{"count":0,"href":"http:\/\/www.korhanyilmaz.com\/index.php?rest_route=\/wp\/v2\/posts\/24985\/revisions"}],"wp:attachment":[{"href":"http:\/\/www.korhanyilmaz.com\/index.php?rest_route=%2Fwp%2Fv2%2Fmedia&parent=24985"}],"wp:term":[{"taxonomy":"category","embeddable":true,"href":"http:\/\/www.korhanyilmaz.com\/index.php?rest_route=%2Fwp%2Fv2%2Fcategories&post=24985"},{"taxonomy":"post_tag","embeddable":true,"href":"http:\/\/www.korhanyilmaz.com\/index.php?rest_route=%2Fwp%2Fv2%2Ftags&post=24985"}],"curies":[{"name":"wp","href":"https:\/\/api.w.org\/{rel}","templated":true}]}}