{"id":24982,"date":"2010-08-22T19:14:14","date_gmt":"2010-08-22T16:14:14","guid":{"rendered":"http:\/\/www.korhanyilmaz.com\/?p=24982"},"modified":"2010-08-22T19:14:14","modified_gmt":"2010-08-22T16:14:14","slug":"erdogan-kandilin-tellalligini-yapiyorlar","status":"publish","type":"post","link":"http:\/\/www.korhanyilmaz.com\/?p=24982","title":{"rendered":"Erdo\u011fan: &#8220;Kandil&#8217;in tellall\u0131\u011f\u0131n\u0131 yap\u0131yorlar&#8221;"},"content":{"rendered":"<p style=\"text-align: center;\"><a href=\"http:\/\/www.korhanyilmaz.com\/wp-content\/uploads\/2010\/08\/130.jpeg\"  class=\"lightview\"><img loading=\"lazy\" decoding=\"async\" class=\"aligncenter size-full wp-image-24983\" src=\"http:\/\/www.korhanyilmaz.com\/wp-content\/uploads\/2010\/08\/130.jpeg\" alt=\"\" width=\"307\" height=\"236\" \/><\/a><\/p>\n<p style=\"text-align: justify;\">PKK  ile AK Parti&#8217;nin pazarl\u0131k yapt\u0131\u011f\u0131 y\u00f6n\u00fcndeki s\u00f6ylemlere sert \u00e7\u0131kan AK Parti Genel Ba\u015fkan\u0131 ve Ba\u015fbakan Recep Tayyip Erdo\u011fan, &#8220;Kandil&#8217;de ter\u00f6rist ba\u015f\u0131 konu\u015fuyor, CHP Genel Ba\u015fkan\u0131, MHP Genel Ba\u015fkan\u0131, BDP kandilin tellall\u0131\u011f\u0131n\u0131 yap\u0131yorlar&#8221; dedi.<\/p>\n<p style=\"text-align: justify;\">Ba\u015fbakan Erdo\u011fan, partisince Cumhuriyet Meydan\u0131&#8217;nda d\u00fczenlenen a\u00e7\u0131k hava toplant\u0131s\u0131nda halka hitap etti. <!--more--><\/p>\n<p style=\"text-align: justify;\">&#8220;Anayasa de\u011fi\u015fikli\u011fi g\u00fc\u00e7l\u00fc, itibarl\u0131 bir T\u00fcrkiye&#8217;nin adeta ayak sesleridir&#8221; diyen Erdo\u011fan, Samsunlulardan, g\u00fc\u00e7l\u00fc T\u00fcrkiye ideali i\u00e7in yanlar\u0131nda olmalar\u0131n\u0131, referandumda &#8220;evet&#8221; oyu vermelerini istedi.<\/p>\n<p style=\"text-align: justify;\">1980&#8217;de ya\u015fananlar\u0131 40 ya\u015f\u0131ndakilerin bile zor hat\u0131rlayaca\u011f\u0131n\u0131 ancak, gelece\u011fin iyi in\u015fa edilmesi i\u00e7in bunlar\u0131n bilinmesi gerekti\u011fini ifade eden Erdo\u011fan, Samsun&#8217;da ya\u015fanm\u0131\u015f ac\u0131 bir hat\u0131ray\u0131 anmak istedi\u011fini s\u00f6yledi.<\/p>\n<p style=\"text-align: justify;\">MHP Genel Ba\u015fkan\u0131 Devlet Bah\u00e7eli ve MHP \u00fcst y\u00f6netiminin &#8220;hi\u00e7 bir sa\u011flam gerek\u00e7esi olmad\u0131\u011f\u0131 halde, adeta bir yerlerden talimat alm\u0131\u015f gibi inatla &#8216;hay\u0131r&#8217; dedi\u011fini&#8221; ifade eden Erdo\u011fan, &#8220;Vicdan\u0131n\u0131n sesini dinleyen \u00fclk\u00fcc\u00fclere, H\u00fcseyin gibi \u015fehitlerinin hat\u0131ras\u0131na sayg\u0131 duyan \u00fclk\u00fcc\u00fclere u\u015fak, zavall\u0131 demekten \u00e7ekinmiyor&#8221; dedi.<\/p>\n<p style=\"text-align: justify;\">Ba\u015fbakan Erdo\u011fan, ba\u015f\u00f6rt\u00fcl\u00fc k\u0131zlar\u0131n e\u011fitim \u00f6zg\u00fcrl\u00fc\u011f\u00fcn\u00fcn ellerinden al\u0131nd\u0131\u011f\u0131n\u0131 ifade ederek, bu konuda d\u00fcnyan\u0131n hi\u00e7 bir yerinde T\u00fcrkiye&#8217;deki uygulaman\u0131n olmad\u0131\u011f\u0131n\u0131 s\u00f6yledi.<\/p>\n<p style=\"text-align: justify;\">Konuyu \u00e7\u00f6zmek i\u00e7in MHP ile bu sorunu d\u00fczeltmek i\u00e7in harekete ge\u00e7tiklerini anlatan Erdo\u011fan, &#8220;Dedik ki &#8216;bu i\u015fi d\u00fczeltelim&#8217;, 411&#8217;le bunu Parlamentodan ge\u00e7irdik. \u00c7ok enteresan, Parlamentodan ge\u00e7irdikten sonra bunu Anayasa Mahkemesine kim g\u00f6t\u00fcrd\u00fc? CHP de\u011fil mi? Peki Say\u0131n K\u0131l\u0131\u00e7daro\u011flu ne diyor, &#8216;ba\u015f\u00f6rt\u00fc meselesini ben hallederim&#8217; diyor. D\u00fcr\u00fcst ol be, d\u00fcr\u00fcst ol d\u00fcr\u00fcst. Ay\u0131pt\u0131r. Yapmayaca\u011f\u0131n, yapamayaca\u011f\u0131n bir \u015feyi ni\u00e7in kalk\u0131p da benim halk\u0131ma meydanlarda bu \u015fekilde anlat\u0131yorsun? D\u00fcr\u00fcst ol&#8221; diye konu\u015ftu.<\/p>\n<p style=\"text-align: justify;\">Erdo\u011fan, Anayasa Mahkemesine g\u00f6nderilen bu imzalar\u0131n i\u00e7erisinde CHP Genel Ba\u015fkan\u0131 Kemal K\u0131l\u0131\u00e7daro\u011flu&#8217;nun da imzas\u0131 oldu\u011funu belirterek, &#8220;\u015eimdi sen bir defa bu noktada yakaland\u0131n ya&#8230; Seni biz biliyoruz. Dolay\u0131s\u0131yla benim Samsunlu karde\u015fimi aldatamazs\u0131n. MHP&#8217;li karde\u015flerime s\u00f6yl\u00fcyorum, diyorum ki, bak bu oyuna gelmeyelim. Gelip de bu CHP&#8217;nin arkas\u0131na vagon olma, sana yak\u0131\u015fm\u0131yor&#8221; dedi.<\/p>\n<p style=\"text-align: justify;\"><strong>&#8220;Kandil&#8217;in ipine sar\u0131ld\u0131lar&#8221; <\/strong><\/p>\n<p style=\"text-align: justify;\">Ba\u015fbakan Erdo\u011fan, &#8220;Benim vatanda\u015flar\u0131m, aziz milletim hangi partiye oy vermi\u015f olursa olsun, hangi partiye g\u00f6n\u00fcl vermi\u015f olursa olsun b\u00f6yle bir ittifak\u0131n i\u00e7inde yer almay\u0131 i\u00e7ine sindiremez ben buna inan\u0131yorum. Son g\u00fcnlerde CHP ve MHP \u015fimdi de Kandil&#8217;in ipine sar\u0131ld\u0131lar&#8221; dedi.<\/p>\n<p style=\"text-align: justify;\">Ba\u015fbakan Erdo\u011fan, \u015f\u00f6yle devam etti: &#8220;CHP Genel Ba\u015fkan\u0131&#8217;n\u0131n geldi\u011fi hale bak. \u0130ki ayd\u0131r gitti\u011fi her yerde bozuk plak gibi gitti\u011fi her yerde ayn\u0131 \u015feyleri tekrarlay\u0131p duruyor siyaset \u00fcret siyaset. \u015eu anayasan\u0131n de\u011fi\u015fiklik paketinin i\u00e7ine bir gir. Buray\u0131 konu\u015fal\u0131m. Ekonomi, d\u0131\u015f politika de\u011ferli karde\u015fim bunlar\u0131 gel konu\u015f ama b\u00f6yle bir derdi yok niye? Aynen \u00f6yle, aynen \u00f6yle i\u015flerine gelmiyor da onun i\u00e7in. Eline bir c\u0131mb\u0131z alm\u0131\u015f bizim a\u00e7\u0131klamalar\u0131m\u0131zdan, bizim konu\u015fmalar\u0131m\u0131zdan kelimeler se\u00e7iyor. Onlar \u00fczerinden g\u00fcn\u00fcn\u00fc g\u00fcn ediyor. Her g\u00fcn aynaya bak\u0131yor orada g\u00f6rd\u00fcklerini millete anlat\u0131yor. Orhan Veli, o me\u015fhur \u015fiirini tam da CHP Genel Ba\u015fkan\u0131 i\u00e7in yazm\u0131\u015f, biliyor musunuz? &#8216;Bir elinde c\u0131mb\u0131z, bir elinde ayna umurunda m\u0131 d\u00fcnya.&#8217;<\/p>\n<p style=\"text-align: justify;\">Kandil&#8217;de ter\u00f6rist ba\u015f\u0131 konu\u015fuyor, CHP Genel Ba\u015fkan\u0131, MHP Genel Ba\u015fkan\u0131, BDP kandilin tellall\u0131\u011f\u0131n\u0131 yap\u0131yorlar. Ba\u015fbakan&#8217;a inanm\u0131yorlar. Ba\u015fbakan&#8217;\u0131n a\u00e7\u0131klamalar\u0131na inanm\u0131yorlar, AK Parti&#8217;nin a\u00e7\u0131klamalar\u0131na inanm\u0131yorlar, Milli G\u00fcvenlik Kurulu&#8217;nun a\u00e7\u0131klamalar\u0131na inanm\u0131yorlar ama Kandil&#8217;den gelen hezeyanlara s\u0131m s\u0131k\u0131 sar\u0131l\u0131yorlar. D\u00fcn ter\u00f6r \u00f6rg\u00fct\u00fc Hakkari&#8217;den, \u015e\u0131rnak&#8217;tan, Tunceli&#8217;den i\u015fte burada Samsun&#8217;dan askerimize polisimize vuruyor, CHP ve MHP&#8217;de Ankara&#8217;dan h\u00fck\u00fcmetimize sald\u0131r\u0131yor. Bug\u00fcn taktik de\u011fi\u015fti, ter\u00f6r \u00f6rg\u00fct\u00fc konu\u015fuyor CHP ile MHP onun tellall\u0131\u011f\u0131n\u0131 yap\u0131yor, onun tellall\u0131\u011f\u0131n\u0131 yap\u0131yor. Kendilerine siyaset \u00fcretemez hale geldiler, Kandil&#8217;den medet umuyorlar ayn\u0131 safta bulu\u015ftular. Hay\u0131r, saf\u0131nda bulu\u015ftular \u015fimdi yanlar\u0131na Kandil&#8217;i ald\u0131lar kandil&#8217;deki ter\u00f6r \u00f6rg\u00fct\u00fcn\u00fc ald\u0131lar. G\u00fcya benim milletimin zihnini buland\u0131racaklar.&#8221;<\/p>\n<p style=\"text-align: justify;\">&#8220;Buradan bir kez daha a\u00e7\u0131kl\u0131yorum. Ne AK Parti, ne AK Parti iktidar\u0131, hi\u00e7bir illegal \u00f6rg\u00fctle, hi\u00e7bir ter\u00f6r \u00f6rg\u00fct\u00fc ile g\u00f6r\u00fc\u015fmez, masaya oturmaz, m\u00fczakere yapmaz, bunu b\u00f6yle biliniz&#8221; diyen Ba\u015fbakan Erdo\u011fan, s\u00f6zlerini \u015f\u00f6yle s\u00fcrd\u00fcrd\u00fc: &#8220;Bu kirli oyunun i\u00e7erisinde kimlerin oldu\u011fu belli bunu D\u00f6rtyol&#8217;da, bunu \u0130neg\u00f6l&#8217;de g\u00f6rd\u00fck. Samsunlu karde\u015fim bu kirli tezgaha gelmeyecektir. 81 vilayetteki her bir karde\u015fim bu kirli ittifak\u0131 g\u00f6r\u00fcyor sand\u0131kta da ben inan\u0131yorum ki gereken cevab\u0131 verecektir.&#8221;<\/p>\n<p style=\"text-align: justify;\"><span style=\"color: #888888;\">CNN T\u00dcRK<\/span><\/p>\n","protected":false},"excerpt":{"rendered":"<p style=\"text-align: center;\">\n<p style=\"text-align: justify;\">PKK ile AK Parti&#8217;nin pazarl\u0131k yapt\u0131\u011f\u0131 y\u00f6n\u00fcndeki s\u00f6ylemlere sert \u00e7\u0131kan AK Parti Genel Ba\u015fkan\u0131 ve Ba\u015fbakan Recep Tayyip Erdo\u011fan, &#8220;Kandil&#8217;de ter\u00f6rist ba\u015f\u0131 konu\u015fuyor, CHP Genel Ba\u015fkan\u0131, MHP Genel Ba\u015fkan\u0131, BDP kandilin tellall\u0131\u011f\u0131n\u0131 yap\u0131yorlar&#8221; dedi.<\/p>\n<p style=\"text-align: justify;\">Ba\u015fbakan Erdo\u011fan, partisince Cumhuriyet Meydan\u0131&#8217;nda d\u00fczenlenen a\u00e7\u0131k hava toplant\u0131s\u0131nda halka hitap etti. <\/p>\n","protected":false},"author":1,"featured_media":0,"comment_status":"open","ping_status":"closed","sticky":false,"template":"","format":"standard","meta":{"footnotes":""},"categories":[105],"tags":[],"class_list":["post-24982","post","type-post","status-publish","format-standard","hentry","category-gundem","odd"],"_links":{"self":[{"href":"http:\/\/www.korhanyilmaz.com\/index.php?rest_route=\/wp\/v2\/posts\/24982","targetHints":{"allow":["GET"]}}],"collection":[{"href":"http:\/\/www.korhanyilmaz.com\/index.php?rest_route=\/wp\/v2\/posts"}],"about":[{"href":"http:\/\/www.korhanyilmaz.com\/index.php?rest_route=\/wp\/v2\/types\/post"}],"author":[{"embeddable":true,"href":"http:\/\/www.korhanyilmaz.com\/index.php?rest_route=\/wp\/v2\/users\/1"}],"replies":[{"embeddable":true,"href":"http:\/\/www.korhanyilmaz.com\/index.php?rest_route=%2Fwp%2Fv2%2Fcomments&post=24982"}],"version-history":[{"count":0,"href":"http:\/\/www.korhanyilmaz.com\/index.php?rest_route=\/wp\/v2\/posts\/24982\/revisions"}],"wp:attachment":[{"href":"http:\/\/www.korhanyilmaz.com\/index.php?rest_route=%2Fwp%2Fv2%2Fmedia&parent=24982"}],"wp:term":[{"taxonomy":"category","embeddable":true,"href":"http:\/\/www.korhanyilmaz.com\/index.php?rest_route=%2Fwp%2Fv2%2Fcategories&post=24982"},{"taxonomy":"post_tag","embeddable":true,"href":"http:\/\/www.korhanyilmaz.com\/index.php?rest_route=%2Fwp%2Fv2%2Ftags&post=24982"}],"curies":[{"name":"wp","href":"https:\/\/api.w.org\/{rel}","templated":true}]}}