{"id":24979,"date":"2010-08-22T16:03:50","date_gmt":"2010-08-22T13:03:50","guid":{"rendered":"http:\/\/www.korhanyilmaz.com\/?p=24979"},"modified":"2010-08-22T16:03:50","modified_gmt":"2010-08-22T13:03:50","slug":"insan-kemal-aranizda","status":"publish","type":"post","link":"http:\/\/www.korhanyilmaz.com\/?p=24979","title":{"rendered":"&#8220;\u0130nsan Kemal aran\u0131zda&#8221;"},"content":{"rendered":"<p style=\"text-align: center;\"><a href=\"http:\/\/www.korhanyilmaz.com\/wp-content\/uploads\/2010\/08\/129.jpeg\"  class=\"lightview\"><img loading=\"lazy\" decoding=\"async\" class=\"aligncenter size-full wp-image-24980\" src=\"http:\/\/www.korhanyilmaz.com\/wp-content\/uploads\/2010\/08\/129.jpeg\" alt=\"\" width=\"307\" height=\"236\" \/><\/a><\/p>\n<p style=\"text-align: justify;\">CHP lideri Kemal K\u0131l\u0131\u00e7daro\u011flu, K\u0131rklareli&#8217;nde referandum mitinginde s\u00f6zlerine &#8220;Soy sop tart\u0131\u015fmas\u0131&#8221; ile ba\u015flad\u0131. &#8220;\u0130nsan Kemal aran\u0131zda&#8221; diyen K\u0131l\u0131\u00e7daro\u011flu, &#8220;Sosyal ve ekonomik konseyin yasas\u0131 var&#8221; dedi, kurulun neden toplanmad\u0131\u011f\u0131n\u0131 sordu.<\/p>\n<p style=\"text-align: justify;\">K\u0131l\u0131\u00e7daro\u011flu, K\u0131rklareli&#8217;nde Dingilo\u011flu Meydan\u0131&#8217;nda d\u00fczenlenen mitingde vatanda\u015flara hitap etti. <!--more--><\/p>\n<p style=\"text-align: justify;\">Miting alan\u0131nda &#8220;Ba\u015fbakan Kemal&#8221; diye at\u0131lan sloganlara kar\u015f\u0131l\u0131k K\u0131l\u0131\u00e7daro\u011flu, partililerini &#8220;\u0130nsan Kemal aran\u0131zda, merhaba&#8221; diye selamlad\u0131.<\/p>\n<p style=\"text-align: justify;\">CHP Genel Ba\u015fkan\u0131 K\u0131l\u0131\u00e7daro\u011flu, Ba\u015fbakan Recep Tayyip Erdo\u011fan&#8217;\u0131n soy sop konu\u015ftu\u011fu i\u00e7in insanlar\u0131 b\u00f6yle selamlad\u0131\u011f\u0131n\u0131 belirterek, &#8220;Biliyorsunuz Recep beyin ezberini, kimyas\u0131n\u0131 bozduk. Referandumda da in\u015fallah Recep beylerin kimyas\u0131n\u0131 bozaca\u011f\u0131z. Ezberi bozunca soy sop konu\u015fan Recep beye g\u00f6nderme yaparak &#8216;insan Kemal&#8217;im&#8217; diye sizleri selamlad\u0131m&#8221; diye konu\u015ftu.<\/p>\n<p style=\"text-align: justify;\">Ba\u015fbakan Erdo\u011fan&#8217;\u0131n insanlar\u0131 hor g\u00f6rd\u00fc\u011f\u00fcn\u00fc ileri s\u00fcren K\u0131l\u0131\u00e7daro\u011flu, \u015funlar\u0131 kaydetti:<\/p>\n<p style=\"text-align: justify;\">&#8220;\u00c7ift\u00e7iye &#8216;al anan\u0131 git diyor&#8217;, &#8216;a\u011f\u0131r\u0131n\u0131 s\u00f6ylerim ama terbiyem m\u00fcsaade etmiyor&#8217; diyor. Sevsinler senin terbiyeni. \u00dcreten, al\u0131n teri d\u00f6ken \u00e7ift\u00e7i &#8216;haz\u0131r ba\u015fbakan\u0131 buldum, derdimi anlatay\u0131m&#8217; diye ba\u015fbakan\u0131n yan\u0131na yakla\u015f\u0131yor. Ba\u015fbakan onu k\u00fclhanbeyi gibi davran\u0131yor. \u015eimdi biz ne yapaca\u011f\u0131z, sand\u0131\u011fa anam\u0131z\u0131, bac\u0131m\u0131z\u0131, kom\u015fumuzu, s\u00fclalemizi de al\u0131p gidece\u011fiz. Onlar \u00fclkenin rant\u0131n\u0131 payla\u015ft\u0131, sorunlar size kald\u0131. Efsane liderimiz Ecevit&#8217;in dedi\u011fi gibi &#8216;Ne ezen ne ezilen, insanca, halk\u00e7a bir d\u00fczen&#8217; kuraca\u011f\u0131z.&#8221;<\/p>\n<p style=\"text-align: justify;\">Ba\u015fbakan Erdo\u011fan&#8217;\u0131n s\u00f6z\u00fcnde durmad\u0131\u011f\u0131n\u0131 iddia eden K\u0131l\u0131\u00e7daro\u011flu, \u015f\u00f6yle konu\u015ftu:<\/p>\n<p style=\"text-align: justify;\">&#8220;Kimseye hesap vermem diyor Recep bey, elbette hesap verecek. Yolsuzluk yapmak g\u00fcnah de\u011fil mi? Kul hakk\u0131 yemek g\u00fcnah de\u011fil mi? Yetim hakk\u0131 yemek g\u00fcnah de\u011fil mi? Recep bey, dokunulmazl\u0131klar\u0131 kald\u0131r\u0131p senden de hesap soraca\u011f\u0131z. Yedirmezler Recep bey, dokunulmazl\u0131\u011f\u0131 kald\u0131raca\u011f\u0131z. Sen de adam gibi hesap vereceksin. Benim a\u011fr\u0131ma giden, s\u00f6z veriyor s\u00f6z\u00fcnde durmuyor. Televizyonlarda, meydanlarda, AK Parti parti program\u0131nda &#8216;dokunulmazl\u0131klar\u0131 kald\u0131raca\u011f\u0131z&#8217; diye s\u00f6z veriyor. Hani, 8 senedir iktidars\u0131n, neden s\u00f6z\u00fcnde durmad\u0131n. Adam gibi adam, yi\u011fit adam s\u00f6z\u00fcnde durur. Anayasa de\u011fi\u015fikli\u011fine &#8216;dokunulmazl\u0131klar\u0131n kald\u0131r\u0131laca\u011f\u0131&#8217; maddesini koysayd\u0131n sana &#8216;yi\u011fit&#8217;, sana &#8216;adam gibi adam&#8217; derdik, alk\u0131\u015flard\u0131k, diyemedik. S\u00f6z\u00fcn\u00fcn arkas\u0131nda durmayan adamd\u0131r o.&#8221;<\/p>\n<p style=\"text-align: justify;\">Anayasa de\u011fi\u015fikli\u011finin vatanda\u015f\u0131n \u00f6n\u00fcne gelece\u011fini kaydeden K\u0131l\u0131\u00e7daro\u011flu, \u015funlar\u0131 s\u00f6yledi:<\/p>\n<p style=\"text-align: justify;\">&#8220;\u015eimdi anayasa de\u011fi\u015fikli\u011fi gelecek 12 Eyl\u00fclde, referandum. De\u011fi\u015fiklik yap\u0131lmak istenilen maddelerden birisi de ekonomik sosyal konseyle ilgili. Konsey ba\u015fkan\u0131 ba\u015fbakan. 3 ayda bir toplanmas\u0131 gerekiyor. 3 ay ge\u00e7ti, 6 ay ge\u00e7ti, 1 y\u0131l ge\u00e7ti. 3 y\u0131la yakla\u015f\u0131yor toplanmad\u0131. Anayasaya koyuyorsun. Ondan sonra m\u0131 toplanacaks\u0131n. Yasay\u0131 uygulam\u0131yorsun. Yasay\u0131 uygulamayan insan anayasay\u0131 uygular m\u0131? Anayasay\u0131 de\u011fil \u00f6nce kafay\u0131 de\u011fi\u015ftirmek laz\u0131m. Halk i\u00e7in \u00e7al\u0131\u015f, halk i\u00e7in \u00fcret. \u015eimdi size bir \u015fey soraca\u011f\u0131m. Anayasa de\u011fi\u015fikli\u011fi \u00e7ift\u00e7iye, esnafa, sanayiciye, sanat\u00e7\u0131ya bir \u015fey getiriyor mu? Peki neden geliyor. Recep bey kendisini kurtarmak i\u00e7in. Evet derseniz Recep bey kurtulacak, hay\u0131r derseniz demokrasi kurtulacak. Karar y\u00fcce milletin. Anayasa de\u011fi\u015fikli\u011fi i\u00e7in demokrasi diyor. Cep telefonlar\u0131 dinleniyor. Recep bey d\u00fczeninde cep telefonlar\u0131 dinlenir, yoksullar, i\u015f\u00e7i, memur fakirle\u015fir, Recep beyler zenginle\u015fir. Bu d\u00fczeni y\u0131kaca\u011f\u0131z. Denizli&#8217;ye, di\u011fer illere gidiyor. Ben de sizden birisiyim, su, simit satt\u0131m diyor. \u00c7ay, simit, su satarak dolar milyarderi olan bir ba\u015fbakan d\u00fcnyada var m\u0131? Bir yerde var can\u0131m, biliyorsunuz, T\u00fcrkiye&#8217;de var. Al\u0131n teriyle kazan\u0131lan her kuru\u015fa sayg\u0131m\u0131z var. Recep bey, orada dur bakal\u0131m, sana hesap soraca\u011f\u0131z.&#8221;<\/p>\n<p style=\"text-align: justify;\">&#8220;K\u00f6m\u00fcrc\u00fc Tayyip&#8221; sloganlar\u0131yla s\u00f6zleri kesilen K\u0131l\u0131\u00e7daro\u011flu, partililerine &#8220;Ke\u015fke k\u00f6m\u00fcrc\u00fc olsayd\u0131&#8221; diye seslendi.<\/p>\n<p style=\"text-align: justify;\"><strong>Borcundan dolay\u0131 kendini asan vatanda\u015f <\/strong><\/p>\n<p style=\"text-align: justify;\">Ge\u00e7im s\u0131k\u0131nt\u0131s\u0131 ve bor\u00e7 dolay\u0131s\u0131yla intihar edenlere de de\u011finen K\u0131l\u0131\u00e7daro\u011flu, &#8220;Biraz \u00f6nce arkada\u015flar\u0131m bana bir not verdi. Uzunk\u00f6pr\u00fc il\u00e7esine ba\u011fl\u0131 Kurtbeyli k\u00f6y\u00fcnde bir \u00e7ift\u00e7i e\u015fine &#8216;bor\u00e7lardan kurtulaca\u011f\u0131z&#8217; dedikten sonra kendisini as\u0131yor. Denizli&#8217;de bir sanayici borcundan, Sincan&#8217;da bir seyyar sat\u0131c\u0131 yiyecek yeme\u011fi olmad\u0131\u011f\u0131 i\u00e7in kendini ast\u0131. Recep beylerin d\u00fczeni bu. Bu d\u00fczeni y\u0131kmak i\u00e7in tek umudum sizlersiniz. Aya\u011fa kalk\u0131n art\u0131k. Size g\u00fcveniyorum. Sizinle y\u00fcr\u00fcmek istiyorum. Sizinle T\u00fcrkiye&#8217;yi aya\u011fa kald\u0131rmak istiyorum. Birlikte olal\u0131m, ayr\u0131\u015fmayal\u0131m, haramilerin iktidar\u0131n\u0131 birlikte y\u0131kal\u0131m&#8221; dedi.<\/p>\n<p style=\"text-align: justify;\">Yarg\u0131 ba\u011f\u0131ms\u0131zl\u0131\u011f\u0131n\u0131n \u00f6nemine de de\u011finen K\u0131l\u0131\u00e7daro\u011flu, \u015f\u00f6yle konu\u015ftu:<\/p>\n<p style=\"text-align: justify;\">&#8220;Yarg\u0131n\u0131n siyasalla\u015fmas\u0131na izin vermeyin. Yarg\u0131 siyasalla\u015f\u0131rsa bedelini toplum \u00f6der. Ge\u00e7mi\u015fte g\u00f6rd\u00fck, 27 May\u0131sta Adnan Menderes ve arkada\u015flar\u0131, 1970&#8217;lerde Deniz Gezmi\u015f ve arkada\u015flar\u0131 as\u0131ld\u0131. 80&#8217;lerde 16 ya\u015f\u0131ndaki \u00e7ocu\u011fun ya\u015f\u0131n\u0131 b\u00fcy\u00fctt\u00fcler ve idam ettiler. Hepsi siyasi mahkemelerdi. Siyasi mahkemelerden topluma hay\u0131r gelmez. Hakimin arkas\u0131nda &#8216;adalet m\u00fclk\u00fcn temelidir&#8217; yazar. M\u00fclk Recep beyin m\u00fclk\u00fc de\u011fil, orada &#8216;m\u00fclk&#8217; devlet demektir. Adalet m\u00fclk\u00fcn temelidir. Adaleti siyasalla\u015ft\u0131rd\u0131\u011f\u0131n\u0131z zaman devletin tuzu kokar, toplum birbirine girer. Zaten ayr\u0131\u015ft\u0131r\u0131yorlar, b\u00f6lmek i\u00e7in her \u015feyi yap\u0131yorlar. Recep bey eline pergel, cetvel alm\u0131\u015f insanlar\u0131n kafatas\u0131n\u0131 \u00f6l\u00e7\u00fcyor. Bu kafa ile 21. y\u00fczy\u0131lda T\u00fcrkiye y\u00f6netiliyor. Anayasa de\u011fi\u015firse adalet zedelenir. Sabah 5-6, eviniz bas\u0131lm\u0131\u015f. Al\u0131p sizi g\u00f6t\u00fcr\u00fcrler. \u00d6nce \u00f6zg\u00fcrl\u00fck, demokrasi. Bask\u0131c\u0131 anayasaya, 12 Eyl\u00fcl ve AKP anayasas\u0131na hay\u0131r diyece\u011fiz. &#8217;12 Eyl\u00fclc\u00fclerden hesap soraca\u011f\u0131z&#8217; dediler. Adalet Bakan\u0131 \u00e7\u0131kt\u0131, aradan 30 y\u0131l ge\u00e7ti, &#8216;zaman a\u015f\u0131m\u0131&#8217; dedi. Recep beye bir \u015fey s\u00f6yledim. Sen hesap soracaks\u0131n. Hesap sorma konusunda y\u00fcrekli misin? Bak sana muhtara veren pa\u015fa duruyor orada. 27 Nisanda sana muht\u0131ra verdi. Dolmabah\u00e7e&#8217;de kavga oldu. 2,5 saat konu\u015ftu. &#8216;Benim konu\u015fmam mezara gider&#8217;, ne konu\u015ftun sen, niye mezara gidiyor. Biliyorsunuz s\u0131rlar\u0131n mezara gitmesi devlette olamaz mafya y\u00f6netimlerinde olur. Mafyaysa mezara gider, devlette, sayg\u0131n devlette g\u00f6r\u00fc\u015fme devletin ar\u015fivine gider. Bunlar devletin ne oldu\u011funu da bilmiyorlar. Devleti de farkl\u0131 y\u00f6netiyorlar. Bu \u00f6nemli bir \u015fey. Bunlara ne yapt\u0131lar, pa\u015faya \u00f6nce alt\u0131na bir s\u0131f\u0131r araba ald\u0131lar. 2008&#8217;de Bakanlar Kurulu karar\u0131yla \u00fcst\u00fcn hizmet madalyas\u0131 verdiler. Tam bir \u00e7\u0131kar i\u015f birli\u011fi. Sen bana muht\u0131ra ver, ben ma\u011fdur edebiyat\u0131na yatay\u0131m. Hemen erken se\u00e7ime gideyim. Ondan sonra ben de sana \u00fcst\u00fcn hizmet madalyas\u0131 vereyim. Hepsi oldu, hepsi ger\u00e7ekle\u015fti. Onun i\u00e7in bunlar ikiy\u00fczl\u00fc bunlara g\u00fcvenmeyin, bunlar\u0131n derdi ba\u015fka, bunlar\u0131n derdi halk\u0131n sorunu de\u011fil, halk\u0131n sorunlar\u0131 \u00e7\u00f6zmek de\u011fil.&#8221;<\/p>\n<p style=\"text-align: justify;\"><strong>&#8220;AK Parti&#8217;ye ders vermek zorundas\u0131n\u0131z&#8221; <\/strong><\/p>\n<p style=\"text-align: justify;\">CHP&#8217;nin \u00e7ift\u00e7inin al\u0131n terini de\u011ferlendirece\u011fini ifade eden K\u0131l\u0131\u00e7daro\u011flu, &#8220;\u00dclkede sanayici olmak, \u00fcretmek kolay m\u0131d\u0131r, binlerce \u00e7ift\u00e7iye istihdam yaratmak kolay m\u0131d\u0131r, sabah\u0131n k\u00f6r\u00fcnde d\u00fckkan\u0131n\u0131 a\u00e7\u0131k etraf\u0131 temizleyip bir ki\u015fiyi de yan\u0131nda istihdam etmek kolay m\u0131d\u0131r? Toplumun her kesimini kucaklayacaks\u0131n\u0131z. Sizin sorunlar\u0131n\u0131z\u0131 halk\u0131n iktidar\u0131 yani CHP iktidar\u0131 \u00e7\u00f6zecektir. Bunun i\u00e7in yola \u00e7\u0131kt\u0131k, bunun i\u00e7in buraday\u0131z&#8221; dedi.<\/p>\n<p style=\"text-align: justify;\">K\u0131l\u0131\u00e7daro\u011flu, \u015f\u00f6yle devam etti:<\/p>\n<p style=\"text-align: justify;\">&#8220;Emekli karde\u015flerimle ilgili olarak Say\u0131n Ba\u015fbakan diyor ki &#8216;Herkes hayat\u0131ndan memnun, herkes mutlu&#8217;. Benim bildi\u011fim emeklilerin durumu o kadar iyi ki yaz tatillerini Kanarya adalar\u0131&#8217;nda ge\u00e7iriyorlar, \u00f6yle mi, mutlu de\u011filsiniz de\u011fil mi? 9 milyon emekli var, e\u015fleriyle birlikte 13-14 milyon emekli. 9 milyon emekliye sesleniyorum. Sizi ikinci s\u0131n\u0131f yurtta\u015f durumuna sokan, size milli gelir art\u0131\u015f\u0131ndan pay vermeyen ve emekli ayl\u0131klar\u0131n\u0131zdan y\u00fczde 10 sosyal g\u00fcvenlik destek pay\u0131 kesen Adalet ve Kalk\u0131nma Partisi&#8217;ne ders vermek zorundas\u0131n\u0131z. 9 milyon emekli tek y\u00fcrek olsun, g\u00f6recek, AKP dersini alacak. Ama emekliler birlik olmazsa, emekliye \u00fc\u00e7 kuru\u015f zam yap\u0131ld\u0131 diye ko\u015fa ko\u015fa gidip ba\u015fbakana \u00e7i\u00e7ek verilirse o zaman emeklinin durumu \u00e7ok iyi demektir. Halk\u0131n iktidar\u0131nda emekli birinci s\u0131n\u0131f yurtta\u015f olacak. Milli gelir art\u0131\u015f\u0131ndan pay alacak. Esnaf\u0131n emekli ayl\u0131\u011f\u0131ndan kesilen y\u00fczde 10&#8217;luk sosyal g\u00fcvenlik destek primi de kald\u0131r\u0131lacakt\u0131r.&#8221;<\/p>\n<p style=\"text-align: justify;\">&#8220;Ruhumuzda devrimcilik var&#8221; diyen K\u0131l\u0131\u00e7daro\u011flu, &#8220;1968 ku\u015fa\u011f\u0131ndan gelip de devrimci olmayan var m\u0131d\u0131r? Size inan\u0131yoruz, size g\u00fcveniyoruz. Devrim halk\u0131n deste\u011fiyle olur. Demokrasilerde devrim halk\u0131n g\u00fcc\u00fcyle olur. Onun i\u00e7in s\u00f6yledik. &#8216;B\u00fclent Ecevit&#8217;in, Deniz Baykal&#8217;\u0131n, \u0130n\u00f6n\u00fc&#8217;n\u00fcn izindeyiz&#8217; dedik. &#8216;\u0130nsanca, halk\u00e7a bir d\u00fczen&#8217; dedik. Kamuda ta\u015feron d\u00fczenini kald\u0131raca\u011f\u0131z. Herkes grevli toplu s\u00f6zle\u015fmeli kadrolar\u0131 olacak. Bu konuyla ilgili kanun teklifi verdim. Kanun teklifi hala parlamentoda duruyor, komisyonlara duruyor. Halk\u0131n iktidar\u0131nda onu hayata ge\u00e7irece\u011fiz&#8221; diye konu\u015ftu.<\/p>\n<p style=\"text-align: justify;\"><strong>&#8220;Y\u00d6K kald\u0131r\u0131lacak&#8221; <\/strong><\/p>\n<p style=\"text-align: justify;\">Halen atanmayan ve s\u00f6zle\u015fmeli \u00f6\u011fretmenler oldu\u011funu kaydeden K\u0131l\u0131\u00e7daro\u011flu, \u015f\u00f6yle konu\u015ftu:<\/p>\n<p style=\"text-align: justify;\">&#8220;S\u00f6zle\u015fmeli \u00f6\u011fretmenler var. S\u00f6zle\u015fmeli sa\u011fl\u0131k \u00e7al\u0131\u015fanlar\u0131 var. Herkesin al\u0131n terine destek verece\u011fiz. Al\u0131n terine de\u011fer verece\u011fiz. Yasalar devleti koruyacak. Yasalar \u00e7al\u0131\u015fanlar\u0131 koruyacak. Size g\u00fcveniyoruz. Size g\u00fcvendi\u011fim i\u00e7in buraday\u0131m. Bu y\u00fczden Anadolu&#8217;yu geziyorum. Bu \u00fclkenin \u00fcniversitelerine de g\u00fcvenmek isterdim. Anayasa de\u011fi\u015fikli\u011fi var. Konu\u015fan \u00fcniversite var m\u0131? \u0130\u015fte yapaca\u011f\u0131m\u0131z i\u015flerden birisi de bu. Her t\u00fcrl\u00fc d\u00fc\u015f\u00fcncenin \u00f6zg\u00fcrce dile getirildi\u011fi \u00fcniversiteleri aya\u011fa kald\u0131raca\u011f\u0131z. Y\u00d6K denilen kabusu da g\u00f6mece\u011fiz tarihe. Hepinize en i\u00e7ten selamlar\u0131m\u0131, sayg\u0131lar\u0131m\u0131 sunuyorum. Y\u00fcre\u011finiz insan sevgisiyle dolsun.&#8221;<\/p>\n<p style=\"text-align: justify;\">K\u0131l\u0131\u00e7daro\u011flu&#8217;nun K\u0131rklareli&#8217;ndeki mitingine Tekirda\u011f ve Edirne&#8217;den de \u00e7ok say\u0131da partili kat\u0131ld\u0131.<\/p>\n<p style=\"text-align: justify;\">K\u0131l\u0131\u00e7daro\u011flu, K\u0131rklareli&#8217;nin Babaeski ve L\u00fcleburgaz il\u00e7elerinde halk\u0131 selamlayarak, karayoluyla \u0130stanbul&#8217;a gitmek \u00fczere kent merkezinden ayr\u0131ld\u0131.<\/p>\n<p style=\"text-align: justify;\">Bu arada, K\u0131l\u0131\u00e7daro\u011flu, mitingden \u00f6nce, K\u0131rklareli&#8217;nde belediye taraf\u0131ndan yapt\u0131r\u0131lan An\u0131t K\u00fclt\u00fcr Park\u0131&#8217;n\u0131n a\u00e7\u0131l\u0131\u015f\u0131n\u0131 yapt\u0131.<\/p>\n<p style=\"text-align: justify;\"><span style=\"color: #888888;\">CNN T\u00dcRK<\/span><\/p>\n","protected":false},"excerpt":{"rendered":"<p style=\"text-align: center;\">\n<p style=\"text-align: justify;\">CHP lideri Kemal K\u0131l\u0131\u00e7daro\u011flu, K\u0131rklareli&#8217;nde referandum mitinginde s\u00f6zlerine &#8220;Soy sop tart\u0131\u015fmas\u0131&#8221; ile ba\u015flad\u0131. &#8220;\u0130nsan Kemal aran\u0131zda&#8221; diyen K\u0131l\u0131\u00e7daro\u011flu, &#8220;Sosyal ve ekonomik konseyin yasas\u0131 var&#8221; dedi, kurulun neden toplanmad\u0131\u011f\u0131n\u0131 sordu.<\/p>\n<p style=\"text-align: justify;\">K\u0131l\u0131\u00e7daro\u011flu, K\u0131rklareli&#8217;nde Dingilo\u011flu Meydan\u0131&#8217;nda d\u00fczenlenen mitingde vatanda\u015flara hitap etti. <\/p>\n","protected":false},"author":1,"featured_media":0,"comment_status":"open","ping_status":"closed","sticky":false,"template":"","format":"standard","meta":{"footnotes":""},"categories":[105],"tags":[],"class_list":["post-24979","post","type-post","status-publish","format-standard","hentry","category-gundem","odd"],"_links":{"self":[{"href":"http:\/\/www.korhanyilmaz.com\/index.php?rest_route=\/wp\/v2\/posts\/24979","targetHints":{"allow":["GET"]}}],"collection":[{"href":"http:\/\/www.korhanyilmaz.com\/index.php?rest_route=\/wp\/v2\/posts"}],"about":[{"href":"http:\/\/www.korhanyilmaz.com\/index.php?rest_route=\/wp\/v2\/types\/post"}],"author":[{"embeddable":true,"href":"http:\/\/www.korhanyilmaz.com\/index.php?rest_route=\/wp\/v2\/users\/1"}],"replies":[{"embeddable":true,"href":"http:\/\/www.korhanyilmaz.com\/index.php?rest_route=%2Fwp%2Fv2%2Fcomments&post=24979"}],"version-history":[{"count":0,"href":"http:\/\/www.korhanyilmaz.com\/index.php?rest_route=\/wp\/v2\/posts\/24979\/revisions"}],"wp:attachment":[{"href":"http:\/\/www.korhanyilmaz.com\/index.php?rest_route=%2Fwp%2Fv2%2Fmedia&parent=24979"}],"wp:term":[{"taxonomy":"category","embeddable":true,"href":"http:\/\/www.korhanyilmaz.com\/index.php?rest_route=%2Fwp%2Fv2%2Fcategories&post=24979"},{"taxonomy":"post_tag","embeddable":true,"href":"http:\/\/www.korhanyilmaz.com\/index.php?rest_route=%2Fwp%2Fv2%2Ftags&post=24979"}],"curies":[{"name":"wp","href":"https:\/\/api.w.org\/{rel}","templated":true}]}}