{"id":24975,"date":"2010-08-22T15:19:30","date_gmt":"2010-08-22T12:19:30","guid":{"rendered":"http:\/\/www.korhanyilmaz.com\/?p=24975"},"modified":"2010-08-22T15:19:30","modified_gmt":"2010-08-22T12:19:30","slug":"bdp-cemil-ciceki-hukumet-sunnetcisi-ilan-etti","status":"publish","type":"post","link":"http:\/\/www.korhanyilmaz.com\/?p=24975","title":{"rendered":"BDP Cemil \u00c7i\u00e7ek&#8217;i h\u00fck\u00fcmet s\u00fcnnet\u00e7isi ilan etti"},"content":{"rendered":"<p><a href=\"http:\/\/www.korhanyilmaz.com\/wp-content\/uploads\/2010\/08\/128.jpg\"  class=\"lightview\"><img loading=\"lazy\" decoding=\"async\" class=\"aligncenter size-full wp-image-24977\" src=\"http:\/\/www.korhanyilmaz.com\/wp-content\/uploads\/2010\/08\/128.jpg\" alt=\"\" width=\"289\" height=\"210\" \/><\/a><\/p>\n<p style=\"text-align: justify;\">Bar\u0131\u015f ve Demokrasi Partisi (BDP) Genel Ba\u015fkan\u0131 Selahattin Demirta\u015f, K\u00fcrt sorununun \u00e7\u00f6z\u00fcm\u00fc i\u00e7in h\u00fck\u00fcmetin ataca\u011f\u0131 ilk ad\u0131m\u0131n Cemil \u00c7i\u00e7ek&#8217;i susturmak oldu\u011funu s\u00f6yledi.<\/p>\n<p style=\"text-align: justify;\">\u00c7i\u00e7ek&#8217;i 80 y\u0131ll\u0131k K\u00fcrt sorununu s\u00fcnnet meselesine ba\u011flamakla su\u00e7layan Demirta\u015f, &#8220;Cemil \u00c7i\u00e7ek duruyor, duruyor &#8216;Bunlar s\u00fcnnetsizdir, bunlar \u015f\u00f6yledir&#8217; diyerek kafalar\u0131 buland\u0131rmaya, meseleyi ba\u015fka yerlere \u00e7ekmeye \u00e7al\u0131\u015f\u0131yor. Cemil \u00c7i\u00e7ek&#8217;e g\u00f6re; bu halk\u0131n dil, k\u00fclt\u00fcr, inan\u00e7 sorunu yok, mesele birka\u00e7 PKK&#8217;l\u0131n\u0131n s\u00fcnnet sorunu. E\u011fer sorun buysa sen de \u00e7ok merakl\u0131ysan seni &#8216;h\u00fck\u00fcmet s\u00fcnnet\u00e7isi&#8217; yapal\u0131m, Kandil&#8217;e g\u00f6nderelim git bu sorunu \u00e7\u00f6z&#8221; dedi.<!--more--><\/p>\n<p style=\"text-align: justify;\">Selahattin Demirta\u015f, Genel Ba\u015fkan Yard\u0131mc\u0131s\u0131 Nihat O\u011fra\u015f, BDP \u015eanl\u0131urfa Milletvekili \u0130brahim Binici, baz\u0131 il ve il\u00e7e belediye ba\u015fkanlar\u0131yla birlikte d\u00fcn gece partisinin \u015eanl\u0131urfa&#8217;da d\u00fczenledi\u011fi toplant\u0131ya kat\u0131ld\u0131. \u015eehitlik \u00c7aml\u0131k Restaurant&#8217;ta d\u00fczenlenen ve yakla\u015f\u0131k 500 partilinin kat\u0131ld\u0131\u011f\u0131 toplant\u0131da konu\u015fan Demirta\u015f, PKK&#8217;ya y\u00f6nelik s\u00f6zlerinden dolay\u0131 Ba\u015fbakan Yard\u0131mc\u0131s\u0131 ve H\u00fck\u00fcmet S\u00f6zc\u00fcs\u00fc Cemil \u00c7i\u00e7ek&#8217;i ele\u015ftirdi.<\/p>\n<p style=\"text-align: justify;\">Referandumda boykot karar\u0131 ald\u0131klar\u0131n\u0131 ve kararlar\u0131ndan geri ad\u0131m atmayacaklar\u0131n\u0131 s\u00f6yleyen Demirta\u015f, son zamanlarda &#8216;Evet&#8217; diyecekleri y\u00f6n\u00fcndeki s\u00f6ylentilerin ger\u00e7e\u011fi yans\u0131tmad\u0131\u011f\u0131n\u0131 savunurken \u015f\u00f6yle dedi:<\/p>\n<p style=\"text-align: justify;\">&#8220;Bak\u0131n, 12 Eyl\u00fcl&#8217;de sand\u0131ktan Evet de \u00e7\u0131ksa, Hay\u0131r da \u00e7\u0131ksa kazanan biz olaca\u011f\u0131z. \u00c7\u00fcnk\u00fc bunu boykot eden tek parti biziz. Biz direnme gelene\u011finden geliyoruz, dilenme gelene\u011finden gelmiyoruz. Bu y\u00fczden biz kazanaca\u011f\u0131z. Referandum s\u00fcrecinde &#8216;BDP esnedi, \u015f\u00f6yle dedi, son dakika Evet diyecek&#8217; gibi s\u00f6ylentiler do\u011fru de\u011fildir. \u00c7ok a\u00e7\u0131k s\u00f6yl\u00fcyoruz ve taleplerimiz ortada, ilk g\u00fcn ne s\u00f6ylediysek \u015fimdi de onu s\u00f6yl\u00fcyoruz. \u0130lk g\u00fcn neyi a\u00e7\u0131klad\u0131ysak yine ayn\u0131 ba\u015fka bir \u015fey demiyoruz. BDP yanl\u0131\u015f yapm\u0131\u015f da bundan d\u00f6necekmi\u015f gibi beklenti i\u00e7inde olan yan\u0131l\u0131r. Yanl\u0131\u015f yapan, yanl\u0131\u015ftan d\u00f6nmesi gereken AKP&#8217;dir. BDP&#8217;nin talepleri u\u00e7uk de\u011fil aksine T\u00fcrkiye&#8217;nin hayr\u0131na, \u00e7\u0131kar\u0131na olan taleplerdir.&#8221;<\/p>\n<p style=\"text-align: justify;\"><strong>&#8220;Herkese M\u00fcsl\u00fcman bize Netanyahu&#8221; <\/strong><\/p>\n<p style=\"text-align: justify;\">H\u00fck\u00fcmetin, s\u0131k s\u0131k halk oylamas\u0131na sunulacak Anayasa de\u011fi\u015fiklik paketi ile 12 Eyl\u00fcl darbe anayasas\u0131n\u0131n de\u011fi\u015ftirilip, Kenan Evren ruhunu ortadan kald\u0131r\u0131laca\u011f\u0131n\u0131 dile getirdi\u011fi halde y\u00fczde 10 se\u00e7im baraj\u0131n\u0131n kald\u0131r\u0131lmad\u0131\u011f\u0131n\u0131 anlatan BDP lideri Demirta\u015f, \u015f\u00f6yle konu\u015ftu:<\/p>\n<p style=\"text-align: justify;\">&#8220;12 Eyl\u00fcl darbe anayasas\u0131n\u0131 de\u011fi\u015ftirip Kenan Evren&#8217;in ruhunu ortadan kald\u0131r\u0131yorlarm\u0131\u015f. Ama en b\u00fcy\u00fck ruhu y\u00fczde 10 se\u00e7im baraj\u0131d\u0131r. K\u00fcrtler Meclis&#8217;e girmesin diye yap\u0131lm\u0131\u015f darbedir. Onu niye kald\u0131rm\u0131yorsun? Kenan Evren&#8217;in getirdi\u011fi baraja niye sar\u0131l\u0131yorsun? Madem darbeyle hesapla\u015f\u0131yorsun oradan ba\u015fla. Se\u00e7im baraj\u0131 d\u00fc\u015fs\u00fcn, Meclis d\u0131\u015f\u0131nda kalan kim varsa Meclise hak etti\u011fi g\u00fcc\u00fcyle girsin. Bak\u0131n y\u00fczde 10&#8217;luk baraj nedeniyle BDP&#8217;nin olmas\u0131 gereken 20 milletvekili AKP&#8217;dedir. AKP, 20 milletvekilimizi gasp etmi\u015ftir, halk\u0131n iradesini gasp edip, h\u0131rs\u0131zl\u0131k yapm\u0131\u015ft\u0131r. Se\u00e7men oyunu bize vermi\u015f ama baraj nedeniyle ba\u011f\u0131ms\u0131z girdi\u011fi i\u00e7in bug\u00fcn 20 vekilimiz AKP s\u0131ralar\u0131nda oturuyor. Hani adalet, demokrasi, hani halk\u0131n iradesinden g\u00fc\u00e7l\u00fc olan yoktu. Bu nas\u0131l bir demokrasi, M\u00fcsl\u00fcmanl\u0131k anlay\u0131\u015f\u0131d\u0131r. Herkese demokrat, M\u00fcsl\u00fcman bize gelince Netanyahu. Bunu kabul edebilir miyiz? Herkes kabul edebilir. AKP ile zengin olanlar, \u00e7\u0131kar\u0131 olanlar destekleyebilir ama bu toplumun ve \u00fclkenin \u00e7\u0131karlar\u0131 i\u00e7in siyaset yapanlar olarak biz onurlu, dik durmaya devam edece\u011fiz. Bunun i\u00e7in boykot en siyasi tav\u0131rd\u0131r.&#8221;<\/p>\n<p style=\"text-align: justify;\"><strong>&#8220;Cemil \u00c7i\u00e7ek&#8217;i h\u00fck\u00fcmetin s\u00fcnnet\u00e7isi olarak Kandil&#8217;e g\u00f6nderelim&#8221; <\/strong><\/p>\n<p style=\"text-align: justify;\">Ter\u00f6r \u00f6rg\u00fct\u00fc PKK&#8217;n\u0131n &#8216;eylemsizlik karar\u0131na&#8217; ra\u011fmen operasyonlar\u0131n durmad\u0131\u011f\u0131n\u0131 s\u00f6yleyen Selahattin Demirta\u015f, K\u00fcrt sorununun \u00e7\u00f6z\u00fcm\u00fc i\u00e7in at\u0131lacak ilk ad\u0131m\u0131n H\u00fck\u00fcmet S\u00f6zc\u00fcs\u00fc Cemil \u00c7i\u00e7ek&#8217;in g\u00f6revden al\u0131nmas\u0131 oldu\u011funu ileri s\u00fcrerek \u015f\u00f6yle devam etti:<\/p>\n<p style=\"text-align: justify;\">&#8220;T\u00fcrkiye&#8217;de PKK&#8217;n\u0131n ilan etti\u011fi eylemsizlik s\u00fcreci ya\u015fan\u0131yor. Ama g\u00fcnlerdir askeri operasyonlar s\u00fcr\u00fcyor. H\u00fck\u00fcmetin, devletin derdi ne anlam\u0131\u015f de\u011filiz. Bu m\u00fcbarek g\u00fcnlerde akan kan dursun diye b\u00fct\u00fcn toplum feryat edip \u00e7a\u011fr\u0131 yaparken, operasyonlar durmuyor. \u015eimdi meydanlara &#8216;PKK ile g\u00f6r\u00fc\u015f\u00fcld\u00fc m\u00fc, pazarl\u0131k yap\u0131ld\u0131 m\u0131?&#8217; tart\u0131\u015fmas\u0131n\u0131 yap\u0131yorlar. G\u00f6r\u00fc\u015f\u00fcl\u00fcp- g\u00f6r\u00fc\u015f\u00fclmedi\u011fini bilmiyoruz, BDP olarak bunu bilmeyiz. Fakat g\u00f6r\u00fc\u015f\u00fclmemi\u015fse bile g\u00f6r\u00fc\u015f\u00fclmesi gerekir. Kal\u0131c\u0131 bar\u0131\u015f i\u00e7in gerekirse PKK ile de g\u00f6r\u00fc\u015f\u00fclmesi gerekiyor.&#8221;<\/p>\n<p style=\"text-align: justify;\">Demirta\u015f, H\u00fck\u00fcmet&#8217;in s\u00f6zc\u00fcs\u00fc konumundaki Cemil \u00c7i\u00e7ek&#8217;in K\u00fcrtler bu \u00fclkenin insan\u0131 de\u011filmi\u015f gibi davrand\u0131ktan sonra h\u00fck\u00fcmet ad\u0131na a\u00e7\u0131klama yapmas\u0131n\u0131 kabul etmediklerini s\u00f6yledi. BDP lideri, &#8220;H\u00fck\u00fcmet, devlet olarak siyaseti bertaraf etmeye \u00e7al\u0131\u015f\u0131rsan\u0131z bu sorunu \u00e7\u00f6zemezsiniz, silah sorununu da \u00e7\u00f6zemezsiniz. Niyetiniz bar\u0131\u015fsa y\u00f6ntem bu de\u011fildir. Bar\u0131\u015f cesaret i\u015fidir, vicdan, y\u00fcrek i\u015fidir. Bar\u0131\u015f; yasa, kanun, Anayasa i\u015fi de\u011fildir. Y\u00fcre\u011finiz yoksa bar\u0131\u015famazs\u0131n\u0131z bu kadar nettir&#8221; dedi.<\/p>\n<p style=\"text-align: justify;\">Demirta\u015f s\u0131k s\u0131k alk\u0131\u015flarla kesilen konu\u015fmas\u0131n\u0131 tamamlad\u0131ktan sonra beraberindekilerle Suru\u00e7&#8217;un K\u00fcl\u00fcn\u00e7e K\u00f6y\u00fc&#8217;ne giderek, bir s\u00fcre \u00f6nce vefat eden Nusaybin Belediye Ba\u015fkan\u0131 Ay\u015fe G\u00f6kkan&#8217;\u0131n annesi i\u00e7in taziye ziyaretinde bulundu. Demirta\u015f, taziye ziyaretinin ard\u0131ndan ge\u00e7 saatlerde Diyarbak\u0131r&#8217;a ge\u00e7ti.<\/p>\n<p style=\"text-align: justify;\"><span style=\"color: #888888;\">CNN T\u00dcRK<\/span><\/p>\n","protected":false},"excerpt":{"rendered":"<\/p>\n<p style=\"text-align: justify;\">Bar\u0131\u015f ve Demokrasi Partisi (BDP) Genel Ba\u015fkan\u0131 Selahattin Demirta\u015f, K\u00fcrt sorununun \u00e7\u00f6z\u00fcm\u00fc i\u00e7in h\u00fck\u00fcmetin ataca\u011f\u0131 ilk ad\u0131m\u0131n Cemil \u00c7i\u00e7ek&#8217;i susturmak oldu\u011funu s\u00f6yledi.<\/p>\n<p style=\"text-align: justify;\">\u00c7i\u00e7ek&#8217;i 80 y\u0131ll\u0131k K\u00fcrt sorununu s\u00fcnnet meselesine ba\u011flamakla su\u00e7layan Demirta\u015f, &#8220;Cemil \u00c7i\u00e7ek duruyor, duruyor &#8216;Bunlar s\u00fcnnetsizdir, bunlar \u015f\u00f6yledir&#8217; diyerek kafalar\u0131 buland\u0131rmaya, meseleyi ba\u015fka yerlere \u00e7ekmeye \u00e7al\u0131\u015f\u0131yor. Cemil \u00c7i\u00e7ek&#8217;e <\/p>\n","protected":false},"author":1,"featured_media":0,"comment_status":"open","ping_status":"closed","sticky":false,"template":"","format":"standard","meta":{"footnotes":""},"categories":[105],"tags":[],"class_list":["post-24975","post","type-post","status-publish","format-standard","hentry","category-gundem","odd"],"_links":{"self":[{"href":"http:\/\/www.korhanyilmaz.com\/index.php?rest_route=\/wp\/v2\/posts\/24975","targetHints":{"allow":["GET"]}}],"collection":[{"href":"http:\/\/www.korhanyilmaz.com\/index.php?rest_route=\/wp\/v2\/posts"}],"about":[{"href":"http:\/\/www.korhanyilmaz.com\/index.php?rest_route=\/wp\/v2\/types\/post"}],"author":[{"embeddable":true,"href":"http:\/\/www.korhanyilmaz.com\/index.php?rest_route=\/wp\/v2\/users\/1"}],"replies":[{"embeddable":true,"href":"http:\/\/www.korhanyilmaz.com\/index.php?rest_route=%2Fwp%2Fv2%2Fcomments&post=24975"}],"version-history":[{"count":0,"href":"http:\/\/www.korhanyilmaz.com\/index.php?rest_route=\/wp\/v2\/posts\/24975\/revisions"}],"wp:attachment":[{"href":"http:\/\/www.korhanyilmaz.com\/index.php?rest_route=%2Fwp%2Fv2%2Fmedia&parent=24975"}],"wp:term":[{"taxonomy":"category","embeddable":true,"href":"http:\/\/www.korhanyilmaz.com\/index.php?rest_route=%2Fwp%2Fv2%2Fcategories&post=24975"},{"taxonomy":"post_tag","embeddable":true,"href":"http:\/\/www.korhanyilmaz.com\/index.php?rest_route=%2Fwp%2Fv2%2Ftags&post=24975"}],"curies":[{"name":"wp","href":"https:\/\/api.w.org\/{rel}","templated":true}]}}