{"id":24972,"date":"2010-08-22T18:48:27","date_gmt":"2010-08-22T15:48:27","guid":{"rendered":"http:\/\/www.korhanyilmaz.com\/?p=24972"},"modified":"2010-08-22T18:48:27","modified_gmt":"2010-08-22T15:48:27","slug":"cemil-cicek-avcinin-iddialari-icin-ne-dedi","status":"publish","type":"post","link":"http:\/\/www.korhanyilmaz.com\/?p=24972","title":{"rendered":"Cemil \u00c7i\u00e7ek Avc\u0131&#8217;n\u0131n iddialar\u0131 i\u00e7in ne dedi?"},"content":{"rendered":"<p><a href=\"http:\/\/www.korhanyilmaz.com\/wp-content\/uploads\/2010\/08\/127.jpeg\"  class=\"lightview\"><img loading=\"lazy\" decoding=\"async\" class=\"aligncenter size-full wp-image-24973\" src=\"http:\/\/www.korhanyilmaz.com\/wp-content\/uploads\/2010\/08\/127.jpeg\" alt=\"\" width=\"234\" height=\"232\" \/><\/a><\/p>\n<p style=\"text-align: justify;\">Eski\u015fehir Emniyet M\u00fcd\u00fcr\u00fc Hanefi Avc\u0131&#8217;n\u0131n &#8220;Hali\u00e7&#8217;te Ya\u015fayan Simonlar&#8221; isimli kitab\u0131 geni\u015f yank\u0131 uyand\u0131rd\u0131. Kitapta yer alan iddialara ili\u015fkin tart\u0131\u015fmalara Ba\u015fbakan Yard\u0131mc\u0131s\u0131 Cemil \u00c7i\u00e7ek de kat\u0131ld\u0131. &#8220;Kanaatler \u00fczerinden h\u00fck\u00fcm tesis etmek ne kadar do\u011frudur?&#8221; sorusunu soran \u00c7i\u00e7ek, bir yarg\u0131 i\u00e7in iddialar\u0131n delillendirmi\u015f olmas\u0131 gerekti\u011fini s\u00f6yledi. \u00c7i\u00e7ek, Fethullah G\u00fclen&#8217;in T\u00fcrkiye&#8217;ye d\u00f6n\u00fc\u015f\u00fc i\u00e7in de &#8220;hukuki engel yok&#8221; dedi.<!--more--><\/p>\n<p style=\"text-align: justify;\">&#8220;Kanaatler \u00fczerinden h\u00fck\u00fcm tesis etmek ne kadar do\u011frudur? Biz evvela olaya hukuk a\u00e7\u0131s\u0131ndan bakar\u0131z ve deriz ki hakim karar verirken anayasaya, hukuka ama her \u015feyden \u00f6nce de dosyadaki delile bakar. Delil yoksa mahkum etmek de olmaz. Siz bir yarg\u0131ya varacaksan\u0131z bunu delillendirmi\u015f olman\u0131z gerekir. Delillenmiyorsa bu kanaat olarak kal\u0131r.&#8221;<\/p>\n<p style=\"text-align: justify;\">Ba\u015fbakan Yard\u0131mc\u0131s\u0131 Cemil \u00c7i\u00e7ek&#8217;in bu s\u00f6zleri, Eski\u015fehir Emniyet M\u00fcd\u00fcr\u00fc Hanefi Avc\u0131&#8217;n\u0131n kitab\u0131ndaki iddialara ili\u015fkin.<\/p>\n<p style=\"text-align: justify;\">Avc\u0131&#8217;n\u0131n cemaatlerin devlette \u00f6n plana \u00e7\u0131kt\u0131\u011f\u0131 iddialar\u0131 \u00c7i\u00e7ek&#8217;e Kanal 24&#8217;te kat\u0131ld\u0131\u011f\u0131 hafta sonu moderat\u00f6r\u00fc program\u0131nda soruldu.<\/p>\n<p style=\"text-align: justify;\">Gazeteci Hakan \u00c7elik&#8217;in sorular\u0131n\u0131 yan\u0131tlayan \u00c7i\u00e7ek, devlette &#8220;g\u00f6rev yapan insanlar objektif \u015fartlara g\u00f6re g\u00f6reve al\u0131n\u0131r&#8221; dedi.<\/p>\n<p style=\"text-align: justify;\">\u00c7i\u00e7ek, Fethullah G\u00fclen&#8217;in istedi\u011fi zaman T\u00fcrkiye&#8217;ye gelmesinde engel olmad\u0131\u011f\u0131n\u0131n da alt\u0131n\u0131 \u00e7\u0131zdi: &#8220;Bu vatan herkesindir. Onun i\u00e7in hukuken engelleyici bir durumun olmad\u0131\u011f\u0131n\u0131 biliyorum ve bu kanaatteyim. D\u00f6nmesi i\u00e7in herhangi bir engel s\u00f6z konusu olamaz. Onun d\u0131\u015f\u0131ndaki konu ki\u015filerin kendisinin takdir edece\u011fi bir konudur. Bu i\u015flerde hukuk a\u00e7\u0131s\u0131ndan baksak problemimiz olmayacak. Herkes kendi kanaatine g\u00f6re de\u011ferlendirme yap\u0131yor. D\u00f6nmesi i\u00e7in hi\u00e7bir engel yoktur.&#8221;<\/p>\n<p style=\"text-align: justify;\"><span style=\"color: #888888;\">CNN T\u00dcRK<\/span><\/p>\n","protected":false},"excerpt":{"rendered":"<\/p>\n<p style=\"text-align: justify;\">Eski\u015fehir Emniyet M\u00fcd\u00fcr\u00fc Hanefi Avc\u0131&#8217;n\u0131n &#8220;Hali\u00e7&#8217;te Ya\u015fayan Simonlar&#8221; isimli kitab\u0131 geni\u015f yank\u0131 uyand\u0131rd\u0131. Kitapta yer alan iddialara ili\u015fkin tart\u0131\u015fmalara Ba\u015fbakan Yard\u0131mc\u0131s\u0131 Cemil \u00c7i\u00e7ek de kat\u0131ld\u0131. &#8220;Kanaatler \u00fczerinden h\u00fck\u00fcm tesis etmek ne kadar do\u011frudur?&#8221; sorusunu soran \u00c7i\u00e7ek, bir yarg\u0131 i\u00e7in iddialar\u0131n delillendirmi\u015f olmas\u0131 gerekti\u011fini s\u00f6yledi. \u00c7i\u00e7ek, Fethullah G\u00fclen&#8217;in T\u00fcrkiye&#8217;ye d\u00f6n\u00fc\u015f\u00fc i\u00e7in de &#8220;hukuki <\/p>\n","protected":false},"author":1,"featured_media":0,"comment_status":"open","ping_status":"closed","sticky":false,"template":"","format":"standard","meta":{"footnotes":""},"categories":[105],"tags":[],"class_list":["post-24972","post","type-post","status-publish","format-standard","hentry","category-gundem","odd"],"_links":{"self":[{"href":"http:\/\/www.korhanyilmaz.com\/index.php?rest_route=\/wp\/v2\/posts\/24972","targetHints":{"allow":["GET"]}}],"collection":[{"href":"http:\/\/www.korhanyilmaz.com\/index.php?rest_route=\/wp\/v2\/posts"}],"about":[{"href":"http:\/\/www.korhanyilmaz.com\/index.php?rest_route=\/wp\/v2\/types\/post"}],"author":[{"embeddable":true,"href":"http:\/\/www.korhanyilmaz.com\/index.php?rest_route=\/wp\/v2\/users\/1"}],"replies":[{"embeddable":true,"href":"http:\/\/www.korhanyilmaz.com\/index.php?rest_route=%2Fwp%2Fv2%2Fcomments&post=24972"}],"version-history":[{"count":0,"href":"http:\/\/www.korhanyilmaz.com\/index.php?rest_route=\/wp\/v2\/posts\/24972\/revisions"}],"wp:attachment":[{"href":"http:\/\/www.korhanyilmaz.com\/index.php?rest_route=%2Fwp%2Fv2%2Fmedia&parent=24972"}],"wp:term":[{"taxonomy":"category","embeddable":true,"href":"http:\/\/www.korhanyilmaz.com\/index.php?rest_route=%2Fwp%2Fv2%2Fcategories&post=24972"},{"taxonomy":"post_tag","embeddable":true,"href":"http:\/\/www.korhanyilmaz.com\/index.php?rest_route=%2Fwp%2Fv2%2Ftags&post=24972"}],"curies":[{"name":"wp","href":"https:\/\/api.w.org\/{rel}","templated":true}]}}