{"id":24929,"date":"2010-08-20T15:28:27","date_gmt":"2010-08-20T12:28:27","guid":{"rendered":"http:\/\/www.korhanyilmaz.com\/?p=24929"},"modified":"2010-08-20T15:28:27","modified_gmt":"2010-08-20T12:28:27","slug":"g-kurmay-susuyor-tartisma-buyuyor","status":"publish","type":"post","link":"http:\/\/www.korhanyilmaz.com\/?p=24929","title":{"rendered":"G.Kurmay susuyor tart\u0131\u015fma b\u00fcy\u00fcyor!"},"content":{"rendered":"<p style=\"text-align: justify;\"><a href=\"http:\/\/www.korhanyilmaz.com\/wp-content\/uploads\/2010\/08\/124.jpg\"  class=\"lightview\"><img loading=\"lazy\" decoding=\"async\" class=\"aligncenter size-full wp-image-24931\" src=\"http:\/\/www.korhanyilmaz.com\/wp-content\/uploads\/2010\/08\/124.jpg\" alt=\"\" width=\"300\" height=\"200\" \/><\/a><\/p>\n<p style=\"text-align: justify;\">Heronlar\u0131n karakol bask\u0131n\u0131 s\u0131ras\u0131nda \u00e7ekti\u011fi g\u00f6r\u00fcnt\u00fclerin dikkate al\u0131nmad\u0131\u011f\u0131 iddialar\u0131 i\u00e7in G\u00fcl, &#8220;TSK soru\u015fturuyor&#8221; dedi<\/p>\n<p style=\"text-align: justify;\">AKP\u2019nin Ba\u015fbu\u011f\u2019a emekli olmadan \u00f6nce Heronlar\u2019la ilgili iddialara a\u00e7\u0131klama getirmesi \u00e7a\u011fr\u0131s\u0131n\u0131n ard\u0131ndan Cumhurba\u015fkan\u0131 G\u00fcl, \u201cSilahl\u0131 Kuvvetler i\u00e7inde de soru\u015fturmalar yap\u0131l\u0131yor. Hi\u00e7bir \u015feyin \u00fcst\u00fcn\u00fc kapatma diye bir \u015fey s\u00f6z konusu de\u011fil. Sabredin\u201d dedi. <!--more--><\/p>\n<p style=\"text-align: justify;\">AKP Grup Ba\u015fkanvekili Mustafa Elita\u015f\u2019\u0131n \u00f6nceki g\u00fcn Heronlar\u2019la ilgili iddialar\u0131 hat\u0131rlat\u0131p, \u0130lker Ba\u015fbu\u011f\u2019u emekli olmadan \u00f6nce a\u00e7\u0131klama yapmaya \u00e7a\u011f\u0131rmas\u0131 tart\u0131\u015fmay\u0131 yeni bir boyuta ta\u015f\u0131d\u0131.<\/p>\n<p style=\"text-align: justify;\">Konu d\u00fcn \u0130lker Ba\u015fbu\u011f\u2019la g\u00f6r\u00fc\u015fmeden \u00f6nce Cumhurba\u015fkan\u0131 Abdullah G\u00fcl\u2019e de soruldu. G\u00fcl, gazetecilerin \u201cBa\u015fbu\u011f\u2019un veda ziyaretinde heron olay\u0131n\u0131n\u201d g\u00fcndeme gelip gelmeyece\u011fi sorusu \u00fczerine \u015funlar\u0131 s\u00f6yledi: \u201cOlur mu. Genelkurmay Ba\u015fkan\u0131m\u0131z ya\u015f\u0131 dolay\u0131s\u0131yla emekli oluyor onun i\u00e7in bug\u00fcn bana vedaya gelecek. Bununla ilgili bir a\u00e7\u0131klama Genelkurmay taraf\u0131ndan yap\u0131lacak. Bu konularda kamuoyunda kafa kar\u0131\u015ft\u0131r\u0131c\u0131 bir \u00e7ok \u015fey oluyor. Onunla ilgili a\u00e7\u0131klamalar yap\u0131lacak. Zaten herkes, Genelkurmay da biz de b\u00f6yle bir olay olunca tabii ki herkes sorar. Silahl\u0131 Kuvvetler i\u00e7inde de soru\u015fturmalar yap\u0131l\u0131yor. Hi\u00e7bir \u015feyin \u00fcst\u00fc kapatma diye bir \u015fey s\u00f6z konusu de\u011fil. Bununla ilgili a\u00e7\u0131klamalar yap\u0131lacak. Bunlar, yaln\u0131z \u00e7ok teknik konulard\u0131r. O bak\u0131mdan onu beklerseniz daha iyi olacak.\u201d<\/p>\n<p style=\"text-align: justify;\"><strong>Parti a\u00e7\u0131klama yapt\u0131 <\/strong><\/p>\n<p style=\"text-align: justify;\">Milli Savunma Bakan\u0131 Vecdi G\u00f6n\u00fcl ise \u2019Heron\u2019 skandal\u0131yla ilgili bas\u0131n mensuplar\u0131n\u0131n sorular\u0131n\u0131 cevaps\u0131z b\u0131rakt\u0131. Bakan G\u00f6n\u00fcl, Meclis\u2019te Cuma namaz\u0131 sonras\u0131 bas\u0131n mensuplar\u0131n\u0131n \u2019Heron g\u00f6r\u00fcnt\u00fcleri ile ilgili a\u00e7\u0131klama yapacak m\u0131s\u0131n\u0131z?\u2019 sorular\u0131na kar\u015f\u0131l\u0131k ilgin\u00e7 bir cevap verdi.<\/p>\n<p style=\"text-align: justify;\">Bakanl\u0131\u011f\u0131n\u0131 konunun d\u0131\u015f\u0131nda tutan G\u00f6n\u00fcl, bu konudaki a\u00e7\u0131klamay\u0131 partinin yapt\u0131\u011f\u0131n\u0131 s\u00f6ylemekle yetindi.<\/p>\n<p style=\"text-align: justify;\">AKP Grup Ba\u015fkanvekillerinden Suat K\u0131l\u0131\u00e7 da yakla\u015f\u0131k \u00fc\u00e7 haftad\u0131r heronlardan gelen g\u00f6r\u00fcnt\u00fclerin ter\u00f6rle m\u00fccadelede yeteri kadar kullan\u0131lmad\u0131\u011f\u0131 y\u00f6n\u00fcnde iddialar bulundu\u011funu hat\u0131rlatarak \u201cSilahl\u0131 Kuvvetlerimizin bu kayg\u0131lar\u0131 giderecek \u015fekilde \u00e7ok \u015feffaf, net, kesin, kararl\u0131 ve y\u00fczde y\u00fcz do\u011fru bilgiyle halk\u0131m\u0131z\u0131 bilgilendirmesi bir zaruret olarak \u00f6n\u00fcm\u00fczde durmaktad\u0131r\u201d dedi.<\/p>\n<p style=\"text-align: justify;\"><strong>\u015eahin: A\u00e7\u0131klama bekliyoruz <\/strong><\/p>\n<p style=\"text-align: justify;\">Konuyla ilgili bir a\u00e7\u0131klama da TBMM Ba\u015fkan\u0131 Mehmet Ali \u015eahin\u2019den geldi. \u015eahin konuyla ilgili sorular \u00fczerine vatanda\u015f\u0131 tatmin edecek a\u00e7\u0131klama yap\u0131lmas\u0131n\u0131 kendisinin de istedi\u011fini s\u00f6yledi.<\/p>\n<p style=\"text-align: justify;\">Heron g\u00f6r\u00fcnt\u00fclerinin oraya ait olup olmad\u0131\u011f\u0131n\u0131n da hen\u00fcz belli olmad\u0131\u011f\u0131n\u0131 hat\u0131rlatan \u015eahin, \u201cT\u00fcrkiye art\u0131k \u00e7ok a\u00e7\u0131k ve \u015feffaf toplum haline geldi. Art\u0131k kat\u0131l\u0131mc\u0131 demokrasinin uygulan\u0131r oldu\u011fu hale geldik. Art\u0131k her \u015fey milletin g\u00f6z\u00fcn\u00fcn \u00f6n\u00fcnde cereyan ediyor. Milletin g\u00f6z\u00fcnden de hi\u00e7bir \u015fey ka\u00e7m\u0131yor. Millet ad\u0131na g\u00f6rev yapan kamu kurum ve kurulu\u015flar\u0131 yetkilileri bu konuda a\u00e7\u0131klama yapmalar\u0131nda zaruret olmalar\u0131n\u0131 d\u00fc\u015f\u00fcn\u00fcyorum.\u201d diye konu\u015ftu.<\/p>\n<p style=\"text-align: justify;\">\u015eahin, Genelkurmay\u2019\u0131n Ba\u015fbakanl\u0131\u011fa ba\u011fl\u0131 oldu\u011funu ifade ederek, Milli Savunma Bakanl\u0131\u011f\u0131 ve h\u00fck\u00fcmetin inceleme yaparak hep birlikte a\u00e7\u0131klama yapmalar\u0131 gerekti\u011fini a\u00e7\u0131klad\u0131.<\/p>\n<p style=\"text-align: justify;\"><strong>18 G\u00dcND\u00dcR TARTI\u015eILAN HERON G\u00d6R\u00dcNT\u00dcLER\u0130 <\/strong><\/p>\n<p style=\"text-align: justify;\">20 Temmuz 2010 tarihinde Hakkari\u2019nin \u00c7ukurca \u0130l\u00e7esi\u2019nde PKK\u2019l\u0131 ter\u00f6ristlerin bask\u0131n\u0131 sonucunda 7 asker \u015fehit oldu. Ancak daha sonra bu bask\u0131nla ilgili bir iddia ortal\u0131\u011f\u0131 kar\u0131\u015ft\u0131rd\u0131. 2 A\u011fustos 2010 tarihli Taraf gazetesinde PKK bask\u0131n\u0131n dakika dakika Genelkurmay ba\u015fta olmak \u00fczere 30 birim taraf\u0131ndan Heron u\u00e7aklar\u0131 yoluyla izlendi\u011fi iddia edildi. Bu haberin yay\u0131nlanmas\u0131ndan sonra Heron\u2019lar taraf\u0131ndan \u00e7ekildi\u011fi iddia edilen bask\u0131n g\u00f6r\u00fcnt\u00fcleri de bas\u0131nda yer ald\u0131.<\/p>\n<p style=\"text-align: justify;\">Konuyla ilglii a\u00e7\u0131klama beklenirken ilk tepki Milli Savunma Bakan\u0131 Vecdi G\u00f6n\u00fcl\u2019den geldi. G\u00f6n\u00fcl s\u00f6z konusu g\u00f6r\u00fcntelerin Hantepe bask\u0131n\u0131na ait olmad\u0131\u011f\u0131n\u0131 a\u00e7\u0131klad\u0131. G\u00f6n\u00fcl\u2019den bu a\u00e7\u0131klama gelirken Genelkurmay\u2019dan konuyla ilgili a\u00e7\u0131klama yap\u0131lmad\u0131. Ancak bu s\u00fcre\u00e7te Heron g\u00f6r\u00fcnt\u00fclerini izledi\u011fi iddia edilen 30 birim \u00e7al\u0131\u015fan\u0131 hakk\u0131nda operasyon ba\u015flat\u0131ld\u0131. Bu birimlerde \u00e7al\u0131\u015fan askeri personelin evlerine bask\u0131n d\u00fczenleyerek g\u00f6r\u00fcnt\u00fcleri s\u0131zdar\u0131nlar\u0131n pe\u015fine d\u00fc\u015f\u00fcld\u00fc\u011f\u00fc iddia edildi.<\/p>\n<p style=\"text-align: justify;\">\u2018Heron\u2019lardan gelen Hantepe\u2019nin g\u00f6r\u00fcnt\u00fcs\u00fc de\u011fildi\u2019 a\u00e7\u0131klamas\u0131 yap\u0131l\u0131rken bask\u0131ndan yaral\u0131 kurtulan askerler bas\u0131na konu\u015ftu. Askerler Heron\u2019lardaki g\u00f6r\u00fcnt\u00fcnen kendilerine ait oldu\u011funu iddia etti.<\/p>\n<p style=\"text-align: justify;\">9 A\u011fustos 2010 tahinde ise Ba\u015fbakan Erdo\u011fan konuyla ilgili ara\u015ft\u0131rma yap\u0131ld\u0131\u011f\u0131na dair ilk a\u00e7\u0131klamay\u0131 yapt\u0131: \u201cMilli Savunma Bakan\u0131m\u0131z, ge\u00e7ti\u011fimiz g\u00fcnlerde konuyla ilgili a\u00e7\u0131klama yapm\u0131\u015ft\u0131. Genelkurmay konuyla ilgili \u00e7al\u0131\u015fmas\u0131n\u0131 \u015fu anda s\u00fcrd\u00fcr\u00fcyor.\u201d<\/p>\n<p style=\"text-align: justify;\"><strong>Ba\u015fbu\u011f G\u00fcl\u2019e veda etti <\/strong><\/p>\n<p style=\"text-align: justify;\">AKP temsilcilerinin Heron olay\u0131 nedeniyle a\u011f\u0131r s\u00f6zlerle y\u00fcklendi\u011fi Genelkurmay Ba\u015fkan\u0131 Orgeneral \u0130lker Ba\u015fbu\u011f Cumhurba\u015fkan\u0131 Abdullah G\u00fcl\u2019e veda ziyaretinde bulundu. Cumhurba\u015fkan\u0131 G\u00fcl, 30 A\u011fustos\u2019ta emekliye ayr\u0131lacak olan Ba\u015fbu\u011f\u2019u Tarabya K\u00f6\u015fk\u00fc\u2019nde kabul etti. Bas\u0131na kapal\u0131 ger\u00e7ekle\u015fen g\u00f6r\u00fc\u015fme 1 saat 10 dakika s\u00fcrd\u00fc.<\/p>\n<p style=\"text-align: justify;\"><span style=\"color: #888888;\">VATAN<\/span><\/p>\n","protected":false},"excerpt":{"rendered":"<p style=\"text-align: justify;\">\n<p style=\"text-align: justify;\">Heronlar\u0131n karakol bask\u0131n\u0131 s\u0131ras\u0131nda \u00e7ekti\u011fi g\u00f6r\u00fcnt\u00fclerin dikkate al\u0131nmad\u0131\u011f\u0131 iddialar\u0131 i\u00e7in G\u00fcl, &#8220;TSK soru\u015fturuyor&#8221; dedi<\/p>\n<p style=\"text-align: justify;\">AKP\u2019nin Ba\u015fbu\u011f\u2019a emekli olmadan \u00f6nce Heronlar\u2019la ilgili iddialara a\u00e7\u0131klama getirmesi \u00e7a\u011fr\u0131s\u0131n\u0131n ard\u0131ndan Cumhurba\u015fkan\u0131 G\u00fcl, \u201cSilahl\u0131 Kuvvetler i\u00e7inde de soru\u015fturmalar yap\u0131l\u0131yor. Hi\u00e7bir \u015feyin \u00fcst\u00fcn\u00fc kapatma diye bir \u015fey s\u00f6z konusu de\u011fil. Sabredin\u201d dedi. <\/p>\n","protected":false},"author":1,"featured_media":0,"comment_status":"open","ping_status":"closed","sticky":false,"template":"","format":"standard","meta":{"footnotes":""},"categories":[105],"tags":[],"class_list":["post-24929","post","type-post","status-publish","format-standard","hentry","category-gundem","odd"],"_links":{"self":[{"href":"http:\/\/www.korhanyilmaz.com\/index.php?rest_route=\/wp\/v2\/posts\/24929","targetHints":{"allow":["GET"]}}],"collection":[{"href":"http:\/\/www.korhanyilmaz.com\/index.php?rest_route=\/wp\/v2\/posts"}],"about":[{"href":"http:\/\/www.korhanyilmaz.com\/index.php?rest_route=\/wp\/v2\/types\/post"}],"author":[{"embeddable":true,"href":"http:\/\/www.korhanyilmaz.com\/index.php?rest_route=\/wp\/v2\/users\/1"}],"replies":[{"embeddable":true,"href":"http:\/\/www.korhanyilmaz.com\/index.php?rest_route=%2Fwp%2Fv2%2Fcomments&post=24929"}],"version-history":[{"count":0,"href":"http:\/\/www.korhanyilmaz.com\/index.php?rest_route=\/wp\/v2\/posts\/24929\/revisions"}],"wp:attachment":[{"href":"http:\/\/www.korhanyilmaz.com\/index.php?rest_route=%2Fwp%2Fv2%2Fmedia&parent=24929"}],"wp:term":[{"taxonomy":"category","embeddable":true,"href":"http:\/\/www.korhanyilmaz.com\/index.php?rest_route=%2Fwp%2Fv2%2Fcategories&post=24929"},{"taxonomy":"post_tag","embeddable":true,"href":"http:\/\/www.korhanyilmaz.com\/index.php?rest_route=%2Fwp%2Fv2%2Ftags&post=24929"}],"curies":[{"name":"wp","href":"https:\/\/api.w.org\/{rel}","templated":true}]}}