{"id":24926,"date":"2010-08-21T08:18:43","date_gmt":"2010-08-21T05:18:43","guid":{"rendered":"http:\/\/www.korhanyilmaz.com\/?p=24926"},"modified":"2010-08-21T08:18:43","modified_gmt":"2010-08-21T05:18:43","slug":"yesil-cem-erseveri-smith-wessonla-oldurdum-demis","status":"publish","type":"post","link":"http:\/\/www.korhanyilmaz.com\/?p=24926","title":{"rendered":"Ye\u015fil, &#8216;Cem Ersever&#8217;i Smith Wesson&#8217;la \u00f6ld\u00fcrd\u00fcm&#8217; demi\u015f!"},"content":{"rendered":"<div id=\"attachment_24927\" style=\"width: 430px\" class=\"wp-caption aligncenter\"><a href=\"http:\/\/www.korhanyilmaz.com\/gazetekupurleri\/hanefiavci\/hanefiavci.html\" target=\"_blank\"><img loading=\"lazy\" decoding=\"async\" aria-describedby=\"caption-attachment-24927\" class=\"size-full wp-image-24927\" src=\"http:\/\/www.korhanyilmaz.com\/wp-content\/uploads\/2010\/08\/123.jpg\" alt=\"\" width=\"420\" height=\"210\" \/ class=\"lightview\"><\/a><p id=\"caption-attachment-24927\" class=\"wp-caption-text\">Bu habere \u0130li\u015fkin \u00c7e\u015fitli Gazete Kupurleri i\u00e7in resmin \u00fczerine T\u0131klay\u0131n..<\/p><\/div>\n<p style=\"text-align: center;\">\n<p style=\"text-align: justify;\">Hanefi Avc\u0131\u2019n\u0131n \u201cHali\u00e7\u2019te Ya\u015fayan Simonlar\/ D\u00fcn Devlet Bug\u00fcn Cemaat\u201d isimli kitab\u0131 olay yaratt\u0131.<\/p>\n<p style=\"text-align: justify;\">Eski\u015fehir Emniyet M\u00fcd\u00fcr\u00fc Hanefi Avc\u0131\u2019n\u0131n \u201cHali\u00e7\u2019te Ya\u015fayan Simonlar\/ D\u00fcn Devlet Bug\u00fcn Cemaat\u201d isimli kitab\u0131 olay yaratt\u0131. Avc\u0131 kitab\u0131nda, b\u00fcy\u00fck yank\u0131 bulan cemaat\u00e7i yap\u0131lanmaya ili\u015fkin iddialar\u0131n\u0131n yan\u0131 s\u0131ra J\u0130TEM\u2019in yap\u0131s\u0131, Cem Ersever cinayeti ve Uzan operasyonu hakk\u0131nda da gizli kalm\u0131\u015f detaylar anlat\u0131yor.<!--more--><\/p>\n<p style=\"text-align: justify;\">Susurluk olaylar\u0131nda devletin i\u00e7indeki \u00e7eteleri a\u00e7\u0131klayan, g\u00f6rev yapt\u0131\u011f\u0131 her yerde yolsuzlukla m\u00fccadelede isim yapan Eski\u015fehir Emniyet M\u00fcd\u00fcr\u00fc Hanefi Avc\u0131, 14 y\u0131l sonra yazd\u0131\u011f\u0131 kitapla T\u00fcrkiye g\u00fcndemine bomba gibi d\u00fc\u015ft\u00fc. Kitaptaki iddialar\u0131n geni\u015f yank\u0131 bulmas\u0131n\u0131n ard\u0131ndan \u0130\u00e7i\u015fleri Bakanl\u0131\u011f\u0131, Avc\u0131 hakk\u0131nda soru\u015fturma ba\u015flatt\u0131. Emniyet te\u015fkilat\u0131nda teknik-elektronik istihbarat\u0131n kurucusu olarak bilinen Avc\u0131, ba\u015fta emniyet ve yarg\u0131 olmak \u00fczere devlet kurumlar\u0131ndaki cemaat\u00e7i yap\u0131lanmala ilgili yazd\u0131\u011f\u0131 kitapta Ergenekon\u2019dan Balyoz\u2019a ve Baykal\u2019a kurulan gizli kamera tuza\u011f\u0131na kadar bir\u00e7ok konuda inan\u0131lmaz iddialar ortaya att\u0131. D\u00fcn medyada yay\u0131nlanan bu iddialar\u0131n yan\u0131 s\u0131ra, kitapta T\u00fcrkiye\u2019nin yak\u0131n tarihine damga vuran operasyonlarla ilgili de g\u00fcn y\u00fcz\u00fcne \u00e7\u0131kmam\u0131\u015f detaylar var. \u0130\u015fte kitaptan cinayete kurban giden J\u0130TEM\u2019in kurucusu Cem Ersever ile Uzan Ailesi hakk\u0131nda y\u00fcr\u00fct\u00fclen operasyonla ilgili iddialar&#8230;<\/p>\n<p style=\"text-align: justify;\"><strong>CEM G\u00d6Z\u00dc KARA B\u0130R\u0130YD\u0130 <\/strong><\/p>\n<p style=\"text-align: justify;\">1984 y\u0131l\u0131n\u0131n son g\u00fcnlerinde bir grup arkada\u015f\u0131mla tayinim Diyarbak\u0131r\u2019a \u00e7\u0131kt\u0131. Siirt \u0130l Jandarma Alay Komutanl\u0131\u011f\u0131 b\u00f6lgesinde \u00e7al\u0131\u015fan Cem y\u00fczba\u015f\u0131 (Ersever) t\u00fcm b\u00f6lgeyi dola\u015fan, olup biten her \u015feyi kontrol eden g\u00f6z\u00fc kara biriydi. Kab\u0131na s\u0131\u011fmayan s\u00fcrekli ko\u015fturan biriydi. J\u0130TEM\u2019in kurulmas\u0131yla birlikte Cem\u2019in ve baz\u0131 subaylar\u0131n kurucular aras\u0131nda olduklar\u0131n\u0131 duydum&#8230;<\/p>\n<p style=\"text-align: justify;\"><strong>\u2018Her yol m\u00fcbah\u2019 derdi <\/strong><\/p>\n<p style=\"text-align: justify;\">Bir m\u00fcddet sonra Cem, J\u0130TEM Grup Komutan\u0131 olarak atand\u0131 ve bir y\u0131la yak\u0131n burada g\u00f6rev yapt\u0131. Bir g\u00fcn bana illegal \u00f6rg\u00fct mensuplar\u0131n\u0131n baz\u0131lar\u0131n\u0131 gizli yakalad\u0131klar\u0131n\u0131, sorgulad\u0131klar\u0131n\u0131 s\u00f6yleyerek, onlardan ald\u0131\u011f\u0131 silah ve malzemeleri g\u00f6sterdi. Sorgulanan bu insanlar\u0131n ak\u0131betlerinin ne oldu\u011fu konusuna a\u00e7\u0131kl\u0131k getirilemiyordu, fakat dolayl\u0131 olarak sonucunun ne oldu\u011fu tahmin edilebiliyordu. Cem, PKK ile m\u00fccadele etmek i\u00e7in kanun d\u0131\u015f\u0131 her t\u00fcrl\u00fc y\u00f6ntemin kullan\u0131lmas\u0131 gerekti\u011fini, normal yol ve y\u00f6ntemlerle bu i\u015fin ba\u015far\u0131lamayaca\u011f\u0131n\u0131 ima etmeye, anlatmaya \u00e7al\u0131\u015f\u0131yordu&#8230; Ben anlatt\u0131\u011f\u0131 y\u00f6ntemlerin do\u011fru yollar olmad\u0131\u011f\u0131n\u0131 s\u00f6yledim.<\/p>\n<p style=\"text-align: justify;\"><strong>Burama kadar batt\u0131m <\/strong><\/p>\n<p style=\"text-align: justify;\">\u201cBurada su\u00e7lu kim? PKK\u2019ya ekmek veren, onlara yard\u0131m eden k\u00f6yl\u00fc m\u00fc, yoksa burada r\u00fc\u015fvet mekanizmas\u0131n\u0131 \u00e7al\u0131\u015ft\u0131rmak suretiyle yanl\u0131\u015f uygulamalar yaparak toprak a\u011falar\u0131na ya da n\u00fcfuzlu insanlara kar\u015f\u0131 k\u00f6yl\u00fcleri yaln\u0131z b\u0131rak\u0131p PKK\u2019n\u0131n kuca\u011f\u0131na atanlar m\u0131?\u201d diye sordum. Cem, \u201cEvet sen hakl\u0131s\u0131n\u201d dedi. Ama sonra elini boynuna g\u00f6t\u00fcrerek, \u201cBen burama kadar bu i\u015fe batt\u0131m, bana anlatma. Bu i\u015fte var m\u0131s\u0131n, yok musun?\u201d dedi. Bir s\u00fcre sonra HEP Diyarbak\u0131r \u0130l Ba\u015fkan\u0131 Vedat Ayd\u0131n evinden polis g\u00f6r\u00fcn\u00fcm\u00fcndeki ki\u015filer taraf\u0131ndan Emniyet\u2019e g\u00f6t\u00fcr\u00fclece\u011fi s\u00f6ylenerek ka\u00e7\u0131r\u0131lm\u0131\u015ft\u0131. O zamanlar Cem\u2019in yan\u0131ndak\u0131 baz\u0131 ki\u015filere uyan bir e\u015fkal tarif ediliyordu. Soru\u015fturman\u0131n ba\u015f\u0131na o tarihte Emniyet M\u00fcd\u00fcr Yard\u0131mc\u0131s\u0131 olan H\u00fcseyin Kocada\u011f verilmi\u015fti.<\/p>\n<p style=\"text-align: justify;\"><strong>Cem tehdit ediyordu <\/strong><\/p>\n<p style=\"text-align: justify;\">Vedat Ayd\u0131n, k\u0131sa bir s\u00fcre sonra Diyarbak\u0131r\u2019dan 70-80 km. uzakl\u0131kta kala\u015fnikofla \u00f6ld\u00fcr\u00fclm\u00fc\u015f olarak bulundu&#8230; Asayi\u015f Kolordu Kurmay Ba\u015fkan\u0131 ile g\u00f6r\u00fc\u015fmek i\u00e7in yan\u0131na gitti\u011fimde Cem binba\u015f\u0131 oradayd\u0131 ve Kurmay Ba\u015fkan\u0131 ile konu\u015fuyorlard\u0131. Cem, \u201cDarda kal\u0131rsam ben de G\u00fcneydo\u011fu\u2019da Asayi\u015f Kolordu Komutan\u0131 b\u00f6lgesinde \u015fu, \u015fu, \u015fu olaylar oldu, bu olaylardan \u015fu, \u015fu ki\u015filerin bilgisi vard\u0131 derim\u201d diyerek dolayl\u0131 yollu kar\u015f\u0131s\u0131ndakini tehdit ediyordu&#8230; G\u00f6r\u00fcnd\u00fc\u011f\u00fc kadar\u0131yla Cem binba\u015f\u0131 son d\u00f6nemde kendi \u00fcstleriyle veya kendi te\u015fkilat\u0131yla \u00e7at\u0131\u015fma i\u00e7indeydi.<\/p>\n<p style=\"text-align: justify;\"><strong>Komutanlar rahats\u0131zd\u0131 <\/strong><\/p>\n<p style=\"text-align: justify;\">Jandarma yetkilileri, Cem\u2019in Ayd\u0131nl\u0131k gazetesinden Soner Yal\u00e7\u0131n\u2019a G\u00fcneydo\u011fu\u2019daki infaz olaylar\u0131 ve ba\u015fka kanunsuz i\u015fler dahil olmak \u00fczere bir\u00e7ok gizli bilgileri vermesinden dolay\u0131 son derece rahats\u0131zd\u0131. Cem daha \u00e7ok kuzeyde 8. Kolordu b\u00f6lgesindeki Bing\u00f6l ve Tunceli b\u00f6lgesinde Ye\u015fil\u2019in kar\u0131\u015ft\u0131\u011f\u0131 olaylar\u0131 anlat\u0131yordu. Fakat s\u0131ra Diyarbak\u0131r b\u00f6lgesine gelirse di\u011fer jandarma komutanlar\u0131n\u0131n isimlerini de verebilece\u011fi korkusu vard\u0131. Bu y\u00fczden Cem\u2019i ortadan kald\u0131rmay\u0131 d\u00fc\u015f\u00fcn\u00fcyorlard\u0131.<\/p>\n<p style=\"text-align: justify;\"><strong>Cinayet planlar\u0131<\/strong><\/p>\n<p style=\"text-align: justify;\">Daha sonra \u00f6\u011frendi\u011fimiz kadar\u0131yla Cem\u2019i \u00f6ld\u00fcrmek i\u00e7in asl\u0131nda daha \u00f6nce de epey plan yap\u0131lm\u0131\u015f&#8230; \u0130\u015fte tam J\u0130TEM\u2019de Cem\u2019i ortadan kald\u0131rman\u0131n yollar\u0131 aran\u0131rken, Mustafa Deniz gelip Cem\u2019e ait malzemelerin Kemal Sad\u0131k Uzuner\u2019de oldu\u011funu s\u00f6yleyince, planlar\u0131n\u0131 uygulayabilecekleri bir f\u0131rsat yakalad\u0131klar\u0131n\u0131 d\u00fc\u015f\u00fcn\u00fcyorlar. J\u0130TEM y\u00f6neticileri hemen Ali Balkan Metel\u2019le g\u00f6r\u00fc\u015f\u00fcyorlar, onun vas\u0131tas\u0131yla Kemal Sad\u0131k Uzuner\u2019e ula\u015f\u0131yorlar. Uzuner onlara Cem\u2019in ne zaman gelece\u011fi hakk\u0131nda bilgi veriyor&#8230; Kemal\u2019in evine pusu kuruyorlar. Cem gelince hemen yakal\u0131yorlar.<\/p>\n<p style=\"text-align: justify;\"><strong>\u015eimdi inkar ederler <\/strong><\/p>\n<p style=\"text-align: justify;\">Ankara Emniyeti Cem\u2019in kaybolmas\u0131yla ilgili olarak Kemal\u2019i Emniyete \u00e7a\u011f\u0131rd\u0131\u011f\u0131nda olay ortaya \u00e7\u0131kaca\u011f\u0131 i\u00e7in hemen Emniyete bizim eleman\u0131m\u0131zd\u0131r dokunmay\u0131n diye bask\u0131 yap\u0131yorlar&#8230; O zaman polis Kemal\u2019in evine bask\u0131n yapm\u0131\u015f olsa Cem kesinlikle kurtar\u0131labilirdi, ama maalesef yap\u0131lmad\u0131&#8230; Bug\u00fcn bu olay yeniden konu\u015fulsa ad\u0131 ge\u00e7en insanlar\u0131n hi\u00e7biri \u015fahitlik yapmaz. O tarihte J\u0130TEM\u2019i ve Ye\u015fil\u2019i bilen Emniyet g\u00f6revlileri, Genel Komutanl\u0131\u011f\u0131\u2019na gittiklerinde Ye\u015fil ile kar\u015f\u0131la\u015f\u0131yorlar. Ye\u015fil elindeki Smith Wesson marka tabancay\u0131 g\u00f6stererek, \u201cBununla ate\u015f ettim, gerekirse size de ate\u015f ederim\u201d diyecek kadar rahatl\u0131kla cinayeti kabul ediyordu. Bu olay bana o tarihte buna \u015fahit olanlar taraf\u0131ndan anlat\u0131lm\u0131\u015ft\u0131. Ama bug\u00fcn sorsan\u0131z hepsi g\u00f6rd\u00fcklerini kesinlikle inkar edeceklerdir.<\/p>\n<p style=\"text-align: justify;\"><strong>Cesedi 11 g\u00fcn sonra bulundu <\/strong><\/p>\n<p style=\"text-align: justify;\">\u2018Efsane Binba\u015f\u0131\u2019 olarak \u00fcn yapan ve J\u0130TEM\u2019in kurucu olarak an\u0131lan Jandarma Binba\u015f\u0131 Cem Ersever, 80\u2019lerin sonu ve 90\u2019lar\u0131n ba\u015f\u0131nda G\u00fcneydo\u011fu\u2019da PKK ile ilgili t\u00fcm istihbari \u00e7al\u0131\u015fmalar\u0131 y\u00f6netmi\u015fti. Jandarma Genel Komutan\u0131 Orgeneral E\u015fref Bitlis\u2018in ku\u015fkulu bir u\u00e7ak kazas\u0131nda \u00f6l\u00fcm\u00fcnden bir ay kadar sonra, binba\u015f\u0131 r\u00fctbesindeyken, 17 Mart 1993\u2019de 30 arkada\u015f\u0131 ile birlikte g\u00f6revinden istifa etmi\u015f, kendisine bir \u015fey olursa Hanefi Avc\u0131\u2018ya haber vermesini istemi\u015fti. Ersever, Ayd\u0131nl\u0131k gazetesine anlatt\u0131klar\u0131yla ilgili olarak mahkemeye ifade vermek i\u00e7in 24 Ekim 1993\u2019te Ankara\u2019ya gitti ve bir daha kendisinden haber al\u0131namad\u0131. 1 Kas\u0131m\u2019da Ankara \u00c7aml\u0131dere\u2019de sevgilisi Neval Boz\u2019un, 2 Kas\u0131m\u2019da Ankara Polatl\u0131\u2019da itiraf\u00e7\u0131 Murat Demir\u2019in ve 4 Kas\u0131m 1993\u2019de Ankara Elmada\u011f\u2019da Ahmet Cem Ersever\u2019in cesetleri jandarma taraf\u0131ndan bulundu. Birbirlerini tan\u0131yan bu \u00fc\u00e7 ki\u015fiyi kimlerin \u00f6ld\u00fcrd\u00fc\u011f\u00fc bir s\u0131r olarak kald\u0131.<\/p>\n<p style=\"text-align: justify;\"><strong>Devlet, Uzanlar\u2019\u0131 elinden nas\u0131l ka\u00e7\u0131rd\u0131? <\/strong><\/p>\n<p style=\"text-align: justify;\">Ka\u00e7ak\u00e7\u0131l\u0131k Daire Ba\u015fkan\u0131 olarak g\u00f6revde yeniydim, Uzan olay\u0131 patlak verdi. Bir anda kendimi denetim elemanlar\u0131n\u0131n, m\u00fcfetti\u015flerin ve bankalar yeminli murak\u0131plar\u0131n\u0131n aras\u0131nda hen\u00fcz anlay\u0131p kavrayamad\u0131\u011f\u0131m Uzanlar\u0131n \u0130mar Bankas\u0131 yolsuzlu\u011funun ve ard\u0131ndan t\u00fcm \u015firketlerinin kar\u0131\u015ft\u0131\u011f\u0131 olay\u0131n i\u00e7inde buldum. M\u0130T\u2019in mali uzmanlar\u0131, bankac\u0131lar bile yap\u0131lan yolsuzlu\u011fu anlamakta zorlan\u0131yordu. Yolsuzlu\u011fun yap\u0131l\u0131\u015f bi\u00e7imini ve y\u00f6ntemini anlamam\u0131z bile birka\u00e7 hafta s\u00fcrd\u00fc&#8230; \u00c7al\u0131\u015fanlarla g\u00f6r\u00fc\u015f\u00fcp eldeki kay\u0131tlar\u0131 inceleyince, hi\u00e7 kimse bilmeden, g\u00f6rmeden milyar dolarlar\u0131n herkesin \u00f6n\u00fcnde saklanabilece\u011fi sonucuna vard\u0131m.<\/p>\n<p style=\"text-align: justify;\"><strong>\u015eeytani bir y\u00f6ntem<\/strong><\/p>\n<p style=\"text-align: justify;\">Bu \u015feytani bir y\u00f6ntemdi, dahiyane bir uygulama idi ama Uzanlar bunu yapm\u0131\u015ft\u0131. Ara\u015ft\u0131rmalar ilerledik\u00e7e Uzanlar\u0131n daha \u00e7ok marifeti \u00e7\u0131k\u0131yordu&#8230; Ancak Uzunlara ait yerlerde ama yapmak veya Uzanlar\u0131 sorgulamak i\u00e7in yakalama karar\u0131 alam\u0131yorduk. Savc\u0131lar\u0131 ikna etmek, mahkemelerden karar almak \u00e7ok zordu. Savc\u0131lar mudilerin \u015fikayetlerini hukuki bir mesele olarak alg\u0131l\u0131yor, bu kadar a\u00e7\u0131kla ilgili uzman raporlar\u0131 kesin de\u011fil v.s diyorlard\u0131. Geciken kararlar sonunda Kemal Uzan, Hakan Uzan, Yavuz Uzan ve di\u011fer baz\u0131 \u00f6nemli ki\u015filer yurt d\u0131\u015f\u0131na ka\u00e7m\u0131\u015flard\u0131. Cem Uzan son zamanda Gen\u00e7 Parti ba\u015fkan\u0131 oldu\u011fu i\u00e7in \u015firketlerdeki hisse ve y\u00f6neticili\u011fi se\u00e7im d\u00f6neminde azalt\u0131lm\u0131\u015ft\u0131. Ayr\u0131ca Cem Uzan\u2019\u0131n \u00fczerine gitsek yapt\u0131klar\u0131m\u0131z hukuki de\u011fil siyaseten yap\u0131l\u0131yor denerek \u00e7arp\u0131t\u0131labilirdi.<\/p>\n<p style=\"text-align: justify;\"><strong>Ola\u011fan\u00fcst\u00fc bir ihbar <\/strong><\/p>\n<p style=\"text-align: justify;\">Bu s\u0131rada ola\u011fan\u00fcst\u00fc bir \u015fey oldu, gelen bir ihbarla Uzanlar\u0131n banka ve \u015firketlerinden ka\u00e7\u0131rd\u0131klar\u0131 paralar\u0131 \u015eenlikk\u00f6y\u2019de bir villaya koyduklar\u0131 bildirildi&#8230; Arama karar\u0131 sonras\u0131nda yap\u0131lan aramada para bulunamad\u0131 ancak her biri 2 metre boyunda 22 adet dev \u00e7elik kasa i\u00e7erisinde Uzanlar\u0131n \u015firket binalar\u0131ndan ka\u00e7\u0131r\u0131p getirdikleri t\u00fcm Uzan grubu \u015firket ve holdinglerinin dosyalar\u0131, gizli izleme, takip, casusluk i\u015flerine dair kay\u0131tlar ve gizli say\u0131lacak \u00e7ok \u00f6nemli belgeler ele ge\u00e7irilmi\u015fti.<\/p>\n<p style=\"text-align: justify;\"><strong>Yeni karargah \u00dcrd\u00fcn <\/strong><\/p>\n<p style=\"text-align: justify;\">\u00dclkemizden ka\u00e7an Uzanlar\u0131n yeni karargah\u0131n\u0131n \u00dcrd\u00fcn oldu\u011funu k\u0131sa s\u00fcrede \u00f6\u011frenmi\u015ftik ama burada i\u015fler daha zordu, \u00e7\u00fcnk\u00fc \u00dcrd\u00fcn\u2019de belli aile ve a\u015firetler devlet y\u00f6netimini payla\u015fm\u0131\u015f gibiydiler. Uzanlar ise \u00dcrd\u00fcn\u2019de ileri gelen her aileyle, her a\u015firetle ortak \u015firket kurmu\u015ftu. Kral ile kar\u015f\u0131l\u0131kl\u0131 yak\u0131nl\u0131klar\u0131 vard\u0131. Krala hediye olarak otomobil, silah veriyor, sebebi belli olmadan milyon dolarlar \u00f6d\u00fcyorlard\u0131. T\u00fcm u\u011fra\u015flar\u0131m\u0131za ra\u011fmen bilgi alamad\u0131\u011f\u0131m\u0131z gibi \u00dcrd\u00fcn Uzanlar\u0131n faaliyet ve organizasyonlar\u0131n\u0131n merkezi olmaya devam etti. Hala da etti\u011fi kanaatindeyim. Uzanlar\u0131n belgelerini inceledik\u00e7e mali a\u00e7\u0131dan as\u0131l merkez olarak \u0130svi\u00e7re\u2019yi se\u00e7tikleri anla\u015f\u0131l\u0131yordu ama hi\u00e7bir zaman paray\u0131 T\u00fcrkiye\u2019den \u0130svi\u00e7re\u2019ye direkt yollam\u0131yorlard\u0131.<\/p>\n<p style=\"text-align: justify;\"><strong>\u00dcrd\u00fcn kral\u0131na 1 milyon $ <\/strong><\/p>\n<p style=\"text-align: justify;\">Paralar \u00f6nce \u0130ngiltere\u2019yi ve Hollanda\u2019y\u0131 dola\u015f\u0131yor, sonra \u0130svi\u00e7re\u2019ye g\u00f6nderiliyordu. Uzan davas\u0131n\u0131n t\u00fcm savc\u0131l\u0131k i\u015flerini yapan Savc\u0131 Mecit Ceylan, adli istinabe haz\u0131rlayarak \u0130svi\u00e7re\u2019deki Uzan dosyas\u0131 ve i\u00e7eri\u011fi hakk\u0131nda bilgi istedi. Bu istinabeye cevaben \u0130svi\u00e7re\u2019den \u00e7ok ciddi bilgiler geldi. Bunlar aras\u0131nda \u00dcrd\u00fcn Kral\u0131 H\u00fcseyin\u2019e, \u00e7ocuklar\u0131 ve s\u0131k\u0131nt\u0131 i\u00e7erisinde bulunan askerler yarar\u0131na hediye olarak Telsim taraf\u0131ndan bir milyon dolar para g\u00f6nderildi\u011fi de vard\u0131. Bu para \u00f6nce \u0130ngiltere-Hollanda dola\u015ft\u0131r\u0131larak \u0130svi\u00e7re\u2019ye gelmi\u015f ve buradan Amman\u2019a g\u00f6nderilmi\u015fti. Kral taraf\u0131ndan \u00e7ekilen bu paran\u0131n neden T\u00fcrkiye\u2019den \u00dcrd\u00fcn\u2019e do\u011frudan g\u00f6nderilmeyip bu yolun izlendi\u011fi bize soruluyordu. Maalesef ger\u00e7ek sebebin ne oldu\u011fundan emindik ama delilimiz yoktu. Daha sonras\u0131nda g\u00f6revden al\u0131nd\u0131\u011f\u0131mdan neticesinin ne oldu\u011funu bilmiyorum. Yaln\u0131zca \u0130svi\u00e7re\u2019nin cevap verdi\u011fini ve baz\u0131 bilgileri g\u00f6nderdi\u011fini duydum.<\/p>\n<p style=\"text-align: justify;\"><a href=\"http:\/\/haber.gazetevatan.com\/yesil-cem-erseveri-smith-wessonla-oldurdum-demis\/324281\/1\/Gundem\" target=\"_blank\"><span style=\"color: #888888;\">VATAN<\/span><\/a><\/p>\n","protected":false},"excerpt":{"rendered":"<p id=\"caption-attachment-24927\" class=\"wp-caption-text\">Bu habere \u0130li\u015fkin \u00c7e\u015fitli Gazete Kupurleri i\u00e7in resmin \u00fczerine T\u0131klay\u0131n..<\/p>\n<p style=\"text-align: center;\">\n<p style=\"text-align: justify;\">Hanefi Avc\u0131\u2019n\u0131n \u201cHali\u00e7\u2019te Ya\u015fayan Simonlar\/ D\u00fcn Devlet Bug\u00fcn Cemaat\u201d isimli kitab\u0131 olay yaratt\u0131.<\/p>\n<p style=\"text-align: justify;\">Eski\u015fehir Emniyet M\u00fcd\u00fcr\u00fc Hanefi Avc\u0131\u2019n\u0131n \u201cHali\u00e7\u2019te Ya\u015fayan Simonlar\/ D\u00fcn Devlet Bug\u00fcn Cemaat\u201d isimli kitab\u0131 olay yaratt\u0131. Avc\u0131 kitab\u0131nda, b\u00fcy\u00fck yank\u0131 bulan cemaat\u00e7i yap\u0131lanmaya <\/p>\n","protected":false},"author":1,"featured_media":0,"comment_status":"open","ping_status":"closed","sticky":false,"template":"","format":"standard","meta":{"footnotes":""},"categories":[105],"tags":[],"class_list":["post-24926","post","type-post","status-publish","format-standard","hentry","category-gundem","odd"],"_links":{"self":[{"href":"http:\/\/www.korhanyilmaz.com\/index.php?rest_route=\/wp\/v2\/posts\/24926","targetHints":{"allow":["GET"]}}],"collection":[{"href":"http:\/\/www.korhanyilmaz.com\/index.php?rest_route=\/wp\/v2\/posts"}],"about":[{"href":"http:\/\/www.korhanyilmaz.com\/index.php?rest_route=\/wp\/v2\/types\/post"}],"author":[{"embeddable":true,"href":"http:\/\/www.korhanyilmaz.com\/index.php?rest_route=\/wp\/v2\/users\/1"}],"replies":[{"embeddable":true,"href":"http:\/\/www.korhanyilmaz.com\/index.php?rest_route=%2Fwp%2Fv2%2Fcomments&post=24926"}],"version-history":[{"count":0,"href":"http:\/\/www.korhanyilmaz.com\/index.php?rest_route=\/wp\/v2\/posts\/24926\/revisions"}],"wp:attachment":[{"href":"http:\/\/www.korhanyilmaz.com\/index.php?rest_route=%2Fwp%2Fv2%2Fmedia&parent=24926"}],"wp:term":[{"taxonomy":"category","embeddable":true,"href":"http:\/\/www.korhanyilmaz.com\/index.php?rest_route=%2Fwp%2Fv2%2Fcategories&post=24926"},{"taxonomy":"post_tag","embeddable":true,"href":"http:\/\/www.korhanyilmaz.com\/index.php?rest_route=%2Fwp%2Fv2%2Ftags&post=24926"}],"curies":[{"name":"wp","href":"https:\/\/api.w.org\/{rel}","templated":true}]}}