{"id":24921,"date":"2010-08-20T15:37:06","date_gmt":"2010-08-20T12:37:06","guid":{"rendered":"http:\/\/www.korhanyilmaz.com\/?p=24921"},"modified":"2010-08-20T15:37:06","modified_gmt":"2010-08-20T12:37:06","slug":"bassavci-cihaner-dehsetle-izliyorum","status":"publish","type":"post","link":"http:\/\/www.korhanyilmaz.com\/?p=24921","title":{"rendered":"Ba\u015fsavc\u0131 Cihaner: Deh\u015fetle izliyorum"},"content":{"rendered":"<div id=\"attachment_24922\" style=\"width: 306px\" class=\"wp-caption aligncenter\"><a href=\"http:\/\/www.korhanyilmaz.com\/wp-content\/uploads\/2010\/08\/122.jpg\"  class=\"lightview\"><img loading=\"lazy\" decoding=\"async\" aria-describedby=\"caption-attachment-24922\" class=\"size-full wp-image-24922\" src=\"http:\/\/www.korhanyilmaz.com\/wp-content\/uploads\/2010\/08\/122.jpg\" alt=\"\" width=\"296\" height=\"220\" \/><\/a><p id=\"caption-attachment-24922\" class=\"wp-caption-text\">Erzincan Cumhuriyet Ba\u015fsavc\u0131s\u0131 \u0130lhan Cihaner ( Ar\u015fiv )<\/p><\/div>\n<p style=\"text-align: justify;\">Yarg\u0131daki atama kriziyle ilgili ilk kez konu\u015fan Erzincan Cumhuriyet Ba\u015fsavc\u0131s\u0131 \u0130lhan Cihaner, Anayasa paketiyle yarg\u0131 ba\u011f\u0131ms\u0131zl\u0131\u011f\u0131na \u00e7ok a\u011f\u0131r bir sald\u0131r\u0131 yap\u0131ld\u0131\u011f\u0131n\u0131 savundu. Cihaner, \u201cDeh\u015fetle izliyorum\u201d dedi.<\/p>\n<p style=\"text-align: justify;\">\u0130STANBUL &#8211; Erzincan Cumhuriyet Ba\u015fsavc\u0131s\u0131 \u0130lhan Cihaner, yarg\u0131da atamalara ili\u015fkin ya\u015fanan kriz ve Anayasa de\u011fi\u015fikli\u011fi paketiyle ilgili ANKA\u2019ya de\u011ferlendirmelerde bulundu. <!--more--><\/p>\n<p style=\"text-align: justify;\">Ba\u015fsavc\u0131 Cihaner, Adalet Bakanl\u0131\u011f\u0131\u2019nca unvanl\u0131 hakim ve savc\u0131 atama kararname tasla\u011f\u0131n\u0131n Hakim ve Savc\u0131lar Y\u00fcksek Kurulu\u2019ndan geri \u00e7ekilmesini ele\u015ftirdi.<\/p>\n<p style=\"text-align: justify;\">Bunu \u201cdayatma\u201d olarak nitelendiren Erzincan Cumhuriyet Ba\u015fsavc\u0131 Cihaner, bu nedenle bakanl\u0131\u011f\u0131n g\u00f6revi k\u00f6t\u00fcye kullanma ve g\u00f6revi ihlalden Anayasal su\u00e7 i\u015fledi\u011fini \u00f6ne s\u00fcrd\u00fc.<\/p>\n<p style=\"text-align: justify;\">Cihaner, Adalet Bakanl\u0131\u011f\u0131\u2019n\u0131n, \u201cAnayasal bir kurulu \u00e7al\u0131\u015famaz hale getirme \u00e7abas\u0131 oldu\u011funu\u201d savundu.<\/p>\n<p style=\"text-align: justify;\">Yarg\u0131daki s\u00f6z konusu \u201ckrizin\u201d biran \u00f6nce \u00e7\u00f6z\u00fclmesi gerekti\u011finin alt\u0131n\u0131 \u00e7izen Cihaner, \u201cAkl\u0131 selimin galip gelece\u011fini ve krizin o kadar uzamayaca\u011f\u0131n\u0131 d\u00fc\u015f\u00fcn\u00fcyorum. Bakan da m\u00fcste\u015farda bir uzla\u015fma yolu bulacakt\u0131r. \u00c7\u00fcnk\u00fc devlet ki\u015filerle y\u00fcr\u00fcmez. Devlette s\u00fcreklilik esast\u0131r. Birilerinin be\u011fenmedi\u011fi bir karar \u00e7\u0131kacak diye s\u00fcrecin t\u0131kanmas\u0131 b\u00fcrokrasiyi i\u015flemez hale getirir. Kamuda belli bir yere gelmi\u015f ki\u015filerin \u00fclkeyi bu tarz bir b\u00f6l\u00fcnmeye ve bir kaosa mahkum edeceklerini zannetmiyorum\u201d dedi.<\/p>\n<p style=\"text-align: justify;\">Cihaner, Adalet Bakanl\u0131\u011f\u0131&#8217;n\u0131n kararname tasla\u011f\u0131n\u0131 geri \u00e7ekmesine ili\u015fkin \u015fu \u00f6rne\u011fi verdi: \u201cBunu \u015f\u00f6yle d\u00fc\u015f\u00fcn\u00fcn. Bu \u015fekilde \u00e7al\u0131\u015fan di\u011fer kurullarla mukayese edelim. Mesela YA\u015e. Genelkurmay bir taslak haz\u0131rlad\u0131, YA\u015e \u00fcyelerine sundu. Fakat YA\u015e\u2019\u0131n sivil \u00fcyesi Milli Savunma Bakan\u0131 s\u00f6z konusu tasla\u011f\u0131 onaylamad\u0131. Genelkurmay\u2019da bu kararnameyi oylatmak yerine \u2018o zaman ben bu tasla\u011f\u0131 geri \u00e7ekiyorum. Bunu g\u00fcndeme getirmiyorum\u2019 derse ne olacak. B\u00f6yle bir \u015fey olamaz ki.\u201d<\/p>\n<p style=\"text-align: justify;\">Anayasa de\u011fi\u015fikli\u011fi paketine ili\u015fkin sorular\u0131 da yan\u0131tlayan Cihaner, Anayasa paketinde yer alan HSYK\u2019n\u0131n yap\u0131s\u0131ndaki de\u011fi\u015fikle Kurulun Ba\u015fkan\u0131 olan Adalet Bakan\u0131n\u0131n konumunun \u201cdaha da g\u00fc\u00e7lendirildi\u011fini\u201d savundu. \u201cB\u00f6ylece, kurulda bakan\u0131n \u00f6n\u00fcnde hi\u00e7bir mekanizma kalmad\u0131\u201d diyen Cihaner, \u201cBu bence d\u00fcnya hukuk tarihinde yarg\u0131 ba\u011f\u0131ms\u0131zl\u0131\u011f\u0131na y\u00f6nelik g\u00f6r\u00fclmemi\u015f \u00e7ok a\u011f\u0131r bir sald\u0131r\u0131d\u0131r. Onun i\u00e7in deh\u015fetle, hayretle izliyorum\u201d dedi.<\/p>\n<p style=\"text-align: justify;\">Kurul halinde \u00e7al\u0131\u015fan t\u00fcm mekanizmalarda \u00f6zel y\u00f6netmeliklerinin oldu\u011funu anlatan Cihaner, \u201cOylamalar\u0131n nas\u0131l yap\u0131laca\u011f\u0131 ve kararlar\u0131n nas\u0131l al\u0131naca\u011f\u0131 bellidir. Kurula, \u00f6neri getirilir. \u00d6neri oylan\u0131r. Y\u00fcksek oyu alan g\u00f6r\u00fc\u015f, kurul karar\u0131 olarak yay\u0131nlan\u0131r. Hukuki ge\u00e7erlilik kazan\u0131r. Bu tart\u0131\u015fmas\u0131z b\u00f6yledir\u201d diye konu\u015ftu.<\/p>\n<p style=\"text-align: justify;\">HSYK taraf\u0131ndan \u201ckorsan kararname\u201d haz\u0131rland\u0131\u011f\u0131 y\u00f6n\u00fcndeki iddialara da de\u011finen Cihaner, hakim ve savc\u0131lar\u0131n yer de\u011fi\u015fikli\u011fi \u00e7al\u0131\u015fmalar\u0131n\u0131n HSYK taraf\u0131ndan yap\u0131lan bir i\u015flem oldu\u011funu vurgulad\u0131. Cihaner, kurulun Bakanl\u0131k\u00e7a g\u00f6nderilen atama kararname tasla\u011f\u0131 \u00fczerinde de\u011fi\u015fik yapma hakk\u0131n\u0131n oldu\u011funu da dile getirdi.<\/p>\n<p style=\"text-align: justify;\">\u201cBuna ra\u011fmen, Kurulca g\u00fcndeme getirilen de\u011fi\u015fikliklerin, korsan kararname olarak lanse edilmesi \u00e7ok yanl\u0131\u015f\u201d diye konu\u015fan Cihaner, \u015f\u00f6yle devam etti: \u201cAdalet Bakanl\u0131\u011f\u0131 Personel Genel M\u00fcd\u00fcrl\u00fc\u011f\u00fc, Kurulun sekretaryas\u0131d\u0131r. HSYK\u2019n\u0131n bir sekretaryas\u0131 yok. Bunun gerek\u00e7esi de \u00e7ok fazla hakim ve savc\u0131n\u0131n olmas\u0131 ve kurula ba\u011fl\u0131 do\u011frudan \u00e7al\u0131\u015fan bir birim olmamas\u0131. M\u00fcd\u00fcrl\u00fck bir kararname tasla\u011f\u0131 haz\u0131rlar. Kurula sunar. Kurulda tart\u0131\u015f\u0131l\u0131r. Kurul burada tasla\u011f\u0131n tamam\u0131n\u0131 bile reddetse ya da taslak \u00fczerinde yeni bir sonu\u00e7 \u00e7\u0131ksa bile buna \u2018korsan kararname\u2019 denmez. Nihai karar mercii Kuruldur. M\u00fcd\u00fcrl\u00fck siyasi bir organa ba\u011fl\u0131d\u0131r. Orada kimin \u00e7al\u0131\u015faca\u011f\u0131na bakan karar verir. Ayr\u0131ca Adalet Bakan\u0131\u2019n\u0131n siyasi ki\u015fili\u011fi tart\u0131\u015fmaya a\u00e7\u0131kt\u0131r. E\u011fer, Kurul bu tasla\u011f\u0131 tart\u0131\u015fmadan karara ba\u011flarsa sadece noter g\u00f6revi g\u00f6r\u00fcr. Bunu herhangi bir kimsenin kabul edebilece\u011fine imkan vermiyorum.\u201d<\/p>\n<p style=\"text-align: justify;\">Cihaner, g\u00f6rev yeri de\u011fi\u015fikli\u011fine y\u00f6nelik iddialar\u0131 da yan\u0131tlarken, \u201c\u015euanda her yer dolu. Biz g\u00f6rev adam\u0131y\u0131z, nerede g\u00f6revlendirilsek orada \u00e7al\u0131\u015fmaya devam ederiz. Bu konuda \u00e7ok konu\u015fulmas\u0131 taraftar\u0131 de\u011filim\u201d dedi.<\/p>\n<p style=\"text-align: justify;\"><span style=\"color: #888888;\">ntvmsnbc<\/span><\/p>\n","protected":false},"excerpt":{"rendered":"<p id=\"caption-attachment-24922\" class=\"wp-caption-text\">Erzincan Cumhuriyet Ba\u015fsavc\u0131s\u0131 \u0130lhan Cihaner ( Ar\u015fiv )<\/p>\n<p style=\"text-align: justify;\">Yarg\u0131daki atama kriziyle ilgili ilk kez konu\u015fan Erzincan Cumhuriyet Ba\u015fsavc\u0131s\u0131 \u0130lhan Cihaner, Anayasa paketiyle yarg\u0131 ba\u011f\u0131ms\u0131zl\u0131\u011f\u0131na \u00e7ok a\u011f\u0131r bir sald\u0131r\u0131 yap\u0131ld\u0131\u011f\u0131n\u0131 savundu. Cihaner, \u201cDeh\u015fetle izliyorum\u201d dedi.<\/p>\n<p style=\"text-align: justify;\">\u0130STANBUL &#8211; Erzincan Cumhuriyet Ba\u015fsavc\u0131s\u0131 \u0130lhan Cihaner, yarg\u0131da atamalara ili\u015fkin ya\u015fanan kriz ve Anayasa de\u011fi\u015fikli\u011fi <\/p>\n","protected":false},"author":1,"featured_media":0,"comment_status":"open","ping_status":"closed","sticky":false,"template":"","format":"standard","meta":{"footnotes":""},"categories":[105],"tags":[],"class_list":["post-24921","post","type-post","status-publish","format-standard","hentry","category-gundem","odd"],"_links":{"self":[{"href":"http:\/\/www.korhanyilmaz.com\/index.php?rest_route=\/wp\/v2\/posts\/24921","targetHints":{"allow":["GET"]}}],"collection":[{"href":"http:\/\/www.korhanyilmaz.com\/index.php?rest_route=\/wp\/v2\/posts"}],"about":[{"href":"http:\/\/www.korhanyilmaz.com\/index.php?rest_route=\/wp\/v2\/types\/post"}],"author":[{"embeddable":true,"href":"http:\/\/www.korhanyilmaz.com\/index.php?rest_route=\/wp\/v2\/users\/1"}],"replies":[{"embeddable":true,"href":"http:\/\/www.korhanyilmaz.com\/index.php?rest_route=%2Fwp%2Fv2%2Fcomments&post=24921"}],"version-history":[{"count":0,"href":"http:\/\/www.korhanyilmaz.com\/index.php?rest_route=\/wp\/v2\/posts\/24921\/revisions"}],"wp:attachment":[{"href":"http:\/\/www.korhanyilmaz.com\/index.php?rest_route=%2Fwp%2Fv2%2Fmedia&parent=24921"}],"wp:term":[{"taxonomy":"category","embeddable":true,"href":"http:\/\/www.korhanyilmaz.com\/index.php?rest_route=%2Fwp%2Fv2%2Fcategories&post=24921"},{"taxonomy":"post_tag","embeddable":true,"href":"http:\/\/www.korhanyilmaz.com\/index.php?rest_route=%2Fwp%2Fv2%2Ftags&post=24921"}],"curies":[{"name":"wp","href":"https:\/\/api.w.org\/{rel}","templated":true}]}}