{"id":24916,"date":"2010-08-20T19:22:39","date_gmt":"2010-08-20T16:22:39","guid":{"rendered":"http:\/\/www.korhanyilmaz.com\/?p=24916"},"modified":"2010-08-20T19:22:39","modified_gmt":"2010-08-20T16:22:39","slug":"akpli-vekilin-icine-sindiremedigi-goruntu","status":"publish","type":"post","link":"http:\/\/www.korhanyilmaz.com\/?p=24916","title":{"rendered":"AKP&#8217;li vekilin i\u00e7ine sindiremedi\u011fi g\u00f6r\u00fcnt\u00fc"},"content":{"rendered":"<p><a href=\"http:\/\/www.korhanyilmaz.com\/wp-content\/uploads\/2010\/08\/121.jpeg\"  class=\"lightview\"><img loading=\"lazy\" decoding=\"async\" class=\"size-full wp-image-24917 aligncenter\" src=\"http:\/\/www.korhanyilmaz.com\/wp-content\/uploads\/2010\/08\/121.jpeg\" alt=\"\" width=\"292\" height=\"219\" \/><\/a><\/p>\n<p style=\"text-align: justify;\">AK Parti Grup Ba\u015fkanvekili Mustafa Elita\u015f, &#8220;Genelkurmay  Ba\u015fkanl\u0131\u011f\u0131&#8217;n\u0131n kime ba\u011fl\u0131 oldu\u011fu belli olmayan tek anayasa T\u00fcrkiye Cumhuriyeti Anayasas\u0131&#8217;d\u0131r&#8221; dedi. &#8220;Benim i\u00e7ime sindiremedi\u011fim en \u00f6nemli g\u00f6r\u00fcnt\u00fclerden birisi Y\u00fcksek Askeri \u015eura toplant\u0131lar\u0131nda Ba\u015fbakanla Genelkurmay Ba\u015fkan\u0131&#8217;n\u0131n yan yana, ayn\u0131 hizada oturmas\u0131&#8221; diyen Elita\u015f, YA\u015e&#8217;\u0131n Ba\u015fbakan&#8217;a ba\u011fl\u0131 olmas\u0131 gerekit\u011fini s\u00f6yledi. <!--more--><\/p>\n<p style=\"text-align: justify;\">Kayseri Gazeteciler Cemiyeti&#8217;ni ziyaret eden Elita\u015f, Cemiyet Ba\u015fkan\u0131 Veli Alt\u0131nkaya&#8217;dan Kayseri bas\u0131n\u0131 hakk\u0131nda bilgi ald\u0131.<\/p>\n<p style=\"text-align: justify;\">Cemiyet Ba\u015fkan\u0131 Veli Alt\u0131nkaya&#8217;n\u0131n CHP Genel Ba\u015fkan\u0131 Kemal K\u0131l\u0131\u00e7daro\u011flu&#8217;nun Heronlarla ilgili &#8220;Genelkurmay h\u00fck\u00fcmete ba\u011fl\u0131d\u0131r. H\u00fck\u00fcmet bu konuda a\u00e7\u0131klama yapmal\u0131d\u0131r&#8221; \u015feklindeki s\u00f6zlerini hat\u0131rlat\u0131lmas\u0131 \u00fczerine de Elita\u015f, Genelkurmay Ba\u015fkanl\u0131\u011f\u0131&#8217;n\u0131n direk h\u00fck\u00fcmete ba\u011fl\u0131 olmad\u0131\u011f\u0131n\u0131 s\u00f6yledi.<\/p>\n<p style=\"text-align: justify;\">Elita\u015f, \u015funlar\u0131 kaydetti: &#8220;Say\u0131n K\u0131l\u0131\u00e7daro\u011flu, CHP&#8217;nin haf\u0131zas\u0131n\u0131 sildi\u011fi gibi, kendisinin de siyasette haf\u0131zas\u0131n\u0131n olmad\u0131\u011f\u0131ndan dolay\u0131, anayasay\u0131 okuma imkan\u0131 bulamad\u0131\u011f\u0131ndan dolay\u0131, bir kasetin \u00fcr\u00fcn\u00fc olarak genel ba\u015fkanl\u0131k koltu\u011funa oturdu\u011fundan dolay\u0131 neyin ne oldu\u011funu unutmu\u015f olabiliyor.<\/p>\n<p style=\"text-align: justify;\">Genelkurmay Ba\u015fkanl\u0131\u011f\u0131&#8217;n\u0131n kime ba\u011fl\u0131 oldu\u011fu belli olmayan tek anayasa T\u00fcrkiye Cumhuriyeti Anayasas\u0131&#8217;d\u0131r. Cumhurba\u015fkanlar\u0131 sava\u015f zaman\u0131nda, ba\u015fkomutanl\u0131k g\u00f6revini Genelkurmay Ba\u015fkan\u0131&#8217;na devreder. Bar\u0131\u015f  zaman\u0131nda bu Cumhurba\u015fkan\u0131d\u0131r.<\/p>\n<p style=\"text-align: justify;\">Genelkurmay ba\u015fkanl\u0131\u011f\u0131 ba\u015fbakana, h\u00fck\u00fcmete ba\u011fl\u0131 de\u011fildir, h\u00fck\u00fcmete kar\u015f\u0131 sorumludur. Her ne anlam ifade ediyorsa bu h\u00fck\u00fcmete kar\u015f\u0131 sorumludur. Kime ba\u011fl\u0131 belli de\u011fil.&#8221;<\/p>\n<p style=\"text-align: justify;\"><strong>&#8220;YA\u015e&#8217;\u0131n Ba\u015fkan\u0131 Ba\u015fbakan olmal\u0131d\u0131r&#8221; <\/strong><\/p>\n<p style=\"text-align: justify;\">Elita\u015f, Y\u00fcksek Askeri \u015eura toplant\u0131lar\u0131nda Genelkurmay Ba\u015fkan\u0131 ile Ba\u015fbakan\u0131n ayn\u0131 konumda bulunmalar\u0131n\u0131 do\u011fru bulmad\u0131\u011f\u0131n\u0131 kaydederek \u015f\u00f6yle devam etti: &#8220;Benim i\u00e7ime sindiremedi\u011fim en \u00f6nemli g\u00f6r\u00fcnt\u00fclerden birisi Y\u00fcksek Askeri \u015eura toplant\u0131lar\u0131nda Ba\u015fbakanla Genelkurmay Ba\u015fkan\u0131&#8217;n\u0131n yan yana, ayn\u0131 hizada oturmas\u0131.<\/p>\n<p style=\"text-align: justify;\">\u00dclkedeki demokrasinin hangi noktada oldu\u011funun g\u00f6stergesidir. Y\u00fcksek Askeri \u015eura&#8217;n\u0131n ba\u015fkan\u0131 Ba\u015fbakan olmal\u0131d\u0131r. \u00c7\u00fcnk\u00fc Y\u00fcksek Askeri \u015eura&#8217;daki alt kademelerin terfileri Genelkurmay\u0131n kendi i\u00e7 team\u00fcllerine g\u00f6re yap\u0131lmaktad\u0131r. Kuvvet komutanlar\u0131 ile Genelkurmay Ba\u015fkanlar\u0131n\u0131n kim olaca\u011f\u0131 konusundaki takdir H\u00fck\u00fcmete ve Cumhurba\u015fkan\u0131na aittir.&#8221;<\/p>\n<p style=\"text-align: justify;\"><span style=\"color: #888888;\">CNN T\u00dcRK<\/span><\/p>\n","protected":false},"excerpt":{"rendered":"<\/p>\n<p style=\"text-align: justify;\">AK Parti Grup Ba\u015fkanvekili Mustafa Elita\u015f, &#8220;Genelkurmay Ba\u015fkanl\u0131\u011f\u0131&#8217;n\u0131n kime ba\u011fl\u0131 oldu\u011fu belli olmayan tek anayasa T\u00fcrkiye Cumhuriyeti Anayasas\u0131&#8217;d\u0131r&#8221; dedi. &#8220;Benim i\u00e7ime sindiremedi\u011fim en \u00f6nemli g\u00f6r\u00fcnt\u00fclerden birisi Y\u00fcksek Askeri \u015eura toplant\u0131lar\u0131nda Ba\u015fbakanla Genelkurmay Ba\u015fkan\u0131&#8217;n\u0131n yan yana, ayn\u0131 hizada oturmas\u0131&#8221; diyen Elita\u015f, YA\u015e&#8217;\u0131n Ba\u015fbakan&#8217;a ba\u011fl\u0131 olmas\u0131 gerekit\u011fini s\u00f6yledi. <\/p>\n","protected":false},"author":1,"featured_media":0,"comment_status":"open","ping_status":"closed","sticky":false,"template":"","format":"standard","meta":{"footnotes":""},"categories":[105],"tags":[],"class_list":["post-24916","post","type-post","status-publish","format-standard","hentry","category-gundem","odd"],"_links":{"self":[{"href":"http:\/\/www.korhanyilmaz.com\/index.php?rest_route=\/wp\/v2\/posts\/24916","targetHints":{"allow":["GET"]}}],"collection":[{"href":"http:\/\/www.korhanyilmaz.com\/index.php?rest_route=\/wp\/v2\/posts"}],"about":[{"href":"http:\/\/www.korhanyilmaz.com\/index.php?rest_route=\/wp\/v2\/types\/post"}],"author":[{"embeddable":true,"href":"http:\/\/www.korhanyilmaz.com\/index.php?rest_route=\/wp\/v2\/users\/1"}],"replies":[{"embeddable":true,"href":"http:\/\/www.korhanyilmaz.com\/index.php?rest_route=%2Fwp%2Fv2%2Fcomments&post=24916"}],"version-history":[{"count":0,"href":"http:\/\/www.korhanyilmaz.com\/index.php?rest_route=\/wp\/v2\/posts\/24916\/revisions"}],"wp:attachment":[{"href":"http:\/\/www.korhanyilmaz.com\/index.php?rest_route=%2Fwp%2Fv2%2Fmedia&parent=24916"}],"wp:term":[{"taxonomy":"category","embeddable":true,"href":"http:\/\/www.korhanyilmaz.com\/index.php?rest_route=%2Fwp%2Fv2%2Fcategories&post=24916"},{"taxonomy":"post_tag","embeddable":true,"href":"http:\/\/www.korhanyilmaz.com\/index.php?rest_route=%2Fwp%2Fv2%2Ftags&post=24916"}],"curies":[{"name":"wp","href":"https:\/\/api.w.org\/{rel}","templated":true}]}}