{"id":24902,"date":"2010-08-19T14:59:04","date_gmt":"2010-08-19T11:59:04","guid":{"rendered":"http:\/\/www.korhanyilmaz.com\/?p=24902"},"modified":"2010-08-19T14:59:04","modified_gmt":"2010-08-19T11:59:04","slug":"iste-pkk%e2%80%99yla-pazarlik-takvimi","status":"publish","type":"post","link":"http:\/\/www.korhanyilmaz.com\/?p=24902","title":{"rendered":"\u0130\u015fte PKK\u2019yla Pazarl\u0131k Takvimi"},"content":{"rendered":"<p style=\"text-align: justify;\"><a href=\"http:\/\/www.korhanyilmaz.com\/wp-content\/uploads\/2010\/08\/104.jpg\"  class=\"lightview\"><img loading=\"lazy\" decoding=\"async\" class=\"aligncenter size-full wp-image-24903\" src=\"http:\/\/www.korhanyilmaz.com\/wp-content\/uploads\/2010\/08\/104.jpg\" alt=\"\" width=\"301\" height=\"211\" \/><\/a>PKK\u2019n\u0131n s\u00f6zde \u201c<strong>ate\u015fkes<\/strong>\u201d karar\u0131n\u0131n perde arkas\u0131nda ya\u015fananlar\u0131 dikkatlerden ka\u00e7\u0131rmak i\u00e7in b\u00fcy\u00fck gayret sarf ediliyor. En masumlar\u0131(!), PKK\u2019n\u0131n \u201c<strong>K\u00fcrt halk\u0131<\/strong>\u201d\u0131n\u0131n bask\u0131lar\u0131na kay\u0131ts\u0131z kalamad\u0131\u011f\u0131ndan s\u00f6z ediyor. \u0130ktidar\u0131 koruma g\u00f6revini \u00fcstlenip, a\u00e7\u0131k\u00e7a hedef sapt\u0131ranlar ise ya d\u0131\u015f g\u00fc\u00e7leri adres g\u00f6steriyor ya da \u201c<strong>devlet karar\u0131<\/strong>\u201dn\u0131\u2026 \u201c<strong>Devlet<\/strong>\u201d denince akla gelen iki kurum vard\u0131r; Cumhurba\u015fkanl\u0131\u011f\u0131, ama illa da TSK\u2026 Kendilerince, Ankara-\u0130mral\u0131-Kandil \u00fc\u00e7genindeki \u201c<strong>pazarl\u0131k TSK onayl\u0131<\/strong>\u201d mesaj\u0131 veriyorlar!.. <!--more--><\/p>\n<p style=\"text-align: justify;\">Birka\u00e7 g\u00fcnd\u00fcr yeni taktikler de devrede. Kimileri PKK\u2019n\u0131n referandumu boykot karar\u0131n\u0131n ne olaca\u011f\u0131n\u0131 tart\u0131\u015ft\u0131r\u0131yor, kimileri en \u00fcst perdeden TSK\u2019y\u0131 \u201c<strong>Heronlar konusunda hesap vermeye<\/strong>\u201d \u00e7a\u011f\u0131r\u0131yor. Has\u0131l\u0131 PKK\u2019n\u0131n s\u00f6zde ate\u015fkese, kimlerin, hangi pazarl\u0131klar\u0131 sonucu raz\u0131 edildi\u011fi unutturulmaya, g\u00f6zlerden \u0131rak tutulmaya \u00e7al\u0131\u015f\u0131l\u0131yor.<\/p>\n<p style=\"text-align: justify;\">O y\u00fczden Odatv olarak bu s\u00fcrecin g\u00fcn g\u00fcn takvimini \u00e7\u0131kar\u0131p, ilgi ve bilgilerinize sunmak istiyoruz. Belki bakars\u0131n\u0131z haz\u0131r MGK da toplanm\u0131\u015fken, Cumhurba\u015fkan\u0131 G\u00fcl, Ba\u015fbakan Erdo\u011fan, MGK Genel Sekreterli\u011fi veya Genelkurmay Ba\u015fkanl\u0131\u011f\u0131\u2019ndan bir cevap gelir\u2026<\/p>\n<p style=\"text-align: justify;\"><strong>G\u00dcL VE KARAYILAN DED\u0130 K\u0130\u2026 <\/strong><\/p>\n<p style=\"text-align: justify;\">Takvimin ete-kemi\u011fe b\u00fcr\u00fcnmesi i\u00e7in en sondan, Cumhurba\u015fkan\u0131 G\u00fcl\u2019\u00fcn Bak\u00fc\u2019ye giderken yapt\u0131\u011f\u0131 a\u00e7\u0131klama ve PKK\u2019n\u0131n s\u00f6zde ate\u015fkes karar\u0131n\u0131n ard\u0131ndan Kandil\u2019deki Murat Karay\u0131lan\u2019dan gelen iddiadan ba\u015flayal\u0131m.<\/p>\n<p style=\"text-align: justify;\"><strong>G\u00fcl dedi ki; <\/strong><\/p>\n<p style=\"text-align: justify;\">\u201c\u00c7\u00f6z\u00fcm bulunmazsa sorunun ileride daha tehlikeli hale gelece\u011fini, uluslararas\u0131la\u015fma riskini s\u00f6yledim. T\u00fcrkiye\u2019nin her a\u00e7\u0131dan \u00e7ok daha b\u00fcy\u00fck ve g\u00fc\u00e7l\u00fc olmas\u0131 i\u00e7in bu problemi \u00e7\u00f6zmesi \u015fart. Bununla ilgili g\u00f6r\u00fc\u015flerimi MGK\u2019da, Meclis\u2019te, siyasi liderlerle g\u00f6r\u00fc\u015fmelerde, medyada da dile getiriyorum. Bu i\u015fin sonu yok, herkes tekrar d\u00fc\u015f\u00fcnmeli\u2026 Ter\u00f6rle m\u00fccadelede her t\u00fcrl\u00fc y\u00f6ntem devreye girer. \u00d6nemli olan ter\u00f6r\u00fc bitirmek, \u00fclke g\u00fcndeminden \u00e7\u0131karmakt\u0131r. Elbette devlet, ter\u00f6rle masaya oturup pazarl\u0131k yapmaz; ama devletin bir\u00e7ok kurumu vard\u0131r ve onlar nas\u0131l hareket edece\u011fini bilir.\u201d <span style=\"color: #000000;\"><em>(G\u00f6r\u00fc\u015flerimi MGK\u2019da dile getiriyorum s\u00f6z\u00fcn\u00fcn alt\u0131n\u0131 \u00e7izelim) <\/em><\/span><\/p>\n<p style=\"text-align: justify;\"><strong>Karay\u0131lan dedi ki; <\/strong><\/p>\n<p style=\"text-align: justify;\">\u201c\u00d6nderli\u011fimiz \u00fc\u00e7\u00fcnc\u00fc d\u00f6nem olarak tan\u0131mlad\u0131\u011f\u0131 bu d\u00f6nemin art\u0131k bitti\u011fini ve kendisinin de aradan \u00e7ekilece\u011fini belirtti. Bunun i\u00e7in tarih de verdi, 31 May\u0131s\u2019tan itibaren aradan \u00e7ekilece\u011fim, dedi ve \u00e7ekildi. \u00d6nderli\u011fimizin aradan \u00e7ekilmesiyle birlikte, bu \u00e7er\u00e7evede 1 Haziran 2010 hamlesi g\u00fcndeme girdi. Biz buna d\u00f6rd\u00fcnc\u00fc stratejik d\u00f6nem dedik. Bu s\u00fcreci, demokratik \u00e7\u00f6z\u00fcm\u00fc mutlak surette ger\u00e7ekle\u015ftirecek bir s\u00fcre\u00e7 olarak de\u011ferlendirdik. Bu de\u011ferlendirmemiz bug\u00fcn i\u00e7in de ge\u00e7erlidir. T\u00fcrk devleti e\u011fer K\u00fcrt halk\u0131yla bar\u0131\u015f yapmak istemiyorsa, demokratik \u00e7\u00f6z\u00fcme gelmiyorsa, o zaman K\u00fcrt halk\u0131 da kendi \u00f6z g\u00fcc\u00fcne dayanarak kendi \u00e7\u00f6z\u00fcm\u00fcn\u00fc dayatmak durumunda kalacakt\u0131r. D\u00f6rd\u00fcnc\u00fc d\u00f6nem m\u00fccadelemiz bu temelde geli\u015fti. Bu s\u00fcre\u00e7 iki ay\u0131 a\u015fk\u0131n bir zaman ald\u0131. Bug\u00fcn \u00f6nemli sonu\u00e7lar ortaya \u00e7\u0131km\u0131\u015ft\u0131r. Verilmesi gereken mesaj verilmi\u015f oldu. Bu arada \u00e7e\u015fitli \u00e7evrelerden yeniden bir ate\u015fkes ve bar\u0131\u015f\u00e7\u0131l \u00e7\u00f6z\u00fcme bir kez daha \u015fans verme \u00e7a\u011fr\u0131lar\u0131 g\u00fcndemle\u015fti. K\u00fcrt halk\u0131n\u0131n en ciddi kurumlar\u0131 olan DTK gibi kurumlar ba\u015fta olmak \u00fczere siyasal partiler, sivil toplum kurulu\u015flar\u0131 bu y\u00f6nl\u00fc \u00e7a\u011fr\u0131lar geli\u015ftirdiler.\u201d<\/p>\n<p style=\"text-align: justify;\">\u201cArt\u0131k a\u00e7\u0131klanmas\u0131nda bir sak\u0131nca g\u00f6rmedi\u011fimiz di\u011fer \u00f6nemli bir geli\u015fme de devletin, \u00f6nderli\u011fimizle geli\u015ftirdi\u011fi diyalog temelinde ate\u015fkes talebinde bulunmas\u0131d\u0131r. E\u011fer oyun oynamazlarsa, resmen devletin temsilcileri de ate\u015fkes istemi\u015flerdir. Asl\u0131nda \u00f6nderli\u011fimiz aradan \u00e7ekilmi\u015fti ancak talep \u00fczerine yeniden devreye girerek, hem yap\u0131lan \u00e7a\u011fr\u0131lar\u0131 ve hem devletten do\u011fru gelen istemi de dikkate alarak bir kez bir kez daha bar\u0131\u015fa ve demokratik \u00e7\u00f6z\u00fcme \u015fans tan\u0131nmas\u0131 i\u00e7in hareketimize bir mesaj g\u00f6nderdi.\u201d<\/p>\n<p style=\"text-align: justify;\">\u201cHareketimiz bu mesaj\u0131 \u00e7ok \u00e7e\u015fitli a\u00e7\u0131lardan de\u011ferlendirdi. \u0130ki hafta boyunca bunun \u00fczerinde tart\u0131\u015fmalar y\u00fcr\u00fct\u00fcld\u00fc. De\u011ferlendirme sonucunda \u00f6nderli\u011fin perspektifi hareketimiz taraf\u0131ndan uygun ve yerinde bulundu\u2026\u201d<\/p>\n<p style=\"text-align: justify;\"><em><span style=\"color: #000000;\">(Ge\u00e7en haftaki tela\u015f\u0131 hat\u0131rlay\u0131n; G\u00fcya \u00d6calan\u2019\u0131n \u00c7ar\u015famba g\u00f6r\u00fc\u015fmesi koster bozuk oldu\u011fu i\u00e7in yap\u0131lamad\u0131, ate\u015fkes talimat\u0131 gecikti. Cuma g\u00fcn\u00fc Adalet Bakanl\u0131\u011f\u0131 tekne kiralay\u0131p, avukatlar\u0131n \u0130mral\u0131\u2019ya gitmesini sa\u011flad\u0131. Onlar daha \u0130mral\u0131\u2019dan ayr\u0131lmadan, Kandil\u2019den ate\u015fkes karar\u0131 geldi\u2026 Karay\u0131lan, \u00d6calan\u2019\u0131n mesaj\u0131n\u0131n iki hafta \u00f6nce geldi\u011fini a\u00e7\u0131kl\u0131yor. Bu tarih ise \u00d6calan\u2019\u0131n 28 Temmuz g\u00f6r\u00fc\u015fmesine tekab\u00fcl ediyor\u2026) <\/span><\/em><\/p>\n<p style=\"text-align: justify;\"><strong>TAKV\u0130M\u2019\u0130N D\u0130L\u0130\u2026<\/strong><\/p>\n<p style=\"text-align: justify;\">Bakal\u0131m 1.5 ayl\u0131k takvimde neler var?<\/p>\n<p style=\"text-align: justify;\"><strong>22 Haziran:<\/strong> MGK topland\u0131. Bu toplant\u0131ya yeni M\u0130T M\u00fcste\u015far\u0131 Hakan Fidan da kat\u0131ld\u0131\u2026 Cemaatin \u0130ngilizce gazetesi Today\u2019s Zaman\u2019\u0131n haberine g\u00f6re, toplant\u0131n\u0131n ard\u0131ndan G\u00fcl, Erdo\u011fan ve Fidan mini bir zirve yapt\u0131. Zirvede, yeni bir harekat plan\u0131 konu\u015fuldu, ard\u0131ndan M\u0130T M\u00fcste\u015far\u0131 Do\u011fu ve G\u00fcneydo\u011fu turuna \u00e7\u0131kt\u0131.<\/p>\n<p style=\"text-align: justify;\"><strong>14 Temmuz:<\/strong> \u00d6calan BDP\u2019nin referandumu boykot karar\u0131n\u0131n \u201c<strong>olumlu ve \u00f6nemli<\/strong>\u201d oldu\u011funu s\u00f6yleyip, \u201c<strong>Demokratik bir anayasaya kadar kesin boykot dememiz laz\u0131m<\/strong>\u201d dedi.<\/p>\n<p style=\"text-align: justify;\"><strong>15 Temmuz:<\/strong> Taraf Gazetesi, devlet yetkililerinin, PKK\u2019ya \u201c<strong>Referanduma kadar ate\u015fkes<\/strong>\u201d \u00e7a\u011fr\u0131s\u0131nda bulundu\u011funu iddia etti.<\/p>\n<p style=\"text-align: justify;\"><strong>16 Temmuz:<\/strong> Kandil\u2019den gelen PKK\u2019l\u0131 grubun s\u00f6zc\u00fcs\u00fc Mehmet \u015eerif Gen\u00e7dal, avukatlar\u0131n\u0131n itiraz\u0131 \u00fczerine tahliye edildi. Oysa Mahkeme daha 1 hafta \u00f6nce itiraz\u0131 reddetmi\u015fti. Peki, nas\u0131l oldu? Savc\u0131, tutuklulu\u011fun kald\u0131r\u0131lmas\u0131 i\u00e7in mahkemeye bir yaz\u0131 g\u00f6nderdi, mahkeme de benzer davalarda pek yap\u0131lmayan bir \u015feyi yapt\u0131, toplan\u0131p, PKK s\u00f6zc\u00fcs\u00fcn\u00fc re\u2019sen tahliye etti. Karar, avukatlar\u0131nca da s\u0131ra d\u0131\u015f\u0131 ve ilgin\u00e7 bulundu, onlara g\u00f6re devlet, \u201c<strong>t\u00fcm kap\u0131lar\u0131 kapatm\u0131yoruz<\/strong>\u201d mesaj\u0131 veriyordu.<\/p>\n<p style=\"text-align: justify;\"><strong>20 Temmuz:<\/strong> CHP Adana Milletvekili Tacidar Seyhan, M\u0130T M\u00fcste\u015far\u0131 Fidan\u2019\u0131n bu tarihte \u0130mral\u0131\u2019ya gidip, gitmedi\u011fini ve \u00d6calan\u2019la g\u00f6r\u00fc\u015f\u00fcp, g\u00f6r\u00fc\u015fmedi\u011fini sorgulamaya ba\u015flad\u0131.<\/p>\n<p style=\"text-align: justify;\"><strong>21 Temmuz:<\/strong> 12 y\u0131l aradan sonra \u00d6calan\u2019\u0131n ilk kez ailesiyle a\u00e7\u0131k g\u00f6r\u00fc\u015f yapmas\u0131na izin verildi. \u00d6calan, referandum konusunda kimsenin iradesine ipotek koymad\u0131klar\u0131n\u0131 belirtip, \u201chalk\u0131\u201d serbest b\u0131rakt\u0131klar\u0131n\u0131 a\u00e7\u0131klad\u0131.<\/p>\n<p style=\"text-align: justify;\"><strong>28 Temmuz:<\/strong> \u00d6calan \u00f6nemli olan\u0131n boykot karar\u0131 al\u0131p, almamak de\u011fil, referandum s\u00fcrecinde K\u00fcrtlerin varl\u0131\u011f\u0131n\u0131 kabul ettirmek oldu\u011funu s\u00f6yleyip, \u015fu mesajlar\u0131 verdi: \u201cBen bu ko\u015fullarda rol alamam, gerillaya ula\u015fmam gerekir. Bu ko\u015fullarda nas\u0131l rol oynayabilirim?&#8230; Bana burada 7-8 sekiz y\u0131ld\u0131r d\u00f6rt kez \u2018bekleyin\u2019 dediler, her seferinde se\u00e7im var dediler. Ama sonu\u00e7 ortada. Bizi oyal\u0131yorlar, durum budur\u2026 Ben referandumdan sonra oyalamaya izin vermeyece\u011fim. \u0130\u015fte referandumdan sonra bu sefer \u00f6n\u00fcm\u00fczde se\u00e7im var, se\u00e7ime az s\u00fcre kalm\u0131\u015f bahanesiyle oyalanmay\u0131 kabul etmeyece\u011fim\u2026\u201d<\/p>\n<p style=\"text-align: justify;\"><strong>4 A\u011fustos: <\/strong>Koster bozuk oldu\u011fu i\u00e7in avukatlar \u0130mral\u0131\u2019ya gidemedi ve Kandil\u2019e, \u201c<strong>ate\u015fkes<\/strong>\u201d talimat\u0131 verilemedi!..<\/p>\n<p style=\"text-align: justify;\"><strong>11 A\u011fustos:<\/strong> Koster ar\u0131zas\u0131 devam etti\u011finden avukatlar yine g\u00f6r\u00fc\u015femedi\u2026 Bu arada iktidar ve M\u0130T, \u00d6calan\u2019la g\u00f6r\u00fc\u015fme iddialar\u0131n\u0131 yalanlama \u00e7abas\u0131na d\u00fc\u015ft\u00fc.<\/p>\n<p style=\"text-align: justify;\"><strong>13 A\u011fustos:<\/strong> Adalet Bakanl\u0131\u011f\u0131 tekne kiralay\u0131p, avukatlar\u0131 \u0130mral\u0131\u2019ya g\u00f6nderdi. Avukatlar belki daha Gemlik\u2019e ula\u015fmam\u0131\u015fken, Kandil \u201c<strong>ate\u015fkes<\/strong>\u201d karar\u0131n\u0131 duyurdu.<\/p>\n<p style=\"text-align: justify;\"><strong>17 A\u011fustos:<\/strong> \u00d6calan\u2019\u0131n talimat\u0131 \u00fczerine ge\u00e7en hafta Demokratik Toplum Kongresi Ba\u015fkanl\u0131\u011f\u0131na se\u00e7ilen Ahmet T\u00fcrk, \u201c<strong>K\u0131r\u0131lma noktas\u0131nday\u0131z. Biz K\u00fcrt sorununu i\u00e7 dinamiklerimizle \u00e7\u00f6zebiliriz<\/strong>\u201d diyerek, Cumhurba\u015fkan\u0131 G\u00fcl\u2019den randevu talep etti. Irak Cumhurba\u015fkan\u0131 Talabani\u2019nin randevu taleplerine olumlu yan\u0131t verdi\u011fini de vurgulayan T\u00fcrk, G\u00fcl\u2019le g\u00f6r\u00fc\u015fmenin, Talabani ziyaretinden \u00f6nce ger\u00e7ekle\u015fmesinin \u00e7ok iyi olaca\u011f\u0131n\u0131 bildirdi.<\/p>\n<p style=\"text-align: justify;\"><span style=\"color: #808080;\">Kaynak : <a href=\"http:\/\/www.odatv.com\/n.php?n=pkkyla-pazarlik-takvimine-kim-cevap-vermek-ister-1908101200\" target=\"_blank\">Odatv.com<\/a><\/span><\/p>\n","protected":false},"excerpt":{"rendered":"<p style=\"text-align: justify;\">PKK\u2019n\u0131n s\u00f6zde \u201cate\u015fkes\u201d karar\u0131n\u0131n perde arkas\u0131nda ya\u015fananlar\u0131 dikkatlerden ka\u00e7\u0131rmak i\u00e7in b\u00fcy\u00fck gayret sarf ediliyor. En masumlar\u0131(!), PKK\u2019n\u0131n \u201cK\u00fcrt halk\u0131\u201d\u0131n\u0131n bask\u0131lar\u0131na kay\u0131ts\u0131z kalamad\u0131\u011f\u0131ndan s\u00f6z ediyor. \u0130ktidar\u0131 koruma g\u00f6revini \u00fcstlenip, a\u00e7\u0131k\u00e7a hedef sapt\u0131ranlar ise ya d\u0131\u015f g\u00fc\u00e7leri adres g\u00f6steriyor ya da \u201cdevlet karar\u0131\u201dn\u0131\u2026 \u201cDevlet\u201d denince akla gelen iki kurum vard\u0131r; Cumhurba\u015fkanl\u0131\u011f\u0131, ama illa da TSK\u2026 <\/p>\n","protected":false},"author":1,"featured_media":0,"comment_status":"open","ping_status":"closed","sticky":false,"template":"","format":"standard","meta":{"footnotes":""},"categories":[105],"tags":[],"class_list":["post-24902","post","type-post","status-publish","format-standard","hentry","category-gundem","odd"],"_links":{"self":[{"href":"http:\/\/www.korhanyilmaz.com\/index.php?rest_route=\/wp\/v2\/posts\/24902","targetHints":{"allow":["GET"]}}],"collection":[{"href":"http:\/\/www.korhanyilmaz.com\/index.php?rest_route=\/wp\/v2\/posts"}],"about":[{"href":"http:\/\/www.korhanyilmaz.com\/index.php?rest_route=\/wp\/v2\/types\/post"}],"author":[{"embeddable":true,"href":"http:\/\/www.korhanyilmaz.com\/index.php?rest_route=\/wp\/v2\/users\/1"}],"replies":[{"embeddable":true,"href":"http:\/\/www.korhanyilmaz.com\/index.php?rest_route=%2Fwp%2Fv2%2Fcomments&post=24902"}],"version-history":[{"count":0,"href":"http:\/\/www.korhanyilmaz.com\/index.php?rest_route=\/wp\/v2\/posts\/24902\/revisions"}],"wp:attachment":[{"href":"http:\/\/www.korhanyilmaz.com\/index.php?rest_route=%2Fwp%2Fv2%2Fmedia&parent=24902"}],"wp:term":[{"taxonomy":"category","embeddable":true,"href":"http:\/\/www.korhanyilmaz.com\/index.php?rest_route=%2Fwp%2Fv2%2Fcategories&post=24902"},{"taxonomy":"post_tag","embeddable":true,"href":"http:\/\/www.korhanyilmaz.com\/index.php?rest_route=%2Fwp%2Fv2%2Ftags&post=24902"}],"curies":[{"name":"wp","href":"https:\/\/api.w.org\/{rel}","templated":true}]}}