{"id":24896,"date":"2010-08-20T09:13:26","date_gmt":"2010-08-20T06:13:26","guid":{"rendered":"http:\/\/www.korhanyilmaz.com\/?p=24896"},"modified":"2010-08-20T09:13:26","modified_gmt":"2010-08-20T06:13:26","slug":"bahceliden-erdogan-pkk-ile-anlasmani-niye-sakliyorsun","status":"publish","type":"post","link":"http:\/\/www.korhanyilmaz.com\/?p=24896","title":{"rendered":"Bah\u00e7eli: &#8220;PKK ile anla\u015fman\u0131 niye sakl\u0131yorsun?&#8221;"},"content":{"rendered":"<p><a href=\"http:\/\/www.korhanyilmaz.com\/wp-content\/uploads\/2010\/08\/103.jpeg\"  class=\"lightview\"><img loading=\"lazy\" decoding=\"async\" class=\"aligncenter size-full wp-image-24897\" src=\"http:\/\/www.korhanyilmaz.com\/wp-content\/uploads\/2010\/08\/103.jpeg\" alt=\"\" width=\"334\" height=\"220\" \/><\/a><\/p>\n<p style=\"text-align: justify;\">MHP Genel Ba\u015fkan\u0131 Devlet Bah\u00e7eli, Bart\u0131n&#8217;da kat\u0131ld\u0131\u011f\u0131 bir iftar yeme\u011finde Ba\u015fbakan Recep Tayyip Erdo\u011fan&#8217;a y\u00fcklendi. Bah\u00e7eli,, Ba\u015fbakan&#8217;\u0131n Ramazan  ay\u0131nda oru\u00e7lu a\u011f\u0131zdan s\u00f6ylenmeyecek s\u00f6zlerle &#8216;evet&#8217; propagandas\u0131 yapmaya \u00e7al\u0131\u015ft\u0131\u011f\u0131n\u0131 belirtti. Bah\u00e7eli, &#8220;Bu olacak \u015fey midir, peki PKK ile anla\u015fman\u0131 niye sakl\u0131yorsun?&#8221; diye sordu.<!--more--><\/p>\n<p style=\"text-align: justify;\">Bah\u00e7eli, Bart\u0131n&#8217;da Yukar\u0131\u00e7ar\u015f\u0131dan Kemerk\u00f6pr\u00fc mevkisine kadar y\u00fcr\u00fcyerek esnaf ve vatanda\u015fla selamla\u015fmas\u0131n\u0131n ard\u0131ndan Bart\u0131n Belediye Ba\u015fkan\u0131 Cemal Ak\u0131n&#8217;\u0131 ziyaret etti, daha sonra belediye sosyal tesislerinde iftar yeme\u011fine kat\u0131ld\u0131.<\/p>\n<p style=\"text-align: justify;\">MHP Lideri Bah\u00e7eli, yeme\u011fin ard\u0131ndan yapt\u0131\u011f\u0131 konu\u015fmada, b\u00fct\u00fcn siyasi partilerin anayasa de\u011fi\u015fikli\u011fi arzulad\u0131\u011f\u0131n\u0131, bunu da se\u00e7im beyannamelerinde ve parti programlar\u0131nda da taahh\u00fct alt\u0131na ald\u0131klar\u0131n\u0131 s\u00f6yledi.<\/p>\n<p style=\"text-align: justify;\">Anayasan\u0131n bir b\u00fct\u00fcnl\u00fck kapsayan, T\u00fcrkiye&#8217;yi gelece\u011fe ta\u015f\u0131yan toplumsal s\u00f6zle\u015fme olarak nitelendirildi\u011fini anlatan Bah\u00e7eli, \u015f\u00f6yle konu\u015ftu:<\/p>\n<p style=\"text-align: justify;\">&#8220;Geni\u015f bir de\u011fi\u015fiklik arzusunun olu\u015ftu\u011fu ortamda siyasi iktidar, mecliste bulunan \u00e7o\u011funlu\u011funu da dikkate alarak b\u00fct\u00fcn siyasi partilerden uzla\u015fma zemini aray\u0131p bir anayasa de\u011fi\u015fikli\u011fini ger\u00e7ekle\u015ftirmi\u015f olsayd\u0131, \u00fclkeye \u00e7ok b\u00fcy\u00fck hizmet sunmu\u015f olurdu. Ancak, AK Parti bundan ka\u00e7\u0131nm\u0131\u015ft\u0131r. Uzla\u015fmay\u0131 kabul etmemi\u015ftir. Di\u011fer siyasi partilerin varl\u0131\u011f\u0131n\u0131 kabul etmemi\u015ftir. Bu anayasa T\u00fcrkiye&#8217;nin anayasas\u0131 de\u011fildir, Recep Tayyip Erdo\u011fan&#8217;\u0131n anayasas\u0131d\u0131r.<\/p>\n<p style=\"text-align: justify;\">Bu anayasa AKP&#8217;lilerin b\u00fct\u00fcn\u00fcn\u00fcn de anayasas\u0131 de\u011fildir. Milletvekillerinin bir\u00e7o\u011funun Recep Tayyip Erdo\u011fan&#8217;\u0131n dayatmas\u0131 ve ikna y\u00f6ntemleriyle oy vermeye mecbur kald\u0131klar\u0131n\u0131, kerhen desteklediklerini inan\u0131yorum. Bu anayasada Recep beyin gizli g\u00fcndemi ve niyetleri bulunmaktad\u0131r. Buradaki gizli y\u00f6ntem ve niyetler, g\u00fcndemler \u00e7ok a\u00e7\u0131kt\u0131r ve anla\u015f\u0131lmas\u0131 kolayd\u0131r. Demokratik a\u00e7\u0131l\u0131m ad\u0131 alt\u0131nda PKK a\u00e7\u0131l\u0131m\u0131 bize g\u00f6re projenin anayasa zemini bu de\u011fi\u015fikliklerle yap\u0131lmaya \u00e7al\u0131\u015f\u0131l\u0131yor. Buras\u0131 \u00e7ok tehlikelidir.&#8221;<\/p>\n<p style=\"text-align: justify;\"><strong>Oylamada hay\u0131r \u00e7a\u011fr\u0131s\u0131 <\/strong><\/p>\n<p style=\"text-align: justify;\">&#8220;Demokratik a\u00e7\u0131l\u0131m denilen z\u0131rvan\u0131n anayasada zemin bulmamas\u0131 i\u00e7in bu anayasaya &#8216;hay\u0131r&#8217; demek herkesin g\u00f6revidir&#8221; diyen Bah\u00e7eli, konu\u015fmas\u0131n\u0131 \u015f\u00f6yle s\u00fcrd\u00fcrd\u00fc:<\/p>\n<p style=\"text-align: justify;\">&#8220;Recep Tayyip Erdo\u011fan, kendini kurtarmak i\u00e7in Anayasa Mahkemesi&#8217;nin, ayn\u0131 zamanda Hakimler ve Savc\u0131lar Y\u00fcksek Kurulunun (HSYK) yap\u0131s\u0131n\u0131 de\u011fi\u015ftirerek kendisini y\u00fcce divandan kurtarma gayretindedir. Yoksa daha iyi bir yarg\u0131 reformu yap\u0131yoruz d\u00fc\u015f\u00fcncesiyle hareket edilmiyor. Bu iki m\u00fcessesenin say\u0131sal yap\u0131s\u0131 \u00fczerinde de\u011fi\u015fiklikler teklif ediyor ve bu konuda da \u0131srarla duruluyor. Anayasa Mahkemesi&#8217;nin \u00fcye say\u0131s\u0131n\u0131 17&#8217;e \u00e7\u0131karmak istiyor, HSYK&#8217;nin se\u00e7im y\u00f6netimi ve yap\u0131s\u0131n\u0131 bu do\u011frultuda de\u011fi\u015ftirmek istiyor. Peki bunu niye gizleyerek yap\u0131yorsun?<\/p>\n<p style=\"text-align: justify;\">A\u00e7\u0131k\u00e7a b\u00fct\u00fcn siyasi partilerle, yarg\u0131 kurumlar\u0131yla oturup ba\u015ftan sona kadar \u00fcniversiteleri de dahil ederek, &#8216;T\u00fcrkiye&#8217;de gelece\u011fimizi haz\u0131rlayacak adil bir yarg\u0131, ba\u011f\u0131ms\u0131z bir yarg\u0131y\u0131 nas\u0131l olu\u015fturaca\u011f\u0131z&#8217; diye bir tart\u0131\u015fmay\u0131 ba\u015flataca\u011f\u0131n yerde, rakamlar \u00fczerinde durup meclisteki \u00e7o\u011funlu\u011funa g\u00fcvenerek hareket etmenin herhalde bir gizli y\u00f6n\u00fc var. O gizli y\u00f6n\u00fc de Recep Tayyip Erdo\u011fan&#8217;\u0131n y\u00fcce divandan kurtulmas\u0131d\u0131r. O sebepten dolay\u0131 yolsuzluk, r\u00fc\u015fvet ve k\u00f6t\u00fc y\u00f6netimin hesab\u0131 sorulmak isteniyorsa bu anayasaya &#8216;hay\u0131r&#8217; demek laz\u0131m.&#8221;<\/p>\n<p style=\"text-align: justify;\">Bah\u00e7eli, siyasi \u00fcslup bak\u0131m\u0131ndan tamamen bir yozla\u015fma, \u00e7\u00fcr\u00fcm\u00fc\u015fl\u00fc\u011f\u00fcn hakim oldu\u011funu savunarak, &#8220;T\u00fcrkiye AKP y\u00f6netiminin iktidar oldu\u011fu d\u00f6nemden itibaren bir cephele\u015fme, kampla\u015fma i\u00e7erisine s\u00fcr\u00fckleniyor. Etnik y\u00f6nden bir ayr\u0131\u015fmaya T\u00fcrkiye s\u00fcrekleniyor. Bu \u00e7ok zararl\u0131 ve do\u011fru yol de\u011fildir. T\u00fcrkiye b\u0131\u00e7ak s\u0131rt\u0131nda bir \u00fclkedir. \u00dclkenin hassasiyetlerini iyi bilmek laz\u0131m. Bunlar\u0131 kimse kendisi ve partisi u\u011fruna heba edemez&#8221; diye konu\u015ftu.<\/p>\n<p style=\"text-align: justify;\"><strong>PKK  ile anla\u015fma iddialar\u0131 <\/strong><\/p>\n<p style=\"text-align: justify;\">MHP&#8217;nin vizyonu ve misyonunun belli oldu\u011funu vurgulayan Bah\u00e7eli, s\u00f6zlerini \u015f\u00f6yle s\u00fcrd\u00fcrd\u00fc:<\/p>\n<p style=\"text-align: justify;\">&#8220;Partimizi hangi edep d\u0131\u015f\u0131 anlay\u0131\u015f\u0131yla PKK ile yan yana getirirsiniz, bu olacak \u015fey midir? Peki PKK ile anla\u015ft\u0131\u011f\u0131n\u0131z\u0131 niye sakl\u0131yorsunuz? Kandil&#8217;den ses geliyor, 4 defa g\u00f6r\u00fc\u015f\u00fcld\u00fc, 4 g\u00fcnde de anla\u015fma yap\u0131ld\u0131. Kiminle? \u0130mral\u0131 ile anla\u015fma yap\u0131ld\u0131. Bunu niye a\u00e7\u0131klam\u0131yorsun say\u0131n Ba\u015fbakan? Kim g\u00f6r\u00fc\u015ft\u00fc \u0130mral\u0131 ile ne ad\u0131na g\u00f6r\u00fc\u015f\u00fcld\u00fc? Hangi konuda uzla\u015fma yap\u0131ld\u0131? Bunlara dikkate etmek laz\u0131m. \u015eimdi \u00e7ok daha tehlikeli durumday\u0131z. \u00c7ok ola\u011fan bir geli\u015fme dikkatimizi \u00e7ekiyor. &#8216;Gemiler ar\u0131zal\u0131&#8217; dediler, bir taka kiralad\u0131lar. \u0130mral\u0131&#8217;ya avukatlar\u0131 g\u00f6nderdiler. Oradan gelen bir cevapla 13 A\u011fustos-20 Eyl\u00fcl aras\u0131nda silahs\u0131zlanma yolunda bir ad\u0131m at\u0131ld\u0131\u011f\u0131 ifade edildi. Yani tek tarafl\u0131 bir \u00e7at\u0131\u015fmas\u0131zl\u0131k kavram\u0131 ortaya at\u0131ld\u0131. Ter\u00f6r\u00fcn t\u0131rmand\u0131\u011f\u0131 ve t\u0131rmand\u0131r\u0131ld\u0131\u011f\u0131 bir d\u00f6nemde birden ate\u015fkes kavram\u0131yla \u0130mral\u0131&#8217;ya giderek, oradaki caniyle temasta bulunmak suretiyle bir ate\u015fkesin uygulamaya konulaca\u011f\u0131 kamuoyuna duyuruldu.&#8221;<\/p>\n<p style=\"text-align: justify;\"><strong>ABD&#8217;nin Irak&#8217;tan askerlerini \u00e7ekmesi <\/strong><\/p>\n<p style=\"text-align: justify;\">ABD&#8217;nin 31 A\u011fustos 2010&#8217;a kadar 90 bin askerini Irak&#8217;tan \u00e7ekece\u011finin ifade edildi\u011fini anlatan MHP lideri Bah\u00e7eli, \u015funlar\u0131 kaydetti:<\/p>\n<p style=\"text-align: justify;\">&#8220;140 bin askerin i\u00e7inden 90 bini Irak&#8217;tan ayr\u0131lacaksa ayr\u0131l\u0131\u015f yolu neresi, Kuveyt mi, \u00dcrd\u00fcn m\u00fc, T\u00fcrkiye \u00fczerinden mi olacak? Bu konu net de\u011fil. Bu ayr\u0131l\u0131\u015flar yap\u0131l\u0131rken \u00e7ok y\u00fcksek bir sava\u015f malzemesi nereye ta\u015f\u0131nacak? Kime verilecek, Kuzey Irak&#8217;a ne kadar, Kandil&#8217;in emrine ne kadar b\u0131rak\u0131lacak? E\u011fer T\u00fcrkiye \u00fczerinden gidilmesi gerekiyorsa, bunlar T\u00fcrkiye&#8217;nin neresine konacak?<\/p>\n<p style=\"text-align: justify;\">Gelecekte n\u00fckleer enerji ve silah meselesiyle bir ba\u015fka gerginlik hudutlar\u0131m\u0131z \u00e7evresinde geli\u015firse bu hangi ama\u00e7la, hangi \u00fclkeye kullan\u0131lacak? Bunlar \u015fu an i\u00e7in soru i\u015fareti olan konular. Halbuki biz anayasay\u0131 tart\u0131\u015f\u0131yorduk. Bu arada birden olaylar gizliden gizliye geli\u015fmeye ba\u015fl\u0131yor. Buras\u0131 d\u00fc\u015f\u00fcnd\u00fcr\u00fcc\u00fcd\u00fcr. Irak&#8217;tan \u00e7ekilirken hangi yol kullan\u0131lacak bu \u00e7ok \u00f6nemli, in\u015fallah T\u00fcrkiye burada ABD&#8217;nin ileri hedeflerine yanda\u015f bir konuma getirilip, bir e\u015f ba\u015fkanl\u0131k kavram\u0131 alt\u0131nda ba\u015fka s\u0131k\u0131nt\u0131ya d\u00fc\u015f\u00fcr\u00fclmez.&#8221;<\/p>\n<p style=\"text-align: justify;\"><strong>T\u00dcS\u0130AD&#8217;la polemik <\/strong><\/p>\n<p style=\"text-align: justify;\">Ba\u015fbakan\u0131n T\u00dcS\u0130AD ile sorunu olabilece\u011fini ifade eden Bah\u00e7eli, \u015f\u00f6yle dedi:<\/p>\n<p style=\"text-align: justify;\">&#8220;T\u00dcS\u0130AD ile bu tart\u0131\u015fmay\u0131 yaparken tehditte bulunarak siyasi \u00fcsluba ve bir Ba\u015fbakana ba\u011fda\u015fmayan ifadeyi kullan\u0131yor. &#8216;<span style=\"text-decoration: underline;\">Bunlar ge\u00e7mi\u015f h\u00fck\u00fcmetlerle zaman zaman kedi k\u00f6pek gibi dala\u015ft\u0131 diyor. \u015eimdi burada kedi kim, k\u00f6pek kim? T\u00dcS\u0130AD m\u0131 kedi-k\u00f6pek, yoksa iktidarlardaki h\u00fck\u00fcmetler mi kedi-k\u00f6pek?&#8221;<\/span><\/p>\n<p style=\"text-align: justify;\"><span style=\"color: #888888;\">CNN T\u00dcRK<\/span><span style=\"text-decoration: underline;\"><br \/>\n<\/span><\/p>\n","protected":false},"excerpt":{"rendered":"<\/p>\n<p style=\"text-align: justify;\">MHP Genel Ba\u015fkan\u0131 Devlet Bah\u00e7eli, Bart\u0131n&#8217;da kat\u0131ld\u0131\u011f\u0131 bir iftar yeme\u011finde Ba\u015fbakan Recep Tayyip Erdo\u011fan&#8217;a y\u00fcklendi. Bah\u00e7eli,, Ba\u015fbakan&#8217;\u0131n Ramazan ay\u0131nda oru\u00e7lu a\u011f\u0131zdan s\u00f6ylenmeyecek s\u00f6zlerle &#8216;evet&#8217; propagandas\u0131 yapmaya \u00e7al\u0131\u015ft\u0131\u011f\u0131n\u0131 belirtti. Bah\u00e7eli, &#8220;Bu olacak \u015fey midir, peki PKK ile anla\u015fman\u0131 niye sakl\u0131yorsun?&#8221; diye sordu.<\/p>\n","protected":false},"author":1,"featured_media":0,"comment_status":"open","ping_status":"closed","sticky":false,"template":"","format":"standard","meta":{"footnotes":""},"categories":[105],"tags":[],"class_list":["post-24896","post","type-post","status-publish","format-standard","hentry","category-gundem","odd"],"_links":{"self":[{"href":"http:\/\/www.korhanyilmaz.com\/index.php?rest_route=\/wp\/v2\/posts\/24896","targetHints":{"allow":["GET"]}}],"collection":[{"href":"http:\/\/www.korhanyilmaz.com\/index.php?rest_route=\/wp\/v2\/posts"}],"about":[{"href":"http:\/\/www.korhanyilmaz.com\/index.php?rest_route=\/wp\/v2\/types\/post"}],"author":[{"embeddable":true,"href":"http:\/\/www.korhanyilmaz.com\/index.php?rest_route=\/wp\/v2\/users\/1"}],"replies":[{"embeddable":true,"href":"http:\/\/www.korhanyilmaz.com\/index.php?rest_route=%2Fwp%2Fv2%2Fcomments&post=24896"}],"version-history":[{"count":0,"href":"http:\/\/www.korhanyilmaz.com\/index.php?rest_route=\/wp\/v2\/posts\/24896\/revisions"}],"wp:attachment":[{"href":"http:\/\/www.korhanyilmaz.com\/index.php?rest_route=%2Fwp%2Fv2%2Fmedia&parent=24896"}],"wp:term":[{"taxonomy":"category","embeddable":true,"href":"http:\/\/www.korhanyilmaz.com\/index.php?rest_route=%2Fwp%2Fv2%2Fcategories&post=24896"},{"taxonomy":"post_tag","embeddable":true,"href":"http:\/\/www.korhanyilmaz.com\/index.php?rest_route=%2Fwp%2Fv2%2Ftags&post=24896"}],"curies":[{"name":"wp","href":"https:\/\/api.w.org\/{rel}","templated":true}]}}