{"id":24886,"date":"2010-08-20T06:39:01","date_gmt":"2010-08-20T03:39:01","guid":{"rendered":"http:\/\/www.korhanyilmaz.com\/?p=24886"},"modified":"2010-08-20T06:39:01","modified_gmt":"2010-08-20T03:39:01","slug":"ozerklik-israri","status":"publish","type":"post","link":"http:\/\/www.korhanyilmaz.com\/?p=24886","title":{"rendered":"\u00d6zerklik \u0131srar\u0131"},"content":{"rendered":"<p style=\"text-align: center;\"><a href=\"http:\/\/www.korhanyilmaz.com\/wp-content\/uploads\/2010\/08\/101.jpg\"  class=\"lightview\"><img loading=\"lazy\" decoding=\"async\" class=\"aligncenter size-full wp-image-24887\" src=\"http:\/\/www.korhanyilmaz.com\/wp-content\/uploads\/2010\/08\/101.jpg\" alt=\"\" width=\"420\" height=\"210\" \/><\/a><\/p>\n<p style=\"text-align: justify;\">BDP lideri Demirta\u015f, \u015e\u0131rnak&#8217;tan Ba\u015fbakan&#8217;a seslendi: Halk\u0131n demokratik \u00f6zerklik talebini kabul edeceksiniz.<\/p>\n<p style=\"text-align: justify;\">1992\u2019deki olaylar\u0131n y\u0131ld\u00f6n\u00fcm\u00fcnde \u015e\u0131rnak\u2019ta konu\u015fan BDP lideri \u201cErgenekon\u2019la m\u00fccadele ediyoruz\u2019 diyorlar ama \u015e\u0131rnak Ergenekonu h\u00e2l\u00e2 bu halk\u0131n katliam\u0131 planlar\u0131 pe\u015finde. Bu halka sayg\u0131 duyuyorsan\u0131z, dilini, k\u00fclt\u00fcr\u00fcn\u00fc kabul edeceksiniz. Bu halka sayg\u0131 duyuyorsan\u0131z, demokratik \u00f6zerlik talebini kabul edeceksiniz\u201d dedi.<!--more--><\/p>\n<p style=\"text-align: justify;\">\u015e\u0131rnak\u2019ta 1992\u2019de 56 ki\u015finin \u00f6ld\u00fc\u011f\u00fc olaylar\u0131n y\u0131ld\u00f6n\u00fcm\u00fcnde miting d\u00fczenleyen BDP lideri Selahattin Demirta\u015f, Ba\u015fbakan Erdo\u011fan\u2019\u0131 \u015e\u0131rnak halk\u0131ndan \u00f6z\u00fcr dilemeye \u00e7a\u011f\u0131rd\u0131. Konu\u015fmas\u0131nda \u00f6zerklik taleplerini de a\u00e7\u0131k\u00e7a dile getiren Demirta\u015f \u015funlar\u0131 s\u00f6yledi: \u201cBug\u00fcn 18 A\u011fustos \u015e\u0131rnak\u2019\u0131n y\u00fcre\u011finin kanat\u0131ld\u0131\u011f\u0131 g\u00fcn. Tam 18 y\u0131l \u00f6nce onu unutturmaya \u00e7al\u0131\u015f\u0131yorlar, ama ac\u0131s\u0131 olan unutmaz. Tam 18 y\u0131l \u00f6nce \u015e\u0131rnak sokaklar\u0131nda katliam kol gezerken, \u015e\u0131rnak sokaklar\u0131 katiller, canilerce teslim al\u0131n\u0131rken, o d\u00f6nemin Ba\u015fbakan\u0131 b\u00fct\u00fcn bunlar\u0131 d\u00fcnya duymas\u0131n diye, buradaki katliamdan d\u00fcnya haberdar olmas\u0131n diye, \u015e\u0131rnak halk\u0131 canl\u0131 canl\u0131 mezara g\u00f6m\u00fcls\u00fcn diye yalan at\u0131yordu. \u2018\u015e\u0131rnak\u2019\u0131 bin PKK\u2019l\u0131 bast\u0131 \u015e\u0131rnak halk\u0131n\u0131 katlediyor\u2019 diye b\u00fct\u00fcn d\u00fcnyaya yalan at\u0131yordu.\u201d<\/p>\n<p style=\"text-align: justify;\"><strong>\u2018\u015e\u0131rnakl\u0131lardan \u00f6z\u00fcr dileyeceksiniz\u2019 <\/strong><\/p>\n<p style=\"text-align: justify;\">Demirta\u015f \u015f\u00f6yle devam etti: \u201cElerini kollar\u0131n\u0131 sallaya sallaya dola\u015f\u0131yorlar onlar. \u2018Ergenekon\u2019la m\u00fccadele ediyoruz\u2019 diyorlar, ama \u015e\u0131rnak Ergenekon\u2019u hala bu halk\u0131n katliam\u0131 planlar\u0131 pe\u015finde. Bu halka sayg\u0131 duyuyorsan\u0131z, dilini k\u00fclt\u00fcr\u00fcn\u00fc kabul edeceksiniz. Bu halka sayg\u0131 duyuyorsan\u0131z, demokratik \u00f6zerlik talebini kabul edeceksiniz. Bu halk\u0131 inkar eden, bu halk\u0131 tan\u0131mayan bir anayasaya evet istemeyeceksiniz. Geleceksiniz bu meydana \u00e7\u0131kacaks\u0131n\u0131z halk\u0131n huzuruna \u00f6nce \u00f6z\u00fcr dileyeceksiniz. 2010\u2019un Ba\u015fbakan\u2019\u0131 olarak, geleceksiniz bu meydana, \u2018Ey \u015e\u0131rnak halk\u0131\u2019 diyeceksiniz, \u2018Biliyoruz siz g\u00fcn y\u00fcz\u00fc g\u00f6rmediniz. Size yap\u0131lan zulm\u00fcn haddi hesab\u0131 yok\u2019 diyeceksiniz. Ve \u2018Ben T\u00fcrkiye Cumhuriyeti\u2019nin Ba\u015fbakan\u0131 olarak \u015e\u0131rnak halk\u0131ndan \u00f6z\u00fcr diliyorum\u2019 diyeceksiniz. \u2018Bir halk\u0131n onuruyla oynad\u0131k. Halk buna isyan etti, biz onlar\u0131 katlettik, yanl\u0131\u015f yapt\u0131k\u2019 diyeceksiniz. \u2018Ve \u015fimdi o yanl\u0131\u015ftan d\u00f6n\u00fcyoruz, yeni bir Anayasa yap\u0131yoruz, bu yeni Anayasa\u2019da art\u0131k \u015e\u0131rnak da, \u015e\u0131rnakl\u0131 da bu \u00fclkenin \u00f6zg\u00fcr e\u015fit yurtta\u015flar\u0131 olacak\u2019 diyeceksiniz. Bunu s\u00f6ylemedi\u011finiz m\u00fcddet\u00e7e \u015e\u0131rnak halk\u0131 size bir tek \u015fey s\u00f6yleyebilir boykot.\u201d<\/p>\n<p style=\"text-align: justify;\"><strong>\u2018Eylemsizlik karar\u0131\u2019 <\/strong><\/p>\n<p style=\"text-align: justify;\">Demirta\u015f, PKK\u2019n\u0131n 20 Eyl\u00fcl \u2018e kadar ald\u0131\u011f\u0131 eylemsizlik karar\u0131n\u0131 son derece \u00f6nemsediklerini de vurgulayarak \u201cSivil toplum \u00f6rg\u00fctlerinin \u00e7a\u011fr\u0131s\u0131 \u00fczerine ve Say\u0131n \u00d6calan\u2019\u0131n giri\u015fimleri \u00fczerine ate\u015fkes ilan edildi\u201d dedi. Bu d\u00f6nemin iyi de\u011ferlendirilmesini isteyen BDP\u2008lideri \u015f\u00f6yle devam etti: \u201cYeni Anayasa i\u00e7in, se\u00e7im baraj\u0131 i\u00e7in, ter\u00f6rle m\u00fccadele kanunu i\u00e7in, h\u00fck\u00fcmet h\u0131zla irade ortaya koymal\u0131d\u0131r. Asker analar\u0131 da polis analar\u0131 da hasretle \u00e7ocuklar\u0131n\u0131n yollar\u0131n\u0131 g\u00f6zl\u00fcyor. Gelin b\u00fct\u00fcn bu analar\u0131n hat\u0131r\u0131 i\u00e7in, gelin bu ortam\u0131 bar\u0131\u015f, kal\u0131c\u0131 bir bar\u0131\u015f ortam\u0131na \u00e7evirelim.\u201d<\/p>\n<p style=\"text-align: justify;\"><strong>18 A\u011fustos 1992 <\/strong><\/p>\n<p style=\"text-align: justify;\">D\u00f6nemin \u0130\u00e7i\u015fleri Bakan\u0131 \u0130smet Sezgin, \u015e\u0131rnak\u2019taki olay\u0131 \u201c300 PKK\u2019l\u0131n\u0131n \u015fehri bast\u0131\u011f\u0131 bir isyan\u201d olarak nitelendirdi. PKK ise eylemi reddetti. 3 g\u00fcn s\u00fcren olaylarda il merkezi harabeye d\u00f6nd\u00fc. Resmi rakamlara g\u00f6re 56 ki\u015finin \u00f6ld\u00fc\u011f\u00fc a\u00e7\u0131kland\u0131.<\/p>\n<p style=\"text-align: justify;\"><span style=\"color: #888888;\">VATAN ( Ercan Kalay &#8211; \u015eIRNAK )<\/span><\/p>\n","protected":false},"excerpt":{"rendered":"<p style=\"text-align: center;\">\n<p style=\"text-align: justify;\">BDP lideri Demirta\u015f, \u015e\u0131rnak&#8217;tan Ba\u015fbakan&#8217;a seslendi: Halk\u0131n demokratik \u00f6zerklik talebini kabul edeceksiniz.<\/p>\n<p style=\"text-align: justify;\">1992\u2019deki olaylar\u0131n y\u0131ld\u00f6n\u00fcm\u00fcnde \u015e\u0131rnak\u2019ta konu\u015fan BDP lideri \u201cErgenekon\u2019la m\u00fccadele ediyoruz\u2019 diyorlar ama \u015e\u0131rnak Ergenekonu h\u00e2l\u00e2 bu halk\u0131n katliam\u0131 planlar\u0131 pe\u015finde. Bu halka sayg\u0131 duyuyorsan\u0131z, dilini, k\u00fclt\u00fcr\u00fcn\u00fc kabul edeceksiniz. Bu halka sayg\u0131 duyuyorsan\u0131z, demokratik \u00f6zerlik talebini kabul <\/p>\n","protected":false},"author":1,"featured_media":0,"comment_status":"open","ping_status":"closed","sticky":false,"template":"","format":"standard","meta":{"footnotes":""},"categories":[105],"tags":[],"class_list":["post-24886","post","type-post","status-publish","format-standard","hentry","category-gundem","odd"],"_links":{"self":[{"href":"http:\/\/www.korhanyilmaz.com\/index.php?rest_route=\/wp\/v2\/posts\/24886","targetHints":{"allow":["GET"]}}],"collection":[{"href":"http:\/\/www.korhanyilmaz.com\/index.php?rest_route=\/wp\/v2\/posts"}],"about":[{"href":"http:\/\/www.korhanyilmaz.com\/index.php?rest_route=\/wp\/v2\/types\/post"}],"author":[{"embeddable":true,"href":"http:\/\/www.korhanyilmaz.com\/index.php?rest_route=\/wp\/v2\/users\/1"}],"replies":[{"embeddable":true,"href":"http:\/\/www.korhanyilmaz.com\/index.php?rest_route=%2Fwp%2Fv2%2Fcomments&post=24886"}],"version-history":[{"count":0,"href":"http:\/\/www.korhanyilmaz.com\/index.php?rest_route=\/wp\/v2\/posts\/24886\/revisions"}],"wp:attachment":[{"href":"http:\/\/www.korhanyilmaz.com\/index.php?rest_route=%2Fwp%2Fv2%2Fmedia&parent=24886"}],"wp:term":[{"taxonomy":"category","embeddable":true,"href":"http:\/\/www.korhanyilmaz.com\/index.php?rest_route=%2Fwp%2Fv2%2Fcategories&post=24886"},{"taxonomy":"post_tag","embeddable":true,"href":"http:\/\/www.korhanyilmaz.com\/index.php?rest_route=%2Fwp%2Fv2%2Ftags&post=24886"}],"curies":[{"name":"wp","href":"https:\/\/api.w.org\/{rel}","templated":true}]}}