{"id":24876,"date":"2010-08-19T15:50:49","date_gmt":"2010-08-19T12:50:49","guid":{"rendered":"http:\/\/www.korhanyilmaz.com\/?p=24876"},"modified":"2010-08-19T15:50:49","modified_gmt":"2010-08-19T12:50:49","slug":"tusiaddan-sonra-tobba-da-cagri","status":"publish","type":"post","link":"http:\/\/www.korhanyilmaz.com\/?p=24876","title":{"rendered":"TUS\u0130AD&#8217;dan sonra TOBB&#8217;a da \u00e7a\u011fr\u0131!"},"content":{"rendered":"<p style=\"text-align: center;\"><a href=\"http:\/\/www.korhanyilmaz.com\/wp-content\/uploads\/2010\/08\/099.jpeg\"  class=\"lightview\"><img loading=\"lazy\" decoding=\"async\" class=\"aligncenter size-full wp-image-24877\" src=\"http:\/\/www.korhanyilmaz.com\/wp-content\/uploads\/2010\/08\/099.jpeg\" alt=\"\" width=\"333\" height=\"222\" \/><\/a><\/p>\n<p style=\"text-align: justify;\">AK Parti Grup Ba\u015fkanvekili Suat K\u0131l\u0131\u00e7, &#8220;Say\u0131n Hisarc\u0131kl\u0131o\u011flu kendisinin de i\u00e7inde bulundu\u011fu Ekonomik ve Sosyal Konseyi bu anayasan\u0131n i\u00e7ine koydurabilmek i\u00e7in b\u00fcy\u00fck  \u00e7aba sarf etti madem ki, biz s\u0131rt\u0131m\u0131za ald\u0131\u011f\u0131m\u0131z yumurta k\u00fcfesinin \u00fczerinde TOBB&#8217;u ta\u015f\u0131yamay\u0131z, TOBB bu y\u00fck\u00fcn alt\u0131na girmek zorundad\u0131r&#8221; dedi. <!--more--><\/p>\n<p style=\"text-align: justify;\">SAMSUN &#8211; Referandum \u00e7al\u0131\u015fmalar\u0131na Samsun\u2019da devam eden K\u0131l\u0131\u00e7, \u00c7ar\u015famba il\u00e7esinde \u00c7ar\u015famba Sanayici ve \u0130\u015fadamlar\u0131 Derne\u011fi\u2019nde (\u00c7ARS\u0130AD) \u00fcyelere seslendi.<\/p>\n<p style=\"text-align: justify;\">T\u00fcrkiye\u2019nin b\u00fcy\u00fcmesinin \u00f6n\u00fcndeki en b\u00fcy\u00fck engelin demokrasi a\u00e7\u0131\u011f\u0131 oldu\u011funu ifade eden K\u0131l\u0131\u00e7, &#8220;\u00c7\u00fcnk\u00fc demokrasinin olmad\u0131\u011f\u0131 bir \u00fclkede yarg\u0131n\u0131n ba\u011f\u0131ms\u0131z ve tarafs\u0131z \u00e7al\u0131\u015fabilmesi m\u00fcmk\u00fcn de\u011fildir&#8221; diye konu\u015ftu.<\/p>\n<p style=\"text-align: justify;\">Yarg\u0131n\u0131n ba\u011f\u0131ms\u0131z ve tarafs\u0131z \u00e7al\u0131\u015fmad\u0131\u011f\u0131 bir \u00fclkede yarg\u0131 kararlar\u0131na g\u00fcven duyulmayaca\u011f\u0131n\u0131n alt\u0131n\u0131 \u00e7izen K\u0131l\u0131\u00e7, s\u00f6zlerini \u015f\u00f6yle s\u00fcrd\u00fcrd\u00fc:<\/p>\n<p style=\"text-align: justify;\">&#8220;Ba\u015fta idari yarg\u0131 olmak \u00fczere, yarg\u0131 kararlar\u0131na y\u00fczde 100 g\u00fcven duyulmayan bir \u00fclkede yerli sermayenin diledi\u011fi yere yat\u0131r\u0131m yapabilmesi de m\u00fcmk\u00fcn de\u011fildir. Yabanc\u0131 sermaye birikimlerinin yat\u0131r\u0131m adresi olarak o \u00fclkeyi tercih edebilmeleri de m\u00fcmk\u00fcn de\u011fildir. Yarg\u0131ya g\u00fcven \u00e7ok \u00f6nemlidir. Yarg\u0131, y\u00fcr\u00fctme organ\u0131 olan h\u00fck\u00fcmeti durdurmak, frenlemek, takoz koymak, icraat\u0131n\u0131n \u00f6n\u00fcn\u00fc kesmek i\u00e7in de\u011fil, \u00fclkenin ve milletin \u00e7\u0131karlar\u0131na hizmet etmek i\u00e7in \u00e7al\u0131\u015fmal\u0131d\u0131r&#8221;<\/p>\n<p style=\"text-align: justify;\">Yeni Anayasada &#8220;yerindelik denetimi yap\u0131lamayaca\u011f\u0131&#8221; ilkesi oldu\u011funu hat\u0131rlatan K\u0131l\u0131\u00e7, &#8220;Yarg\u0131, hukukilik denetimi yapar, yarg\u0131 yerindelik denetimi yapamaz. Bu h\u00fck\u00fcmetin Il\u0131su\u2019da baraj yapmas\u0131 yerinde midir, de\u011fil midir? Yarg\u0131n\u0131n b\u00f6yle bir yetkisi yoktur. Bu icraat\u0131n, icran\u0131n yetkisidir&#8221; dedi.<\/p>\n<p style=\"text-align: justify;\"><strong>&#8220;TOBB TARAFSIZ KALMA HAKKINA SAH\u0130P DE\u011e\u0130LD\u0130R&#8221;<\/strong><\/p>\n<p style=\"text-align: justify;\">Anayasa de\u011fi\u015fikli\u011fi paketi i\u00e7indeki 26 maddeden bir tanesinin de &#8220;Ekonomik ve Sosyal Konsey\u2019in anayasal bir kurum olarak kurulmas\u0131&#8221; oldu\u011funa i\u015faret eden K\u0131l\u0131\u00e7, Konsey\u2019in omurgas\u0131n\u0131n ise T\u00fcrkiye Odalar ve Borsalar Birli\u011fi (TOBB) oldu\u011funu vurgulad\u0131.<\/p>\n<p style=\"text-align: justify;\">Ekonomik ve Sosyal Konsey\u2019in anayasal bir kurum haline getirilmesinin TOBB\u2019un talebi \u00fczerine ger\u00e7ekle\u015fti\u011fini ifade eden K\u0131l\u0131\u00e7, \u015f\u00f6yle devam etti:<\/p>\n<p style=\"text-align: justify;\">&#8220;Bu talebi bize ileten TOBB Ba\u015fkan\u0131 Say\u0131n Rifat Hisarc\u0131kl\u0131o\u011flu\u2019dur. \u015eu an TOBB\u2019un hala tarafs\u0131z bir g\u00f6r\u00fcnt\u00fc veriyor olmas\u0131n\u0131 \u00e7ok yanl\u0131\u015f ve \u00e7ok renksiz bir tav\u0131r olarak de\u011ferlendiriyorum. TOBB\u2019un taban\u0131 bu anayasaya \u2019evet\u2019 demektedir. Say\u0131n Hisarc\u0131kl\u0131o\u011flu kendisinin de i\u00e7inde bulundu\u011fu Ekonomik ve Sosyal Konsey\u2019i bu anayasan\u0131n i\u00e7ine koydurabilmek i\u00e7in b\u00fcy\u00fck \u00e7aba sarf etti madem ki, biz s\u0131rt\u0131m\u0131za ald\u0131\u011f\u0131m\u0131z yumurta k\u00fcfesinin \u00fczerinde TOBB\u2019u ta\u015f\u0131yamay\u0131z, TOBB bu y\u00fck\u00fcn alt\u0131na girmek zorundad\u0131r.&#8221;<\/p>\n<p style=\"text-align: justify;\">Suat K\u0131l\u0131\u00e7, Hisarc\u0131kl\u0131o\u011flu\u2019ndan, temsil etti\u011fi taban\u0131n demokrasi \u00e7a\u011fr\u0131lar\u0131na, ba\u015fkan\u0131 oldu\u011fu TOBB camias\u0131ndan y\u00fckselen hukuk ve \u00f6zg\u00fcrl\u00fck taleplerine kulak vermesini beklediklerini ve kulak verece\u011fine inand\u0131klar\u0131n\u0131 s\u00f6yledi.<\/p>\n<p style=\"text-align: justify;\">TOBB\u2019un renksiz bir yap\u0131 olmad\u0131\u011f\u0131n\u0131 ve tarafs\u0131z kalma hakk\u0131na sahip olmad\u0131\u011f\u0131n\u0131 dile getiren K\u0131l\u0131\u00e7, konu\u015fmas\u0131n\u0131 \u015f\u00f6yle tamamlad\u0131:<\/p>\n<p style=\"text-align: justify;\">&#8220;(Bizim tavr\u0131m\u0131zdan, davran\u0131\u015flar\u0131m\u0131zdan herkes anlayacakt\u0131r) demek, TOBB\u2019un tavr\u0131 olamaz. TOBB T\u00fcrkiye\u2019nin en yayg\u0131n sivil toplum \u00f6rg\u00fct\u00fcd\u00fcr. Biz Say\u0131n Hisarc\u0131kl\u0131o\u011flu\u2019nun tav\u0131rlar\u0131na bakarak karar\u0131n\u0131n ne oldu\u011funu anlamak istemiyoruz. Biz TOBB\u2019un kurumsal yap\u0131s\u0131 ad\u0131na tavr\u0131n\u0131n ne oldu\u011funu a\u00e7\u0131k aleni bir \u015fekilde ortaya konmas\u0131n\u0131 istiyoruz. \u00c7\u00fcnk\u00fc T\u00fcrkiye\u2019de yeni anayasa \u00e7a\u011fr\u0131lar\u0131n\u0131 en fazla yapan kurumlar\u0131n ba\u015f\u0131nda TOBB gelmektedir. 20 y\u0131ldan bu yana TOBB yeni anayasa \u00e7a\u011fr\u0131lar\u0131n\u0131 siyasete iletmektedir. \u2019Hay\u0131r\u2019 demediklerini, hay\u0131rc\u0131 olmad\u0131klar\u0131n\u0131 biliyorum. Ama \u2019evet\u2019 demeleri, a\u00e7\u0131k\u00e7a tav\u0131rlar\u0131n\u0131 ortaya koymalar\u0131 gerekti\u011fi kanaatindeyim.&#8221;<\/p>\n<p style=\"text-align: justify;\"><span style=\"color: #888888;\">Radikal<\/span><\/p>\n","protected":false},"excerpt":{"rendered":"<p style=\"text-align: center;\">\n<p style=\"text-align: justify;\">AK Parti Grup Ba\u015fkanvekili Suat K\u0131l\u0131\u00e7, &#8220;Say\u0131n Hisarc\u0131kl\u0131o\u011flu kendisinin de i\u00e7inde bulundu\u011fu Ekonomik ve Sosyal Konseyi bu anayasan\u0131n i\u00e7ine koydurabilmek i\u00e7in b\u00fcy\u00fck \u00e7aba sarf etti madem ki, biz s\u0131rt\u0131m\u0131za ald\u0131\u011f\u0131m\u0131z yumurta k\u00fcfesinin \u00fczerinde TOBB&#8217;u ta\u015f\u0131yamay\u0131z, TOBB bu y\u00fck\u00fcn alt\u0131na girmek zorundad\u0131r&#8221; dedi. <\/p>\n","protected":false},"author":1,"featured_media":0,"comment_status":"open","ping_status":"closed","sticky":false,"template":"","format":"standard","meta":{"footnotes":""},"categories":[105],"tags":[],"class_list":["post-24876","post","type-post","status-publish","format-standard","hentry","category-gundem","odd"],"_links":{"self":[{"href":"http:\/\/www.korhanyilmaz.com\/index.php?rest_route=\/wp\/v2\/posts\/24876","targetHints":{"allow":["GET"]}}],"collection":[{"href":"http:\/\/www.korhanyilmaz.com\/index.php?rest_route=\/wp\/v2\/posts"}],"about":[{"href":"http:\/\/www.korhanyilmaz.com\/index.php?rest_route=\/wp\/v2\/types\/post"}],"author":[{"embeddable":true,"href":"http:\/\/www.korhanyilmaz.com\/index.php?rest_route=\/wp\/v2\/users\/1"}],"replies":[{"embeddable":true,"href":"http:\/\/www.korhanyilmaz.com\/index.php?rest_route=%2Fwp%2Fv2%2Fcomments&post=24876"}],"version-history":[{"count":0,"href":"http:\/\/www.korhanyilmaz.com\/index.php?rest_route=\/wp\/v2\/posts\/24876\/revisions"}],"wp:attachment":[{"href":"http:\/\/www.korhanyilmaz.com\/index.php?rest_route=%2Fwp%2Fv2%2Fmedia&parent=24876"}],"wp:term":[{"taxonomy":"category","embeddable":true,"href":"http:\/\/www.korhanyilmaz.com\/index.php?rest_route=%2Fwp%2Fv2%2Fcategories&post=24876"},{"taxonomy":"post_tag","embeddable":true,"href":"http:\/\/www.korhanyilmaz.com\/index.php?rest_route=%2Fwp%2Fv2%2Ftags&post=24876"}],"curies":[{"name":"wp","href":"https:\/\/api.w.org\/{rel}","templated":true}]}}