{"id":24872,"date":"2010-08-19T20:28:55","date_gmt":"2010-08-19T17:28:55","guid":{"rendered":"http:\/\/www.korhanyilmaz.com\/?p=24872"},"modified":"2010-08-19T20:28:55","modified_gmt":"2010-08-19T17:28:55","slug":"ulastirma-bakanina-beklenmedik-tepki","status":"publish","type":"post","link":"http:\/\/www.korhanyilmaz.com\/?p=24872","title":{"rendered":"Ula\u015ft\u0131rma Bakan\u0131&#8217;na beklenmedik tepki"},"content":{"rendered":"<p><a href=\"http:\/\/www.korhanyilmaz.com\/wp-content\/uploads\/2010\/08\/098.jpeg\"  class=\"lightview\"><img loading=\"lazy\" decoding=\"async\" class=\"aligncenter size-full wp-image-24873\" src=\"http:\/\/www.korhanyilmaz.com\/wp-content\/uploads\/2010\/08\/098.jpeg\" alt=\"\" width=\"312\" height=\"242\" \/><\/a><\/p>\n<p style=\"text-align: justify;\">Esnaf odas\u0131n\u0131 ziyaret eden ve referandumda &#8220;evet&#8221; \u00e7a\u011fr\u0131s\u0131 yapan Ula\u015ft\u0131rma Bakan\u0131 Binali Y\u0131ld\u0131r\u0131m, hi\u00e7 beklemedi\u011fi bir protestoyla kar\u015f\u0131la\u015ft\u0131. Bir taksici Y\u0131ld\u0131r\u0131m&#8217;\u0131n konu\u015fmas\u0131 s\u0131ras\u0131nda &#8220;biz buraya referandum ropagandas\u0131 dinlemeye gelmedik. Taksicilerin sorunlar\u0131n\u0131 konu\u015fal\u0131m&#8221; diye ba\u011f\u0131rd\u0131. Bakan Y\u0131ld\u0131r\u0131m &#8220;sakin olal\u0131m&#8221; \u00e7a\u011fr\u0131s\u0131 yapt\u0131. <!--more--><\/p>\n<p style=\"text-align: justify;\">Seyrantepe&#8217;deki \u0130stanbul Taksiciler Esnaf Odas\u0131&#8217;nda bir araya geldi\u011fi taksicilere &#8220;meslekta\u015flar\u0131m&#8221; diye hitap eden Y\u0131ld\u0131r\u0131m, &#8220;Ben de ta\u015f\u0131mac\u0131l\u0131ktan geliyorum. Taksicilik yapmad\u0131m, ama taksim oldu. Taksi \u00e7al\u0131\u015ft\u0131rd\u0131m, otob\u00fcs i\u015fletmecili\u011fi yapt\u0131m. Dolay\u0131s\u0131yla bu mesle\u011fin \u00e7ilelerini, bu mesle\u011fin ne kadar al\u0131n teri d\u00f6k\u00fclerek, hak edilerek para kazan\u0131lan bir meslek oldu\u011funu biliyorum&#8221; diye konu\u015ftu.<\/p>\n<p style=\"text-align: justify;\">Y\u0131ld\u0131r\u0131m, taksicilerin ya da taksicilerden hizmet alanlar\u0131n ya\u015fayaca\u011f\u0131 herhangi bir olumsuzlu\u011fun dalga dalga milyonlara yay\u0131laca\u011f\u0131n\u0131 belirtti.<\/p>\n<p style=\"text-align: justify;\">G\u00f6reve geldi\u011finde Atat\u00fcrk Havaliman\u0131&#8217;n\u0131n yolcu trafi\u011finin 8 milyon oldu\u011funu ifade eden Y\u0131ld\u0131r\u0131m, ge\u00e7en y\u0131l bu rakam\u0131n 29 milyon 854 bine \u00e7\u0131kt\u0131\u011f\u0131n\u0131, buna 6,5 milyonluk yolcu trafi\u011fiyle Sabiha G\u00f6k\u00e7en Havaliman\u0131 da eklendi\u011finde, say\u0131n\u0131n 40 milyona ula\u015ft\u0131\u011f\u0131n\u0131 s\u00f6yledi.<\/p>\n<p style=\"text-align: justify;\">Y\u0131ld\u0131r\u0131m, havaliman\u0131na gelen yolcular\u0131n taksicilerden hizmet ald\u0131\u011f\u0131n\u0131 dile getirerek, &#8220;Bir \u00fclkeye gitti\u011finiz zaman havaliman\u0131na inince bir fikir oluyor. Havaliman\u0131nda karga\u015fa varsa, hizmet alam\u0131yorsan\u0131z, s\u0131ra bekliyorsan\u0131z, bu \u00fclke geri kalm\u0131\u015f demektir. \u00dclkemizde bir ki\u015fi havaliman\u0131na geliyor, modern tesislerden ge\u00e7iyor, d\u0131\u015far\u0131da taksiye, otob\u00fcs ya da metroya binip yoluna devam ediyor. \u00c7a\u011fda\u015fl\u0131k da bu oluyor&#8221; diye konu\u015ftu.<\/p>\n<p style=\"text-align: justify;\">Hava ta\u015f\u0131mac\u0131l\u0131\u011f\u0131nda T\u00fcrkiye&#8217;nin 4 kat b\u00fcy\u00fcd\u00fc\u011f\u00fcn\u00fc aktaran Y\u0131ld\u0131r\u0131m, &#8220;Bu b\u00fcy\u00fcmeyi ger\u00e7ekle\u015ftirmeseydik sizin i\u00e7in hayat biraz daha zor olabilirdi. Talep bu kadar b\u00fcy\u00fcy\u00fcnce bu i\u015fte para oldu\u011funu g\u00f6ren baz\u0131 kay\u0131t d\u0131\u015f\u0131 kesimler bo\u015f durmuyor, ortal\u0131\u011fa \u00e7\u0131k\u0131yor. Terlemeden, yorulmadan sizin yapt\u0131\u011f\u0131n\u0131z i\u015fi yapmaya \u00e7al\u0131\u015f\u0131yor. Bu haks\u0131zl\u0131kt\u0131r. Bunun kabul edilebilir yan\u0131 yoktur&#8221; \u015feklinde konu\u015ftu.<\/p>\n<p style=\"text-align: justify;\">Y\u0131ld\u0131r\u0131m, bir\u00e7ok kanun \u00e7\u0131kard\u0131klar\u0131n\u0131 anlatarak, karayolu ta\u015f\u0131mac\u0131l\u0131\u011f\u0131nda, \u00e7\u0131kar\u0131lan kanunlara, y\u00f6netmeliklere uygunlu\u011fun y\u00fczde 98&#8217;e ula\u015ft\u0131\u011f\u0131n\u0131 s\u00f6yledi.<\/p>\n<p style=\"text-align: justify;\"><strong>Korsan taksicilik <\/strong><\/p>\n<p style=\"text-align: justify;\">Taksicilerin ya\u015fad\u0131\u011f\u0131 sorunlar\u0131n fark\u0131nda olduklar\u0131n\u0131 ifade eden Y\u0131ld\u0131r\u0131m, &#8220;Bunlar\u0131n ba\u015f\u0131nda korsan sorunu geliyor. B\u00fct\u00fcn arka plan\u0131n\u0131 arkada\u015flar anlatt\u0131. Biz bunu ba\u015fka alanlarda da ya\u015fad\u0131k, ama \u00f6n\u00fcne ge\u00e7tik. Ara\u00e7 muayeneleri ara\u00e7 hi\u00e7 g\u00f6r\u00fclmeden yap\u0131l\u0131yordu bu \u00fclkede. \u015eimdi \u00f6yle mi? \u015eimdi 100 tane ara\u00e7 gidiyor, bunun 70&#8217;i ilk muayeneden ge\u00e7emiyor. \u0130kinci muayenede 60 tanesi, \u00fc\u00e7\u00fcnc\u00fc muayenede 100 tanesi ge\u00e7iyor. Niye? \u0130\u015fi s\u0131k\u0131 tutuyoruz. Ara\u00e7 muayenelerinin ben hepsini makam odamdan g\u00f6r\u00fcyorum. Takip \u00e7ok \u00f6nemli. Kanun \u00e7\u0131karmak, ceza koymak yetmiyor. Uygulamay\u0131 s\u0131k\u0131 tutmazsan\u0131z, takip etmezseniz, en iyi kanunu da \u00e7\u0131karsan\u0131z hi\u00e7bir faydas\u0131 yok&#8221; dedi.<\/p>\n<p style=\"text-align: justify;\">Y\u0131ld\u0131r\u0131m, kararl\u0131l\u0131k olmas\u0131 durumunda korsan taksicilik sorununun \u00e7aresinin de bulunabilece\u011fini vurgulayarak, \u015f\u00f6yle devam etti: &#8220;Arkada\u015flar\u0131m\u0131z bir taslak haz\u0131rlam\u0131\u015f, bize takdim ettiler. Biz bu konunun takip\u00e7isi olaca\u011f\u0131z. Bu i\u015fi hak ederek yapanla hi\u00e7bir zahmete katlanmayan\u0131n ayn\u0131 muameleyi g\u00f6rmesini asla kabul edemeyiz. Bunun s\u00f6z\u00fcn\u00fc veriyorum. Bu bizim tek ba\u015f\u0131m\u0131za alaca\u011f\u0131m\u0131z bir karar olsa, biz bunu hemen al\u0131r, uygular\u0131z. Bu, birka\u00e7 kurumu birlikte ilgilendiriyor. Esasen bizi en son ilgilendiriyor. Bu i\u015fte belediyeler var, \u0130\u00e7i\u015fleri Bakanl\u0131\u011f\u0131 var, icab\u0131nda Sanayi Bakanl\u0131\u011f\u0131 var, Ula\u015ft\u0131rma Bakanl\u0131\u011f\u0131 da durumdan vazife \u00e7\u0131kar\u0131yor. Korsan taksicilikle amans\u0131z m\u00fccadele edece\u011fiz. Bu i\u015f y\u00fczde 100 biter mi? Bitmez. Ancak kontrol edilebilir bir noktaya gelmesi \u00f6nemlidir.&#8221;<\/p>\n<p style=\"text-align: justify;\"><strong>Taksiciden tepki <\/strong><\/p>\n<p style=\"text-align: justify;\">Bakan Y\u0131ld\u0131r\u0131m&#8217;\u0131n anayasa de\u011fi\u015fikliklerine de\u011finmesi \u00fczerine bir taksici, &#8220;Buraya anayasa propagandas\u0131 dinlemeye gelmedik, mesleki sorunlar\u0131m\u0131z\u0131 anlatmaya geldik&#8221; dedi.<\/p>\n<p style=\"text-align: justify;\">Bunun \u00fczerine Y\u0131ld\u0131r\u0131m, her t\u00fcrl\u00fc sorunu konu\u015fabileceklerini belirterek, \u015f\u00f6yle devam etti: &#8220;Kimsenin oyu benim cebimde de\u011fil. Bu, bir se\u00e7im de\u011fil, T\u00fcrkiye&#8217;nin gelece\u011finin se\u00e7imidir. Takdir sizin, ister &#8216;Evet&#8217; ister &#8216;Hay\u0131r&#8217; dersiniz. Farkl\u0131 d\u00fc\u015f\u00fcnenlere sayg\u0131 duyuyoruz. Hay\u0131rl\u0131 olsun arkada\u015flar. Heyecana l\u00fczum yok. Biz kaybedeceksek kaybedelim, insan\u0131m\u0131z kazans\u0131n. Benim ne s\u00f6yleyece\u011fime siz karar veremezsiniz. Sizin ne s\u00f6yleyece\u011finize de ben karar veremem. Biz kendimiz i\u00e7in bir i\u015f yapm\u0131yoruz, memleket i\u00e7in yap\u0131yoruz.&#8221;<\/p>\n<p style=\"text-align: justify;\">Konu\u015fmas\u0131n\u0131n ard\u0131ndan taksicilerin sorunlar\u0131n\u0131 dinleyen Y\u0131ld\u0131r\u0131m, bir taksicinin, &#8220;12 Eyl\u00fcle kadar korsan sorununu \u00e7\u00f6z\u00fcn, 1,5 milyon \u015fof\u00f6r\u00fcn &#8216;Evet&#8217; diyece\u011finden \u015f\u00fcpheniz olmas\u0131n&#8221; demesi \u00fczerine, &#8220;Ben b\u00f6yle bir pazarl\u0131\u011fa girmem. \u00c7ok ahlaki bir pazarl\u0131k de\u011fil. Meclis kapal\u0131, yasa \u00e7\u0131kar\u0131lm\u0131yor 12 Eyl\u00fcle kadar. Ayr\u0131ca bu Bakanl\u0131\u011f\u0131m\u0131 ilgilendiren bir konu de\u011fil, inisiyatif alaca\u011f\u0131m\u0131 a\u00e7\u0131k se\u00e7ik s\u00f6yledim. Bunu meslek \u00f6rg\u00fctleri takip edecek, yapmad\u0131\u011f\u0131m\u0131z i\u015fi vaat edip size hayal k\u0131r\u0131kl\u0131\u011f\u0131 ya\u015fatmak istemem&#8221; diye konu\u015ftu.<\/p>\n<p style=\"text-align: justify;\">Bu arada, &#8220;Propaganda yap\u0131yorsunuz&#8221; diyen bir ki\u015finin salondan \u00e7\u0131kar\u0131ld\u0131\u011f\u0131 toplant\u0131 s\u0131ras\u0131nda baz\u0131 taksiciler &#8220;Evet&#8221; diye ba\u011f\u0131rd\u0131.<\/p>\n<p style=\"text-align: justify;\"><span style=\"color: #888888;\">CNN T\u00dcRK<\/span><\/p>\n","protected":false},"excerpt":{"rendered":"<\/p>\n<p style=\"text-align: justify;\">Esnaf odas\u0131n\u0131 ziyaret eden ve referandumda &#8220;evet&#8221; \u00e7a\u011fr\u0131s\u0131 yapan Ula\u015ft\u0131rma Bakan\u0131 Binali Y\u0131ld\u0131r\u0131m, hi\u00e7 beklemedi\u011fi bir protestoyla kar\u015f\u0131la\u015ft\u0131. Bir taksici Y\u0131ld\u0131r\u0131m&#8217;\u0131n konu\u015fmas\u0131 s\u0131ras\u0131nda &#8220;biz buraya referandum ropagandas\u0131 dinlemeye gelmedik. Taksicilerin sorunlar\u0131n\u0131 konu\u015fal\u0131m&#8221; diye ba\u011f\u0131rd\u0131. Bakan Y\u0131ld\u0131r\u0131m &#8220;sakin olal\u0131m&#8221; \u00e7a\u011fr\u0131s\u0131 yapt\u0131. <\/p>\n","protected":false},"author":1,"featured_media":0,"comment_status":"open","ping_status":"closed","sticky":false,"template":"","format":"standard","meta":{"footnotes":""},"categories":[105],"tags":[],"class_list":["post-24872","post","type-post","status-publish","format-standard","hentry","category-gundem","odd"],"_links":{"self":[{"href":"http:\/\/www.korhanyilmaz.com\/index.php?rest_route=\/wp\/v2\/posts\/24872","targetHints":{"allow":["GET"]}}],"collection":[{"href":"http:\/\/www.korhanyilmaz.com\/index.php?rest_route=\/wp\/v2\/posts"}],"about":[{"href":"http:\/\/www.korhanyilmaz.com\/index.php?rest_route=\/wp\/v2\/types\/post"}],"author":[{"embeddable":true,"href":"http:\/\/www.korhanyilmaz.com\/index.php?rest_route=\/wp\/v2\/users\/1"}],"replies":[{"embeddable":true,"href":"http:\/\/www.korhanyilmaz.com\/index.php?rest_route=%2Fwp%2Fv2%2Fcomments&post=24872"}],"version-history":[{"count":0,"href":"http:\/\/www.korhanyilmaz.com\/index.php?rest_route=\/wp\/v2\/posts\/24872\/revisions"}],"wp:attachment":[{"href":"http:\/\/www.korhanyilmaz.com\/index.php?rest_route=%2Fwp%2Fv2%2Fmedia&parent=24872"}],"wp:term":[{"taxonomy":"category","embeddable":true,"href":"http:\/\/www.korhanyilmaz.com\/index.php?rest_route=%2Fwp%2Fv2%2Fcategories&post=24872"},{"taxonomy":"post_tag","embeddable":true,"href":"http:\/\/www.korhanyilmaz.com\/index.php?rest_route=%2Fwp%2Fv2%2Ftags&post=24872"}],"curies":[{"name":"wp","href":"https:\/\/api.w.org\/{rel}","templated":true}]}}