{"id":24867,"date":"2010-08-19T19:38:32","date_gmt":"2010-08-19T16:38:32","guid":{"rendered":"http:\/\/www.korhanyilmaz.com\/?p=24867"},"modified":"2010-08-19T19:38:32","modified_gmt":"2010-08-19T16:38:32","slug":"mgkdan-terorle-mucadelede-kararlilik-aciklamasi","status":"publish","type":"post","link":"http:\/\/www.korhanyilmaz.com\/?p=24867","title":{"rendered":"MGK&#8217;dan ter\u00f6rle m\u00fccadelede kararl\u0131l\u0131k a\u00e7\u0131klamas\u0131"},"content":{"rendered":"<p><a href=\"http:\/\/www.korhanyilmaz.com\/wp-content\/uploads\/2010\/08\/097.jpeg\"  class=\"lightview\"><img loading=\"lazy\" decoding=\"async\" class=\"aligncenter size-full wp-image-24868\" src=\"http:\/\/www.korhanyilmaz.com\/wp-content\/uploads\/2010\/08\/097.jpeg\" alt=\"\" width=\"349\" height=\"209\" \/><\/a><\/p>\n<p style=\"text-align: justify;\">Milli G\u00fcvenlik Kurulu (MGK) toplant\u0131s\u0131n\u0131n ard\u0131ndan yay\u0131mlanan bildiride, &#8220;\u00dclkemizin birli\u011fini, b\u00f6l\u00fcnmez b\u00fct\u00fcnl\u00fc\u011f\u00fcn\u00fc, insan\u0131m\u0131z\u0131n ya\u015fama hakk\u0131n\u0131 ve milletimizin huzurunu hedef alan b\u00f6l\u00fcc\u00fc ter\u00f6r \u00f6rg\u00fct\u00fc ve yanda\u015flar\u0131na kar\u015f\u0131 halk\u0131m\u0131z\u0131n da deste\u011fiyle \u00e7ok y\u00f6nl\u00fc olarak y\u00fcr\u00fct\u00fclen m\u00fccadeleye taviz verilmeksizin devam edilece\u011fi hususundaki kararl\u0131l\u0131k, bir kere daha teyit edilmi\u015ftir&#8221;&#8216; denildi. <!--more--><\/p>\n<p style=\"text-align: justify;\">MGK Genel Sekreterli\u011fi taraf\u0131ndan yay\u0131mlanan bildiride, Kurulun bug\u00fcn \u0130stanbul&#8217;da ola\u011fan toplant\u0131s\u0131n\u0131 yapt\u0131\u011f\u0131 hat\u0131rlat\u0131larak, toplant\u0131da \u00fclke g\u00fcvenli\u011fini ilgilendiren i\u00e7 ve d\u0131\u015f geli\u015fmelerin detayl\u0131 bir \u015fekilde ele al\u0131nd\u0131\u011f\u0131 belirtildi.<\/p>\n<p style=\"text-align: justify;\">Bildiride, \u015funlar kaydedildi: &#8220;\u00dclkemizin birli\u011fini, b\u00f6l\u00fcnmez b\u00fct\u00fcnl\u00fc\u011f\u00fcn\u00fc, insan\u0131m\u0131z\u0131n ya\u015fama hakk\u0131n\u0131 ve milletimizin huzurunu hedef alan b\u00f6l\u00fcc\u00fc ter\u00f6r \u00f6rg\u00fct\u00fc ve yanda\u015flar\u0131na kar\u015f\u0131 halk\u0131m\u0131z\u0131n da deste\u011fiyle \u00e7ok y\u00f6nl\u00fc olarak y\u00fcr\u00fct\u00fclen m\u00fccadeleye taviz verilmeksizin devam edilece\u011fi hususundaki kararl\u0131l\u0131k, bir kere daha teyit edilmi\u015ftir. Ter\u00f6r \u00f6rg\u00fct\u00fc ve yanda\u015flar\u0131n\u0131n toplum i\u00e7inde karga\u015fa yaratmaya, karde\u015flik duygular\u0131n\u0131 zafiyete u\u011fratmaya ve toplumsal bar\u0131\u015f\u0131 bozmaya y\u00f6nelik tahrik \u00e7abalar\u0131 kar\u015f\u0131s\u0131nda, halk\u0131m\u0131z\u0131n her zaman oldu\u011fu gibi sa\u011fduyulu hareket edece\u011fine ve bu \u015fer odaklar\u0131n\u0131n ama\u00e7lar\u0131na ula\u015fmalar\u0131na izin vermeyece\u011fine olan kati inan\u00e7 vurgulanm\u0131\u015ft\u0131r.<\/p>\n<p style=\"text-align: justify;\">Irak&#8217;ta 7 Mart 2010 tarihinde yap\u0131lan parlamento se\u00e7imlerinin ard\u0131ndan h\u00fck\u00fcmetin kurulmas\u0131 s\u00fcrecinde ya\u015fanan geli\u015fmeler de\u011ferlendirilmi\u015ftir. Ortado\u011fu&#8217;ya ili\u015fkin son geli\u015fmeler ele al\u0131nm\u0131\u015f, bu \u00e7er\u00e7evede \u0130ran&#8217;\u0131n gerek Viyana Grubu&#8217;yla Tahran Ortak Bildirisi zemininde gerek BMGK Daimi \u00dcyeleri ve Almanya&#8217;dan m\u00fcte\u015fekkil P5 1&#8217;le daha geni\u015f manada yapabilece\u011fi g\u00f6r\u00fc\u015fmelerin \u0130ran&#8217;\u0131n n\u00fckleer program\u0131na ili\u015fkin soruna diplomatik \u00e7\u00f6z\u00fcm bulunmas\u0131na y\u00f6nelik somut f\u0131rsatlar\u0131n de\u011ferlendirilmesi bak\u0131m\u0131ndan \u00f6nem ta\u015f\u0131d\u0131\u011f\u0131 ve T\u00fcrkiye&#8217;nin bar\u0131\u015f\u00e7\u0131 \u00e7\u00f6z\u00fcm i\u00e7in kolayla\u015ft\u0131r\u0131c\u0131 gayretlerinin s\u00fcrd\u00fcr\u00fclece\u011fi belirtilmi\u015ftir.<\/p>\n<p style=\"text-align: justify;\">31 May\u0131s 2010 tarihinde Gazze&#8217;ye insani yard\u0131m g\u00f6t\u00fcren konvoya \u0130srail taraf\u0131ndan uluslararas\u0131 sularda ger\u00e7ekle\u015ftirilen sald\u0131r\u0131 ba\u011flam\u0131ndaki geli\u015fmelerin kapsaml\u0131 bir de\u011ferlendirilmesi yap\u0131lm\u0131\u015f, uluslararas\u0131 hukukun a\u011f\u0131r ihlalini te\u015fkil eden bu olay\u0131n ayr\u0131nt\u0131l\u0131 bi\u00e7imde soru\u015fturulmas\u0131 i\u00e7in ulusal ve uluslararas\u0131 hukuk ba\u011flam\u0131nda s\u00fcrd\u00fcr\u00fclen \u00e7al\u0131\u015fmalar g\u00f6zden ge\u00e7irilmi\u015ftir.<\/p>\n<p style=\"text-align: justify;\">L\u00fcbnan-\u0130srail s\u0131n\u0131r\u0131nda 3 A\u011fustos 2010 tarihinde meydana gelen \u00e7at\u0131\u015fma ele al\u0131nm\u0131\u015f, L\u00fcbnan&#8217;da bar\u0131\u015f ve istikrar\u0131n muhafazas\u0131n\u0131n t\u00fcm b\u00f6lgenin bar\u0131\u015f ve istikrar\u0131 ile do\u011frudan ba\u011flant\u0131l\u0131 oldu\u011funun alt\u0131 \u00e7izilmi\u015ftir. Bu \u00e7er\u00e7evede t\u00fcm taraflar\u0131n itidalle hareket ederek b\u00f6lgedeki bar\u0131\u015f ve istikrar \u00e7abalar\u0131na katk\u0131da bulunmalar\u0131n\u0131n ve Birle\u015fmi\u015f Milletler G\u00fcvenlik Konseyi&#8217;nin 1701 say\u0131l\u0131 karar\u0131n\u0131n h\u00fck\u00fcmlerine riayet etmelerinin \u00f6nemi teyit edilmi\u015ftir.<\/p>\n<p style=\"text-align: justify;\">Pakistan&#8217;da meydana gelen ve yol a\u00e7t\u0131\u011f\u0131 kapsaml\u0131 maddi zarara ilaveten dost ve karde\u015f Pakistan halk\u0131n\u0131n y\u00fcrekten payla\u015ft\u0131\u011f\u0131m\u0131z derin ac\u0131lar ya\u015famas\u0131na da neden olan sel felaketi ba\u011flam\u0131ndaki geli\u015fmeler de ele al\u0131nm\u0131\u015ft\u0131r. Bu \u00e7er\u00e7evede devletimiz taraf\u0131ndan halk\u0131m\u0131z\u0131n da kapsaml\u0131 deste\u011fiyle ba\u015flat\u0131lan yard\u0131mlar g\u00f6zden ge\u00e7irilmi\u015f, dost ve karde\u015f Pakistan halk\u0131yla bu zor d\u00f6nemdeki dayan\u0131\u015fmam\u0131z\u0131n g\u00fc\u00e7lendirilerek s\u00fcrd\u00fcr\u00fclece\u011fi vurgulanm\u0131\u015ft\u0131r.<\/p>\n<p style=\"text-align: justify;\">4 y\u0131ld\u0131r Milli G\u00fcvenlik Kurulu \u00fcyesi olarak kurulun mesaisine \u00f6nemli katk\u0131da bulunan Genelkurmay Ba\u015fkan\u0131 Orgeneral Say\u0131n \u0130lker Ba\u015fbu\u011f&#8217;a, kurul \u00fcyelerinin te\u015fekk\u00fcrleri ve bundan sonraki ya\u015famlar\u0131nda sa\u011fl\u0131k ve esenlik dilekleri ifade edilmi\u015ftir.&#8221;<\/p>\n<p style=\"text-align: justify;\"><span style=\"color: #888888;\">CNN T\u00dcRK<\/span><\/p>\n","protected":false},"excerpt":{"rendered":"<\/p>\n<p style=\"text-align: justify;\">Milli G\u00fcvenlik Kurulu (MGK) toplant\u0131s\u0131n\u0131n ard\u0131ndan yay\u0131mlanan bildiride, &#8220;\u00dclkemizin birli\u011fini, b\u00f6l\u00fcnmez b\u00fct\u00fcnl\u00fc\u011f\u00fcn\u00fc, insan\u0131m\u0131z\u0131n ya\u015fama hakk\u0131n\u0131 ve milletimizin huzurunu hedef alan b\u00f6l\u00fcc\u00fc ter\u00f6r \u00f6rg\u00fct\u00fc ve yanda\u015flar\u0131na kar\u015f\u0131 halk\u0131m\u0131z\u0131n da deste\u011fiyle \u00e7ok y\u00f6nl\u00fc olarak y\u00fcr\u00fct\u00fclen m\u00fccadeleye taviz verilmeksizin devam edilece\u011fi hususundaki kararl\u0131l\u0131k, bir kere daha teyit edilmi\u015ftir&#8221;&#8216; denildi. <\/p>\n","protected":false},"author":1,"featured_media":0,"comment_status":"open","ping_status":"closed","sticky":false,"template":"","format":"standard","meta":{"footnotes":""},"categories":[105],"tags":[],"class_list":["post-24867","post","type-post","status-publish","format-standard","hentry","category-gundem","odd"],"_links":{"self":[{"href":"http:\/\/www.korhanyilmaz.com\/index.php?rest_route=\/wp\/v2\/posts\/24867","targetHints":{"allow":["GET"]}}],"collection":[{"href":"http:\/\/www.korhanyilmaz.com\/index.php?rest_route=\/wp\/v2\/posts"}],"about":[{"href":"http:\/\/www.korhanyilmaz.com\/index.php?rest_route=\/wp\/v2\/types\/post"}],"author":[{"embeddable":true,"href":"http:\/\/www.korhanyilmaz.com\/index.php?rest_route=\/wp\/v2\/users\/1"}],"replies":[{"embeddable":true,"href":"http:\/\/www.korhanyilmaz.com\/index.php?rest_route=%2Fwp%2Fv2%2Fcomments&post=24867"}],"version-history":[{"count":0,"href":"http:\/\/www.korhanyilmaz.com\/index.php?rest_route=\/wp\/v2\/posts\/24867\/revisions"}],"wp:attachment":[{"href":"http:\/\/www.korhanyilmaz.com\/index.php?rest_route=%2Fwp%2Fv2%2Fmedia&parent=24867"}],"wp:term":[{"taxonomy":"category","embeddable":true,"href":"http:\/\/www.korhanyilmaz.com\/index.php?rest_route=%2Fwp%2Fv2%2Fcategories&post=24867"},{"taxonomy":"post_tag","embeddable":true,"href":"http:\/\/www.korhanyilmaz.com\/index.php?rest_route=%2Fwp%2Fv2%2Ftags&post=24867"}],"curies":[{"name":"wp","href":"https:\/\/api.w.org\/{rel}","templated":true}]}}