{"id":24858,"date":"2010-08-19T13:25:09","date_gmt":"2010-08-19T10:25:09","guid":{"rendered":"http:\/\/www.korhanyilmaz.com\/?p=24858"},"modified":"2010-08-19T13:25:09","modified_gmt":"2010-08-19T10:25:09","slug":"erdogana-sordu-82-anayasasina-ne-oy-verdiniz","status":"publish","type":"post","link":"http:\/\/www.korhanyilmaz.com\/?p=24858","title":{"rendered":"Erdo\u011fan&#8217;a sordu: 82 Anayasas\u0131&#8217;na ne oy verdiniz?"},"content":{"rendered":"<p><a href=\"http:\/\/www.korhanyilmaz.com\/wp-content\/uploads\/2010\/08\/095.jpeg\"  class=\"lightview\"><img loading=\"lazy\" decoding=\"async\" class=\"aligncenter size-full wp-image-24859\" src=\"http:\/\/www.korhanyilmaz.com\/wp-content\/uploads\/2010\/08\/095.jpeg\" alt=\"\" width=\"292\" height=\"194\" \/><\/a><\/p>\n<p style=\"text-align: justify;\">CHP Grup Ba\u015fkanvekili Muharrem \u0130nce, Ba\u015fbakan Recep Tayyip Erdo\u011fan&#8217;\u0131n 12 Eyl\u00fcl d\u00f6neminde mevcut anayasa i\u00e7in yap\u0131lan referandumda ne y\u00f6nde oy kulland\u0131\u011f\u0131n\u0131 sordu. <!--more--><\/p>\n<p style=\"text-align: justify;\">\u0130nce, d\u00fczenledi\u011fi bas\u0131n toplant\u0131s\u0131nda, Erdo\u011fan&#8217;\u0131n, T\u00fcrkiye&#8217;nin her yerinde &#8220;yok \u00f6yle 25 kuru\u015fa simit&#8221; dedi\u011fini an\u0131msatt\u0131. &#8220;Ba\u015fbakan bir \u015fey i\u00e7in var diyorsa o mutlaka yoktur, yok diyorsa mutlaka vard\u0131r&#8221; ilkesinden hareketle ara\u015ft\u0131rma yapt\u0131\u011f\u0131n\u0131 belirten \u0130nce, CHP&#8217;li Susurluk Belediyesi&#8217;nin simidi 25 kuru\u015fa satt\u0131\u011f\u0131n\u0131 tespit etti\u011fini s\u00f6yledi. \u0130nce, &#8220;Say\u0131n Ba\u015fbakan art\u0131k miting meydanlar\u0131nda &#8216;yok \u00f6yle 25 kuru\u015fa simit&#8217; demesin. AKP&#8217;li belediyelere de Susurluk Belediyesi&#8217;ni \u00f6rnek almas\u0131n\u0131 tavsiye etsin&#8221; diye konu\u015ftu.<\/p>\n<p style=\"text-align: justify;\">12 Eyl\u00fcl anayasas\u0131 i\u00e7in yap\u0131lan referandumda y\u00fczde 91.6 evet, 8.6 hay\u0131r oyu \u00e7\u0131kt\u0131\u011f\u0131n\u0131 an\u0131msatan \u0130nce, &#8220;Say\u0131n Ba\u015fbakan, oyunuzun rengi nedir? Bug\u00fcn ele\u015ftirdi\u011finiz 82 anayasas\u0131na ne oy verdiniz?&#8221; diye sordu.<\/p>\n<p style=\"text-align: justify;\">&#8220;TRT&#8217;nin 12 Eyl\u00fcl anayasas\u0131 i\u00e7in &#8216;evet&#8217;in borazanl\u0131\u011f\u0131n\u0131 yapt\u0131\u011f\u0131n\u0131, bug\u00fcn de ayn\u0131 \u015feyi yapt\u0131\u011f\u0131n\u0131&#8221; \u00f6ne s\u00fcren \u0130nce, &#8220;1982&#8217;den 2010&#8217;un pek fark\u0131 yok. 12 Eyl\u00fcl Cuntas\u0131 ile Hitler fa\u015fizminin ve AKP iktidar\u0131n\u0131n mant\u0131\u011f\u0131 ayn\u0131d\u0131r&#8221; g\u00f6r\u00fc\u015f\u00fcn\u00fc dile getirdi.<\/p>\n<p style=\"text-align: justify;\">&#8220;Evet&#8221; bask\u0131s\u0131 ya\u015fand\u0131\u011f\u0131n\u0131 iddia eden \u0130nce, \u015fu g\u00f6r\u00fc\u015fleri dile getirdi:<\/p>\n<p style=\"text-align: justify;\">&#8220;Ankara&#8217;da atanmas\u0131 yap\u0131lmayan \u00f6\u011fretmenlere polis m\u00fcdahale ediyor, \u00f6\u011fretmen adaylar\u0131 g\u00f6z alt\u0131na al\u0131n\u0131yor. Bu \u00e7ocuklar\u0131n su\u00e7u ne? \u00d6\u011fretmene kelep\u00e7e vuruyorsunuz Habur&#8217;da ter\u00f6risti t\u00f6renle kar\u015f\u0131l\u0131yorsunuz. Ayd\u0131n&#8217;da  &#8216;yarg\u0131s\u0131z infaza hay\u0131r, K\u0131l\u0131\u00e7daro\u011flu gelecek dertler bitecek&#8217; diyenler g\u00f6zalt\u0131na al\u0131n\u0131yor. Antalya&#8217;da bro\u015f\u00fcr da\u011f\u0131tan CHP Kad\u0131n Kollar\u0131 \u00fcyeleri g\u00f6zalt\u0131na al\u0131n\u0131yor. Devlet Bakan\u0131 Egemen Ba\u011f\u0131\u015f &#8216;referandumda hay\u0131r oyu verenlerin ya akl\u0131ndan zoru var ya da vatan sevgisi ile s\u0131k\u0131nt\u0131s\u0131 var&#8217; diyor. Ba\u015fbakan, T\u00dcS\u0130AD&#8217;a &#8216;taraf olun, taraf olmayan bertaraf olur&#8217; diyor. B\u00fct\u00fcn bunlar 12 Eyl\u00fcl cuntac\u0131lar\u0131n\u0131n bask\u0131lar\u0131n\u0131n 2010 versiyonudur. Ba\u015fbakan Anayasa&#8217;n\u0131n 25. maddesini bilmiyor. Say\u0131n Ba\u015fbakan Anayasal su\u00e7 i\u015fliyor. Hi\u00e7kimse kanaat ve d\u00fc\u015f\u00fcncelerini a\u00e7\u0131klamaya zorlanamaz diyor, anayasan\u0131n 25. maddesi. Bu ancak diktat\u00f6rl\u00fcklerde olur. 12 Eyl\u00fcl cuntac\u0131lar\u0131 &#8216;evet&#8217; i\u00e7in ne yapt\u0131larsa bug\u00fcn T\u00fcrkiye&#8217;yi y\u00f6netenler ayn\u0131 y\u00f6ntemleri kullan\u0131yor.&#8221;<\/p>\n<p style=\"text-align: justify;\">\u0130nce, Ankara B\u00fcy\u00fck\u015fehir Belediye Ba\u015fkan\u0131 Melih G\u00f6k\u00e7ek&#8217;in &#8220;soy sop&#8221; tart\u0131\u015fmalar\u0131na girdi\u011fini belirterek, &#8220;Bu seviyesiz a\u00e7\u0131klamalara cevap vermeye tenezz\u00fcl etmiyorum. \u00d6nce lafa bakar\u0131m laf m\u0131 diye, sonra adama bakar\u0131m adam m\u0131 diye. Cevap vermeye gerek bile duymuyorum&#8221; diye konu\u015ftu.<\/p>\n<p style=\"text-align: justify;\"><strong>&#8220;Biz Atat\u00fcrk&#8217;\u00fcn torunlar\u0131y\u0131z&#8221; <\/strong><\/p>\n<p style=\"text-align: justify;\">6 Eyl\u00fcl 1987&#8217;de &#8220;siyasi yasaklar\u0131n kald\u0131r\u0131lmas\u0131 i\u00e7in&#8221; yap\u0131lan referandumda Devlet Bakan\u0131 ve Ba\u015fbakan Yard\u0131mc\u0131s\u0131 Cemil \u00c7i\u00e7ek&#8217;in &#8220;12 Eyl\u00fcl cuntac\u0131lar\u0131n\u0131n koydu\u011fu siyasi yasaklar\u0131n kald\u0131r\u0131lmamas\u0131&#8221; i\u00e7in kampanya yapanlar aras\u0131nda oldu\u011funu belirten \u0130nce, &#8220;Cemil \u00c7i\u00e7ek bug\u00fcn \u00f6zg\u00fcrl\u00fckten, demokrasiden, cuntac\u0131lardan hesap sormaktan bahsediyor&#8221; dedi.<\/p>\n<p style=\"text-align: justify;\">Ba\u015fbakan Erdo\u011fan&#8217;\u0131n 1930&#8217;l\u0131 y\u0131llardan \u00f6rnekler verdi\u011fini kaydeden \u0130nce, &#8220;Siz \u0130smet Pa\u015fa&#8217;dan Atat\u00fcrk&#8217;ten s\u00f6z ederseniz, size \u015funu s\u00f6ylerim: Biz Atat\u00fcrk&#8217;\u00fcn, \u0130smet Pa\u015fa&#8217;n\u0131n torunlar\u0131y\u0131z. Siz, Kubilay&#8217;\u0131n ba\u015f\u0131n\u0131 kesen Dervi\u015f Mehmet&#8217;in torunlar\u0131 m\u0131s\u0131n\u0131z?&#8221; diye konu\u015ftu.<\/p>\n<p style=\"text-align: justify;\">\u0130nce, referandumun &#8220;Hitler&#8217;in referandumuna benzedi\u011fini&#8221; savunarak, Hitler&#8217;in i\u015fgal etti\u011fi Avusturya vatanda\u015flar\u0131na Almanya&#8217;ya kat\u0131l\u0131p kat\u0131lmamay\u0131 sordu\u011funu ve oy pusulas\u0131n\u0131n &#8220;kahverengi&#8221; oldu\u011funu s\u00f6yledi.<\/p>\n<p style=\"text-align: justify;\">Hitler&#8217;in oy pusulas\u0131n\u0131n \u00f6rneklerini bas\u0131n mensuplar\u0131na da\u011f\u0131tt\u0131ran \u0130nce, &#8220;Neden hay\u0131r i\u00e7in kahverengiyi tercih ediyorlar? \u00c7\u00fcnk\u00fc kahverengi en itici renktir. Hitler, 12 Eyl\u00fcl, AKP mant\u0131\u011f\u0131 ayn\u0131d\u0131r. Hitler&#8217;in oy pusulas\u0131n\u0131 Say\u0131n Ba\u015fbakan ve saz arkada\u015flar\u0131na ithaf ediyorum&#8221; dedi.<\/p>\n<p style=\"text-align: justify;\"><strong>&#8220;Cumhurba\u015fkan\u0131 g\u00f6rev s\u00fcresi 5 y\u0131l&#8221; <\/strong><\/p>\n<p style=\"text-align: justify;\">Sorular\u0131 da yan\u0131tlayan \u0130nce, Cumhurba\u015fkan\u0131 Abdullah G\u00fcl&#8217;\u00fcn g\u00f6rev s\u00fcresi ile ilgili bir soru \u00fczerine, T\u00fcrkiye&#8217;nin en \u00fcst kurumunun &#8220;AKP&#8217;nin parti i\u00e7i tart\u0131\u015fmas\u0131&#8221; gibi alg\u0131land\u0131\u011f\u0131n\u0131, farkl\u0131 bakanlar\u0131n farkl\u0131 \u015feyler s\u00f6yledi\u011fini kaydetti.<\/p>\n<p style=\"text-align: justify;\">\u0130nce, &#8220;Cumhurba\u015fkanl\u0131\u011f\u0131 tart\u0131\u015fmas\u0131, AKP&#8217;nin parti i\u00e7i problemi de\u011fildir. Oray\u0131 AKP&#8217;nin grup ba\u015fkanvekilli\u011fi gibi g\u00f6r\u00fcyorlar. Cumhurba\u015fkanl\u0131\u011f\u0131 tart\u0131\u015fmalar\u0131n\u0131 yaln\u0131zca AKP&#8217;liler yap\u0131yor. Say\u0131n Cumhurba\u015fkan\u0131n\u0131n yerinde olsayd\u0131m bu i\u015ften \u00e7ok rahats\u0131z olurdum. Say\u0131n Cumhurba\u015fkan\u0131 hala kendisini partili gibi g\u00f6r\u00fcyor. E\u011fer \u00f6yle olmasayd\u0131 \u00e7\u0131kar \u00e7ok sert bir a\u00e7\u0131klama yapard\u0131. Bu tart\u0131\u015fmalar\u0131 gereksiz buluyorum. S\u00fcrenin 5 y\u0131l oldu\u011fu \u00e7ok a\u00e7\u0131kt\u0131r&#8221; diye konu\u015ftu.<\/p>\n<p style=\"text-align: justify;\">&#8220;H\u00fck\u00fcmet ile PKK aras\u0131nda gizli pazarl\u0131k yap\u0131ld\u0131\u011f\u0131&#8221; iddialar\u0131n\u0131n an\u0131msat\u0131lmas\u0131 \u00fczerine ise \u0130nce, &#8220;H\u00fck\u00fcmetin, \u0130mral\u0131, Kandil, PKK ve BDP ile pazarl\u0131k yapt\u0131\u011f\u0131 \u00e7ok net olarak ortada. \u00d6nce &#8216;boykot&#8217; dedi BDP. Bu boykot karar\u0131n\u0131n sahte oldu\u011funu, el alt\u0131ndan &#8216;evet&#8217; diyeceklerini biliyorduk zaten. AKP, Kandil, PKK, BDP, \u0130mral\u0131 pazarl\u0131\u011f\u0131 ve ruh d\u00f6rd\u00fczl\u00fc\u011f\u00fc hay\u0131rl\u0131 olsun&#8221; ifadesini kulland\u0131.<\/p>\n<p style=\"text-align: justify;\"><span style=\"color: #888888;\">CNN T\u00dcRK<\/span><\/p>\n","protected":false},"excerpt":{"rendered":"<\/p>\n<p style=\"text-align: justify;\">CHP Grup Ba\u015fkanvekili Muharrem \u0130nce, Ba\u015fbakan Recep Tayyip Erdo\u011fan&#8217;\u0131n 12 Eyl\u00fcl d\u00f6neminde mevcut anayasa i\u00e7in yap\u0131lan referandumda ne y\u00f6nde oy kulland\u0131\u011f\u0131n\u0131 sordu. <\/p>\n","protected":false},"author":1,"featured_media":0,"comment_status":"open","ping_status":"closed","sticky":false,"template":"","format":"standard","meta":{"footnotes":""},"categories":[105],"tags":[],"class_list":["post-24858","post","type-post","status-publish","format-standard","hentry","category-gundem","odd"],"_links":{"self":[{"href":"http:\/\/www.korhanyilmaz.com\/index.php?rest_route=\/wp\/v2\/posts\/24858","targetHints":{"allow":["GET"]}}],"collection":[{"href":"http:\/\/www.korhanyilmaz.com\/index.php?rest_route=\/wp\/v2\/posts"}],"about":[{"href":"http:\/\/www.korhanyilmaz.com\/index.php?rest_route=\/wp\/v2\/types\/post"}],"author":[{"embeddable":true,"href":"http:\/\/www.korhanyilmaz.com\/index.php?rest_route=\/wp\/v2\/users\/1"}],"replies":[{"embeddable":true,"href":"http:\/\/www.korhanyilmaz.com\/index.php?rest_route=%2Fwp%2Fv2%2Fcomments&post=24858"}],"version-history":[{"count":0,"href":"http:\/\/www.korhanyilmaz.com\/index.php?rest_route=\/wp\/v2\/posts\/24858\/revisions"}],"wp:attachment":[{"href":"http:\/\/www.korhanyilmaz.com\/index.php?rest_route=%2Fwp%2Fv2%2Fmedia&parent=24858"}],"wp:term":[{"taxonomy":"category","embeddable":true,"href":"http:\/\/www.korhanyilmaz.com\/index.php?rest_route=%2Fwp%2Fv2%2Fcategories&post=24858"},{"taxonomy":"post_tag","embeddable":true,"href":"http:\/\/www.korhanyilmaz.com\/index.php?rest_route=%2Fwp%2Fv2%2Ftags&post=24858"}],"curies":[{"name":"wp","href":"https:\/\/api.w.org\/{rel}","templated":true}]}}