{"id":24855,"date":"2010-08-19T11:27:52","date_gmt":"2010-08-19T08:27:52","guid":{"rendered":"http:\/\/www.korhanyilmaz.com\/?p=24855"},"modified":"2010-08-19T11:27:52","modified_gmt":"2010-08-19T08:27:52","slug":"ozbek-bakan-ve-mustesari-bugun-de-bekleyecegiz","status":"publish","type":"post","link":"http:\/\/www.korhanyilmaz.com\/?p=24855","title":{"rendered":"\u00d6zbek: &#8220;Bakan ve m\u00fcste\u015far\u0131 bug\u00fcn de bekleyece\u011fiz&#8221;"},"content":{"rendered":"<p><a href=\"http:\/\/www.korhanyilmaz.com\/wp-content\/uploads\/2010\/08\/094.jpeg\"  class=\"lightview\"><img loading=\"lazy\" decoding=\"async\" class=\"aligncenter size-full wp-image-24856\" src=\"http:\/\/www.korhanyilmaz.com\/wp-content\/uploads\/2010\/08\/094.jpeg\" alt=\"\" width=\"292\" height=\"194\" \/><\/a><\/p>\n<p style=\"text-align: justify;\">Hakimler ve Savc\u0131lar Y\u00fcksek Kurulu&#8217;nda \u00e7\u0131kan kriz sonras\u0131 HSYK Ba\u015fkanvekili Kadir \u00d6zbek, &#8220;Hakim ve savc\u0131lar\u0131 g\u00f6revden alma karar\u0131 yok&#8221; dedi. \u00d6zbek, &#8220;Bakan ve m\u00fcste\u015far\u0131 bug\u00fcn de bekleyece\u011fiz, yoksa bunun hukuki sonu\u00e7lar\u0131 olabilir&#8221; diye konu\u015ftu; Habur&#8217;da, Erzurum&#8217;da ya\u015fananlar\u0131n HSYK&#8217;da tart\u0131\u015f\u0131ld\u0131\u011f\u0131n\u0131 vurgulad\u0131.<!--more--><\/p>\n<p style=\"text-align: justify;\">HSYK Ba\u015fkanvekili Kadir \u00d6zbek, kurul \u00e7al\u0131\u015fmalar\u0131 i\u00e7in HSYK&#8217;ya giri\u015finde gazetecilerin sorular\u0131n\u0131 yan\u0131tlad\u0131.<\/p>\n<p style=\"text-align: justify;\">\u00d6zbek, unvanl\u0131 hakim ve savc\u0131lar\u0131n atama kriziyle ilgili a\u00e7\u0131klamalarda bulunarak g\u00f6revden alma gibi bir kurul karar\u0131n\u0131n olmad\u0131\u011f\u0131n\u0131 s\u00f6yledi.<\/p>\n<p style=\"text-align: justify;\">Habur&#8217;da &#8216;yarg\u0131n\u0131n kullan\u0131ld\u0131\u011f\u0131&#8217; iddialar\u0131ndan bahseden \u00d6zbek, \u201c\u0130stanbul&#8217;da deniz kenar\u0131ndaki bir dalga gibi de\u011fi\u015fik uygulamalar g\u00f6rd\u00fck,&#8221; dedi ve bunlar\u0131n kurulda de\u011ferlendirilmesi gerekti\u011fini s\u00f6yledi.<\/p>\n<p style=\"text-align: justify;\">A\u00e7\u0131klamalar\u0131nda, \u201cKurulla ilgili olarak tamamen iftira i\u00e7eren yay\u0131nlar g\u00f6rd\u00fcm,&#8221; diyen \u00d6zbek, \u015funlar\u0131 ekledi:<\/p>\n<p style=\"text-align: justify;\">\u201cEkranlar\u0131 \u00f6n\u00fcnde bizi izleyenler \u015fu ortam\u0131 g\u00f6remiyorlar. Sadece benim y\u00fcz\u00fcm\u00fc g\u00f6r\u00fcyorlar. G\u00f6n\u00fcl isterdi ki bu kap\u0131n\u0131n \u00f6n\u00fcnde say\u0131n bakanla birlikte sizin \u00f6n\u00fcn\u00fczde de\u011fil kurulda g\u00f6r\u00fc\u015fmek. G\u00f6r\u00fcyorum ki bu ihtimal uzakla\u015f\u0131yor.&#8221;<\/p>\n<p style=\"text-align: justify;\"><strong>&#8220;G\u00f6revden alma s\u00f6zkonusu de\u011fil&#8221; <\/strong><\/p>\n<p style=\"text-align: justify;\">\u00d6zbek, \u201cBir tak\u0131m hakim ve savc\u0131 arkada\u015flar\u0131m\u0131z\u0131n g\u00f6revden al\u0131nmas\u0131na y\u00f6nelik bir kurul karar\u0131 yok. Bu arkada\u015flar\u0131m\u0131z\u0131n durumunun tart\u0131\u015f\u0131lmas\u0131 kurulun ola\u011fan i\u015fidir. \u00c7\u00fcnk\u00fc kurulun disiplin tasla\u011f\u0131 b\u00f6l\u00fcm\u00fc vard\u0131r. Arkada\u015flar\u0131n durumu orada g\u00f6r\u00fc\u015f\u00fcl\u00fcr. Ayr\u0131ca soru\u015fturma ge\u00e7irmi\u015f olan ki\u015filerin durumlar\u0131 da kararnamede de\u011ferlendirilir&#8221; diye konu\u015ftu.<\/p>\n<p style=\"text-align: justify;\"><strong>&#8220;Bakan ve m\u00fcste\u015far\u0131 bekleyece\u011fiz&#8221; <\/strong><\/p>\n<p style=\"text-align: justify;\">\u00d6zbek ayr\u0131ca, \u201cSay\u0131n bakan yarg\u0131 yolu a\u00e7\u0131k dedi, bunu biz de biliyoruz. Kendisi hukuk\u00e7udur. Biz de hukuk\u00e7uyuz. Daha \u00f6nce toplant\u0131lar\u0131 erteledi\u011fi zaman biz, \u201cB\u00f6yle bir hakk\u0131n\u0131z yok, yanl\u0131\u015f olur,\u00f6 dedi\u011fimizde, bize verdi\u011fi cevap yine benzerdi; \u201cO halde dava a\u00e7\u0131n,\u00f6 demi\u015fti. Bug\u00fcn kararnameyi g\u00f6r\u00fc\u015fmek i\u00e7in geldik. Bakan ve m\u00fcste\u015far\u0131 bekleyece\u011fiz&#8221; ifadelerini kulland\u0131.<\/p>\n<p style=\"text-align: justify;\"><strong>&#8220;Bir Habur olay\u0131 ya\u015fad\u0131, bunlar\u0131n tart\u0131\u015f\u0131laca\u011f\u0131 yer kuruldur&#8221; <\/strong><\/p>\n<p style=\"text-align: justify;\">Kadir \u00d6zbek, \u201cBas\u0131nda yer ald\u0131 ancak \u015funu s\u00f6yleyeyim. Son olaylar\u0131 hep beraber ya\u015fad\u0131k. Bir Habur olay\u0131 ya\u015fad\u0131k. Burada yarg\u0131n\u0131n kullan\u0131ld\u0131\u011f\u0131ndan bahsedildi. Ne oldu, ne bitti, bunun tart\u0131\u015f\u0131laca\u011f\u0131 yer kuruldur&#8221; dedi.<\/p>\n<p style=\"text-align: justify;\">\u201c\u0130stanbul olay\u0131n\u0131, son zamanda sanki deniz kenar\u0131ndaki bir dalga gibi de\u011fi\u015fik uygulamalar\u0131 g\u00f6rd\u00fck. Kamuoyunda ho\u015f kar\u015f\u0131lanmayan bir tak\u0131m sonu\u00e7lar\u0131 g\u00f6rd\u00fck. Bunlar\u0131n de\u011ferlendirilmesi gerekirdi. Bunlar neden oldu?&#8221; diyen \u00d6zbek, \u201cErzurum&#8217;u yine birlikte ya\u015fad\u0131k. Bu kurulda konu\u015fulmayacaksa, de\u011ferlendirilmeyecekse nerede konu\u015fulacak?&#8221; diye sordu.<\/p>\n<p style=\"text-align: justify;\">\u00d6zbek, \u201cBir \u015fey daha s\u00f6ylemek istiyorum. Ge\u00e7mi\u015fte kurulla yarg\u0131yla hep sorun ya\u015fam\u0131\u015f, ayr\u0131ca hepsinin dosyalar\u0131 da buradad\u0131r, bakanl\u0131ktad\u0131r. Bir tak\u0131m eski hukuk\u00e7u arkada\u015flar\u0131m\u0131z, kendi s\u0131fatlar\u0131n\u0131 kullanarak, sanki yarg\u0131ya kar\u015f\u0131 tetik\u00e7i gibi kullan\u0131lmaktad\u0131r&#8221; \u015feklinde konu\u015ftu.<\/p>\n<p style=\"text-align: justify;\"><span style=\"color: #888888;\">CNN T\u00dcRK<\/span><\/p>\n","protected":false},"excerpt":{"rendered":"<\/p>\n<p style=\"text-align: justify;\">Hakimler ve Savc\u0131lar Y\u00fcksek Kurulu&#8217;nda \u00e7\u0131kan kriz sonras\u0131 HSYK Ba\u015fkanvekili Kadir \u00d6zbek, &#8220;Hakim ve savc\u0131lar\u0131 g\u00f6revden alma karar\u0131 yok&#8221; dedi. \u00d6zbek, &#8220;Bakan ve m\u00fcste\u015far\u0131 bug\u00fcn de bekleyece\u011fiz, yoksa bunun hukuki sonu\u00e7lar\u0131 olabilir&#8221; diye konu\u015ftu; Habur&#8217;da, Erzurum&#8217;da ya\u015fananlar\u0131n HSYK&#8217;da tart\u0131\u015f\u0131ld\u0131\u011f\u0131n\u0131 vurgulad\u0131.<\/p>\n","protected":false},"author":1,"featured_media":0,"comment_status":"open","ping_status":"closed","sticky":false,"template":"","format":"standard","meta":{"footnotes":""},"categories":[105],"tags":[],"class_list":["post-24855","post","type-post","status-publish","format-standard","hentry","category-gundem","odd"],"_links":{"self":[{"href":"http:\/\/www.korhanyilmaz.com\/index.php?rest_route=\/wp\/v2\/posts\/24855","targetHints":{"allow":["GET"]}}],"collection":[{"href":"http:\/\/www.korhanyilmaz.com\/index.php?rest_route=\/wp\/v2\/posts"}],"about":[{"href":"http:\/\/www.korhanyilmaz.com\/index.php?rest_route=\/wp\/v2\/types\/post"}],"author":[{"embeddable":true,"href":"http:\/\/www.korhanyilmaz.com\/index.php?rest_route=\/wp\/v2\/users\/1"}],"replies":[{"embeddable":true,"href":"http:\/\/www.korhanyilmaz.com\/index.php?rest_route=%2Fwp%2Fv2%2Fcomments&post=24855"}],"version-history":[{"count":0,"href":"http:\/\/www.korhanyilmaz.com\/index.php?rest_route=\/wp\/v2\/posts\/24855\/revisions"}],"wp:attachment":[{"href":"http:\/\/www.korhanyilmaz.com\/index.php?rest_route=%2Fwp%2Fv2%2Fmedia&parent=24855"}],"wp:term":[{"taxonomy":"category","embeddable":true,"href":"http:\/\/www.korhanyilmaz.com\/index.php?rest_route=%2Fwp%2Fv2%2Fcategories&post=24855"},{"taxonomy":"post_tag","embeddable":true,"href":"http:\/\/www.korhanyilmaz.com\/index.php?rest_route=%2Fwp%2Fv2%2Ftags&post=24855"}],"curies":[{"name":"wp","href":"https:\/\/api.w.org\/{rel}","templated":true}]}}