{"id":24848,"date":"2010-08-19T13:28:38","date_gmt":"2010-08-19T10:28:38","guid":{"rendered":"http:\/\/www.korhanyilmaz.com\/?p=24848"},"modified":"2010-08-19T13:28:38","modified_gmt":"2010-08-19T10:28:38","slug":"basbakanliktan-yasa-manipule-aciklamasi","status":"publish","type":"post","link":"http:\/\/www.korhanyilmaz.com\/?p=24848","title":{"rendered":"Ba\u015fbakanl\u0131k&#8217;tan &#8216;YA\u015e&#8217;a manip\u00fcle&#8217; a\u00e7\u0131klamas\u0131"},"content":{"rendered":"<p style=\"text-align: center;\"><a href=\"http:\/\/www.korhanyilmaz.com\/wp-content\/uploads\/2010\/08\/093.jpeg\"  class=\"lightview\"><img loading=\"lazy\" decoding=\"async\" class=\"size-full wp-image-24849  aligncenter\" src=\"http:\/\/www.korhanyilmaz.com\/wp-content\/uploads\/2010\/08\/093.jpeg\" alt=\"\" width=\"329\" height=\"205\" \/><\/a><\/p>\n<p style=\"text-align: justify;\">&#8220;YA\u015e toplant\u0131lar\u0131 s\u0131ras\u0131nda Ba\u015fbakanl\u0131k medyay\u0131 manip\u00fcle etti.&#8221; \u0130nternette yer alan bu iddiaya, Ba\u015fbakanl\u0131k yan\u0131t verdi. Yap\u0131lan yaz\u0131l\u0131 a\u00e7\u0131klamada, &#8220;\u0130ddialar ger\u00e7ek d\u0131\u015f\u0131d\u0131r, hayal \u00fcr\u00fcn\u00fcd\u00fcr&#8221; denildi. <!--more--><\/p>\n<p style=\"text-align: justify;\">A\u00e7\u0131klamada iddian\u0131n mant\u0131ki tutarl\u0131l\u0131\u011f\u0131 ve mesnedi olmad\u0131\u011f\u0131 belirtildi, &#8220;hayal \u00fcr\u00fcn\u00fc&#8221; ifadesi kullan\u0131ld\u0131.<\/p>\n<p style=\"text-align: justify;\">Ba\u015fbakanl\u0131k yap\u0131lan yay\u0131nlar\u0131 dezenformasyon ama\u00e7l\u0131 ve k\u00f6t\u00fc niyetli olarak nitelendirdi &#8220;yay\u0131nlar\u0131 yapanlar hakk\u0131nda yasal i\u015flem ba\u015flat\u0131laca\u011f\u0131n\u0131&#8221; duyurdu.<\/p>\n<p style=\"text-align: justify;\">YA\u015e toplant\u0131lar\u0131 s\u0131ras\u0131nda baz\u0131 internet sitelerinde,  Ba\u015fbakan Recep Tayyip Erdo\u011fan&#8217;\u0131n iki dan\u0131\u015fman\u0131 Nabi Avc\u0131 ve Yal\u00e7\u0131n Akdo\u011fan &#8216;\u0131n, &#8220;Orgeneral nNcdet \u00d6zel&#8217;in Kara Kuvvetleri&#8217;ne, Orgeneral Aslan G\u00fcner&#8217;in Jandarma&#8217;ya atanmas\u0131 \u00fczerinde Ba\u015fbakan ve Ba\u015fbu\u011f anla\u015ft\u0131lar&#8221; haberini bilerek yayd\u0131klar\u0131 ileri s\u00fcr\u00fclm\u00fc\u015ft\u00fc.<\/p>\n<p style=\"text-align: justify;\"><span style=\"color: #888888;\">CNN T\u00dcRK<\/span><\/p>\n","protected":false},"excerpt":{"rendered":"<p style=\"text-align: center;\">\n<p style=\"text-align: justify;\">&#8220;YA\u015e toplant\u0131lar\u0131 s\u0131ras\u0131nda Ba\u015fbakanl\u0131k medyay\u0131 manip\u00fcle etti.&#8221; \u0130nternette yer alan bu iddiaya, Ba\u015fbakanl\u0131k yan\u0131t verdi. Yap\u0131lan yaz\u0131l\u0131 a\u00e7\u0131klamada, &#8220;\u0130ddialar ger\u00e7ek d\u0131\u015f\u0131d\u0131r, hayal \u00fcr\u00fcn\u00fcd\u00fcr&#8221; denildi. <\/p>\n","protected":false},"author":1,"featured_media":0,"comment_status":"open","ping_status":"closed","sticky":false,"template":"","format":"standard","meta":{"footnotes":""},"categories":[105],"tags":[],"class_list":["post-24848","post","type-post","status-publish","format-standard","hentry","category-gundem","odd"],"_links":{"self":[{"href":"http:\/\/www.korhanyilmaz.com\/index.php?rest_route=\/wp\/v2\/posts\/24848","targetHints":{"allow":["GET"]}}],"collection":[{"href":"http:\/\/www.korhanyilmaz.com\/index.php?rest_route=\/wp\/v2\/posts"}],"about":[{"href":"http:\/\/www.korhanyilmaz.com\/index.php?rest_route=\/wp\/v2\/types\/post"}],"author":[{"embeddable":true,"href":"http:\/\/www.korhanyilmaz.com\/index.php?rest_route=\/wp\/v2\/users\/1"}],"replies":[{"embeddable":true,"href":"http:\/\/www.korhanyilmaz.com\/index.php?rest_route=%2Fwp%2Fv2%2Fcomments&post=24848"}],"version-history":[{"count":0,"href":"http:\/\/www.korhanyilmaz.com\/index.php?rest_route=\/wp\/v2\/posts\/24848\/revisions"}],"wp:attachment":[{"href":"http:\/\/www.korhanyilmaz.com\/index.php?rest_route=%2Fwp%2Fv2%2Fmedia&parent=24848"}],"wp:term":[{"taxonomy":"category","embeddable":true,"href":"http:\/\/www.korhanyilmaz.com\/index.php?rest_route=%2Fwp%2Fv2%2Fcategories&post=24848"},{"taxonomy":"post_tag","embeddable":true,"href":"http:\/\/www.korhanyilmaz.com\/index.php?rest_route=%2Fwp%2Fv2%2Ftags&post=24848"}],"curies":[{"name":"wp","href":"https:\/\/api.w.org\/{rel}","templated":true}]}}