{"id":24836,"date":"2010-08-18T12:01:04","date_gmt":"2010-08-18T09:01:04","guid":{"rendered":"http:\/\/www.korhanyilmaz.com\/?p=24836"},"modified":"2010-08-18T12:01:04","modified_gmt":"2010-08-18T09:01:04","slug":"dersim-isyanli-pkkli-yazi-test-edilip-onaylanmis","status":"publish","type":"post","link":"http:\/\/www.korhanyilmaz.com\/?p=24836","title":{"rendered":"Dersim isyanl\u0131, PKK&#8217;l\u0131 yaz\u0131 test edilip onaylanm\u0131\u015f!"},"content":{"rendered":"<p style=\"text-align: center;\"><a href=\"http:\/\/www.korhanyilmaz.com\/wp-content\/uploads\/2010\/08\/092.jpeg\"  class=\"lightview\"><img loading=\"lazy\" decoding=\"async\" class=\"aligncenter size-full wp-image-24837\" src=\"http:\/\/www.korhanyilmaz.com\/wp-content\/uploads\/2010\/08\/092.jpeg\" alt=\"\" width=\"281\" height=\"281\" \/><\/a><\/p>\n<p style=\"text-align: justify;\">TRT, kendi dergisi Vizyon&#8217;da CHP lideri Kemal K\u0131l\u0131\u00e7daro\u011flu i\u00e7in \u00e7\u0131kan yaz\u0131 i\u00e7in \u201cDerginin yaz\u0131 i\u015fleri ve edit\u00f6r kadrolar\u0131 taraf\u0131ndan denetlenip, yay\u0131n i\u00e7in onaylanm\u0131\u015ft\u0131r\u201d a\u00e7\u0131klamas\u0131n\u0131 yapt\u0131. Yaz\u0131da K\u0131l\u0131\u00e7daro\u011flu i\u00e7in \u015fu ifadeler kullan\u0131lm\u0131\u015ft\u0131:\u201dA\u015fireti Dersim isyan\u0131na kat\u0131ld\u0131. Dedesi e\u015fkiya. B\u00c7G raporunda K\u0131l\u0131\u00e7daro\u011flu i\u00e7in Alevi-K\u00fcrt\u00e7\u00fc-PKK&#8217;l\u0131 olu\u015fum tan\u0131mlamas\u0131 yap\u0131ld\u0131.\u201d <!--more--><\/p>\n<p style=\"text-align: justify;\">ANKARA &#8211; CHP Zonguldak Milletvekili Ali \u0130hsan K\u00f6kt\u00fcrk, Vizyon dergisinde Genel Ba\u015fkan Kemal K\u0131l\u0131\u00e7daro\u011flu\u2019nun ya\u015fam\u0131 anlat\u0131l\u0131rken, &#8220;\u0130\u015fte ekranda g\u00f6rd\u00fc\u011f\u00fcn\u00fcz g\u00fcl\u00fcmseyen, sakin y\u00fcz\u00fcn gerisinde ne var? Gelin hep birlikte Gandi Kemal\u2019i tan\u0131maya \u00e7al\u0131\u015fal\u0131m&#8221; denilerek, seviyesiz, \u00f6l\u00e7\u00fcs\u00fcz ve ger\u00e7ekd\u0131\u015f\u0131 baz\u0131 iddialar\u0131n yer verildi\u011fini belirtmi\u015fti. Konuyu TBMM g\u00fcndemine ta\u015f\u0131yan K\u00f6kt\u00fcrk, Ba\u015fbakan Recep Tayyip Erdo\u011fan\u2019\u0131n yan\u0131tlamas\u0131 istemiyle TBMM Ba\u015fkanl\u0131\u011f\u0131\u2019na verdi\u011fi soru \u00f6nergesinde, &#8220;TRT\u2019nin Genel M\u00fcd\u00fcr\u00fc\u2019n\u00fcn sahibi g\u00f6r\u00fcnd\u00fc\u011f\u00fc bir dergide Ana Muhalefet Partisi\u2019nin Say\u0131n Genel Ba\u015fkan\u0131 hakk\u0131nda bu kadar seviyesiz ve \u00f6l\u00e7\u00fcs\u00fcz yay\u0131n yap\u0131lmas\u0131 TRT\u2019nin yay\u0131n organ\u0131n\u0131n haddine midir&#8221; diye sormu\u015ftu.<\/p>\n<p style=\"text-align: justify;\"><strong>-&#8220;H\u0130\u00c7 K\u0130MSEY\u0130 \u00d6VM\u00dcYOR, K\u00d6T\u00dcLEM\u0130YORUZ&#8221;-<\/strong><\/p>\n<p style=\"text-align: justify;\">K\u00f6kt\u00fcrk\u2019\u00fcn soru \u00f6nergesini yan\u0131tlayan TRT Genel M\u00fcd\u00fcr V. Dr. Zeynel Ko\u00e7, &#8220;Tarafs\u0131zl\u0131\u011f\u0131n\u0131 Anayasam\u0131zdan alan TRT\u2019nin yay\u0131nlar\u0131nda hi\u00e7 kimse siyasi kimli\u011fi nedeniyle \u00f6v\u00fclmemekte ve k\u00f6t\u00fclenmemektedir. Say\u0131n Kemal K\u0131l\u0131\u00e7daro\u011flu\u2019nun hayat hikayesi, bayilerde \u00fccret kar\u015f\u0131l\u0131\u011f\u0131nda sat\u0131lan TRT Vizyon dergisinde 5 sayfa olarak yay\u0131nlanm\u0131\u015f ve hi\u00e7bir \u015fekilde kendilerini k\u00f6t\u00fcleyen ifadelere yer verilmemi\u015ftir&#8221; dedi. B\u00fclten \u00f6zelli\u011fiyle 22 y\u0131l yay\u0131n yapan ve paras\u0131z sat\u0131lan Vizyon dergisinin son d\u00f6nemle bayilerde sat\u0131\u015fa sunuldu\u011funa i\u015faret eden Zeynel Ko\u00e7, \u015f\u00f6yle dedi:<\/p>\n<p style=\"text-align: justify;\">&#8220;Derginin sat\u0131\u015f rakamlar\u0131 ayl\u0131k ortalama 2 bin ile 3 bin aras\u0131nda de\u011fi\u015fmektedir. \u2018Gandi Kemal: T\u00fcrk Solunun Yeni Umudu mu?&#8221; ba\u015fl\u0131kl\u0131 yaz\u0131, derginin yaz\u0131 i\u015fleri ve edit\u00f6r kadrolar\u0131 taraf\u0131ndan denetlenip, yay\u0131n i\u00e7in onaylanm\u0131\u015ft\u0131r.&#8221;<\/p>\n<p style=\"text-align: justify;\">TRT Genel M\u00fcd\u00fcr\u00fc \u0130brahim \u015eahin&#8217;in kurum ad\u0131na sahibi olarak g\u00f6r\u00fcnd\u00fc\u011f\u00fc derginin Yaz\u0131 \u0130\u015fleri M\u00fcd\u00fcr\u00fc H\u00fcseyin Keten imzal\u0131 &#8216;Gandi Kemal: T\u00fcrk solunun yeni umudu mu?&#8217; ba\u015fl\u0131kl\u0131 yaz\u0131dan baz\u0131 b\u00f6l\u00fcmler \u015f\u00f6yleydi:<\/p>\n<p style=\"text-align: justify;\"><strong>\u0130SYANKAR A\u015e\u0130RET<\/strong>: K\u0131l\u0131\u00e7daro\u011flu Ailesi, Dersim&#8217;de Cebeligiller olarak tan\u0131n\u0131yor. Bu s\u00fclale, Kurey\u015fan A\u015fireti&#8217;ne ba\u011fl\u0131 ve Dersim \u0130syan\u0131&#8217;na kat\u0131lm\u0131\u015f.<\/p>\n<p style=\"text-align: justify;\"><strong>DEDES\u0130 E\u015eKIYAYDI:<\/strong> Kemal K\u0131l\u0131\u00e7daro\u011flu, b\u00fcy\u00fck dedesinin e\u015fk\u0131ya oldu\u011funu gizlemiyor. Hatta 1966 y\u0131l\u0131na kadar Karabulut olan soyadlar\u0131n\u0131, babas\u0131 Kamer Bey&#8217;in K\u0131l\u0131\u00e7daro\u011flu olarak de\u011fi\u015ftirmesinde de bu ge\u00e7mi\u015fi etkili olmu\u015f.<\/p>\n<p style=\"text-align: justify;\"><strong>&#8216;\u0130NEK&#8217; OLARAK B\u0130L\u0130N\u0130R:<\/strong> Okulda &#8216;inek&#8217; olarak bilinen K\u0131l\u0131\u00e7daro\u011flu, \u00f6\u011fretmenleri taraf\u0131ndan da \u00e7ok sevilen ve g\u00fcvenilen bir ki\u015fiydi. Baz\u0131 \u00f6\u011fretmenler s\u0131nav sorular\u0131n\u0131 ona haz\u0131rlat\u0131rd\u0131. Ne kadar &#8216;inek&#8217; bir \u00f6\u011frenci oldu\u011funun en \u00f6nemli kan\u0131t\u0131 ise, devam mecburiyeti olmayan okula, d\u00f6rt y\u0131l boyunca sadece iki g\u00fcn gitmemi\u015f olmas\u0131d\u0131r herhalde.<\/p>\n<p style=\"text-align: justify;\"><strong>ALEV\u0130-K\u00dcRT\u00c7\u00dc-PKK&#8217;LI OLU\u015eUM:<\/strong> SSK ve Ba\u011f-Kur Genel M\u00fcd\u00fcrl\u00fc\u011f\u00fc yapt\u0131\u011f\u0131 s\u0131rada akrabalar\u0131n\u0131 i\u015fe ald\u0131rd\u0131\u011f\u0131; SSK&#8217;y\u0131 4.5 trilyon zarara u\u011fratt\u0131\u011f\u0131; SSK ihalelerini kendi akrabalar\u0131na verdirdi\u011fi iddialar\u0131 her zaman g\u00fcndeme geliyor. Ama K\u0131l\u0131\u00e7daro\u011flu i\u00e7in en ilgin\u00e7 iddia, Bat\u0131 \u00c7al\u0131\u015fma Grubu raporlar\u0131nda yer al\u0131yor olmas\u0131. SSK Genel M\u00fcd\u00fcr\u00fc oldu\u011fu d\u00f6nemde bu B\u00c7G raporlar\u0131na giren K\u0131l\u0131\u00e7daro\u011flu i\u00e7in, Alevi-K\u00fcrt\u00e7\u00fc-PKK&#8217;l\u0131 olu\u015fum tan\u0131mlamalar\u0131 yap\u0131l\u0131yor. Ama B\u00c7G&#8217;nin pek \u00e7ok ki\u015fiyi takip edip fi\u015fledi\u011fi de biliniyor.<\/p>\n<p style=\"text-align: justify;\"><span style=\"color: #888888;\">Radikal<\/span><\/p>\n","protected":false},"excerpt":{"rendered":"<p style=\"text-align: center;\">\n<p style=\"text-align: justify;\">TRT, kendi dergisi Vizyon&#8217;da CHP lideri Kemal K\u0131l\u0131\u00e7daro\u011flu i\u00e7in \u00e7\u0131kan yaz\u0131 i\u00e7in \u201cDerginin yaz\u0131 i\u015fleri ve edit\u00f6r kadrolar\u0131 taraf\u0131ndan denetlenip, yay\u0131n i\u00e7in onaylanm\u0131\u015ft\u0131r\u201d a\u00e7\u0131klamas\u0131n\u0131 yapt\u0131. Yaz\u0131da K\u0131l\u0131\u00e7daro\u011flu i\u00e7in \u015fu ifadeler kullan\u0131lm\u0131\u015ft\u0131:\u201dA\u015fireti Dersim isyan\u0131na kat\u0131ld\u0131. Dedesi e\u015fkiya. B\u00c7G raporunda K\u0131l\u0131\u00e7daro\u011flu i\u00e7in Alevi-K\u00fcrt\u00e7\u00fc-PKK&#8217;l\u0131 olu\u015fum tan\u0131mlamas\u0131 yap\u0131ld\u0131.\u201d <\/p>\n","protected":false},"author":1,"featured_media":0,"comment_status":"open","ping_status":"closed","sticky":false,"template":"","format":"standard","meta":{"footnotes":""},"categories":[105],"tags":[],"class_list":["post-24836","post","type-post","status-publish","format-standard","hentry","category-gundem","odd"],"_links":{"self":[{"href":"http:\/\/www.korhanyilmaz.com\/index.php?rest_route=\/wp\/v2\/posts\/24836","targetHints":{"allow":["GET"]}}],"collection":[{"href":"http:\/\/www.korhanyilmaz.com\/index.php?rest_route=\/wp\/v2\/posts"}],"about":[{"href":"http:\/\/www.korhanyilmaz.com\/index.php?rest_route=\/wp\/v2\/types\/post"}],"author":[{"embeddable":true,"href":"http:\/\/www.korhanyilmaz.com\/index.php?rest_route=\/wp\/v2\/users\/1"}],"replies":[{"embeddable":true,"href":"http:\/\/www.korhanyilmaz.com\/index.php?rest_route=%2Fwp%2Fv2%2Fcomments&post=24836"}],"version-history":[{"count":0,"href":"http:\/\/www.korhanyilmaz.com\/index.php?rest_route=\/wp\/v2\/posts\/24836\/revisions"}],"wp:attachment":[{"href":"http:\/\/www.korhanyilmaz.com\/index.php?rest_route=%2Fwp%2Fv2%2Fmedia&parent=24836"}],"wp:term":[{"taxonomy":"category","embeddable":true,"href":"http:\/\/www.korhanyilmaz.com\/index.php?rest_route=%2Fwp%2Fv2%2Fcategories&post=24836"},{"taxonomy":"post_tag","embeddable":true,"href":"http:\/\/www.korhanyilmaz.com\/index.php?rest_route=%2Fwp%2Fv2%2Ftags&post=24836"}],"curies":[{"name":"wp","href":"https:\/\/api.w.org\/{rel}","templated":true}]}}