{"id":24832,"date":"2010-08-18T18:01:38","date_gmt":"2010-08-18T15:01:38","guid":{"rendered":"http:\/\/www.korhanyilmaz.com\/?p=24832"},"modified":"2010-08-18T18:01:38","modified_gmt":"2010-08-18T15:01:38","slug":"internet-andici-savcilari-birbirine-dusurdu","status":"publish","type":"post","link":"http:\/\/www.korhanyilmaz.com\/?p=24832","title":{"rendered":"&#8216;\u0130nternet and\u0131c\u0131&#8217; savc\u0131lar\u0131 birbirine d\u00fc\u015f\u00fcrd\u00fc"},"content":{"rendered":"<div id=\"attachment_24833\" style=\"width: 370px\" class=\"wp-caption aligncenter\"><a href=\"http:\/\/www.korhanyilmaz.com\/wp-content\/uploads\/2010\/08\/091.jpeg\"  class=\"lightview\"><img loading=\"lazy\" decoding=\"async\" aria-describedby=\"caption-attachment-24833\" class=\"size-full wp-image-24833\" src=\"http:\/\/www.korhanyilmaz.com\/wp-content\/uploads\/2010\/08\/091.jpeg\" alt=\"\" width=\"360\" height=\"240\" \/><\/a><p id=\"caption-attachment-24833\" class=\"wp-caption-text\">Aykut Cengiz Engin ve Zekeriya \u00d6z<\/p><\/div>\n<p style=\"text-align: justify;\">\u0130stanbul \u00d6zel Yetkili Ba\u015fsavc\u0131l\u0131\u011f\u0131, &#8216;\u0130nternet and\u0131c\u0131&#8217; soru\u015fturmas\u0131 dosyas\u0131n\u0131 Ergenekon Savc\u0131s\u0131 Zekeriya \u00d6z&#8217;den resmi yaz\u0131 ile istedi.<\/p>\n<p style=\"text-align: justify;\">Edinilen bilgiye g\u00f6re d\u00fcn \u00d6z\u2019e ula\u015fan yaz\u0131da, soru\u015fturma dosyas\u0131n\u0131n generallerle ilgili k\u0131sm\u0131n\u0131n Ba\u015fsavc\u0131vekili Turan \u00c7olakkad\u0131\u2019ya 24 saat i\u00e7erisinde devredilmesi istendi. Ancak \u00d6z istenilen dosyalar\u0131 hen\u00fcz g\u00f6nderilmedi. <!--more--><\/p>\n<p style=\"text-align: justify;\"><strong>BA\u015eSAVCI ENG\u0130N S\u00dcREC\u0130 TAK\u0130P ED\u0130YOR <\/strong><\/p>\n<p style=\"text-align: justify;\">Y\u0131ll\u0131k izinde olan Ba\u015fsavc\u0131 Aykut Cengiz Engin&#8217;in s\u00fcreci yak\u0131ndan takip etti\u011fi, kendisi gibi y\u0131ll\u0131k izinde olan Ba\u015fsavc\u0131 vekili \u00c7olakkad\u0131\u2019y\u0131 arayarak dosyanin istenmesini istedi\u011fi belirtiliyor. Adli \u00e7evrelerden al\u0131nan bilgilere g\u00f6re izinde olan \u00c7olakkad\u0131, Ba\u015fsavc\u0131 Engin\u2019in bu talebi \u00fczerine d\u00fcn \u00f6\u011fle saatlerinde adliyeye geldi. \u00c7olakkad\u0131, \u015fu an kendisine vekalet eden Savc\u0131 Rasim I\u015f\u0131kalt\u0131n\u2019la g\u00f6r\u00fc\u015ft\u00fc ve s\u00f6z konusu dosyan\u0131n \u00d6z\u2019den istemesi i\u00e7in s\u00fcrecin ba\u015flat\u0131lmas\u0131n\u0131 istedi. Bu geli\u015fmeler \u00fczerine Savc\u0131 I\u015f\u0131kalt\u0131n resmi yaz\u0131y\u0131 haz\u0131rlayan ve alt\u0131na imza koyan isim oldu. \u00d6z\u2019den dosyay\u0131 isteyen yaz\u0131da Savc\u0131 I\u015f\u0131kalt\u0131n\u2019\u0131n unvan\u0131, \u201cBa\u015fsavc\u0131 Vekili ve parantez i\u00e7inde (Ge\u00e7ici)&#8221; olarak yaz\u0131ld\u0131. Do\u011fan Haber Ajans\u0131n\u0131n ula\u015ft\u0131\u011f\u0131 bilgileri g\u00f6re \u201cGe\u00e7ici Ba\u015fsavc\u0131 Vekilli\u011fi&#8221; uygulamas\u0131 ilk kez bu yaz\u0131\u015fmada uyguland\u0131.<\/p>\n<p style=\"text-align: justify;\"><strong>I\u011eSIZ\u2019IN AVUKATI \u00d6NCE GELECE\u011e\u0130Z DED\u0130<\/strong><\/p>\n<p style=\"text-align: justify;\">Genelkurmay\u2019da haz\u0131rland\u0131\u011f\u0131 iddia edilen \u201c\u0130nternet And\u0131c\u0131&#8221; ile ilgili soru\u015fturma kapsam\u0131nda aralar\u0131nda 1. Ordu Komutan\u0131 Orgeneral Hasan I\u011fs\u0131z ve Genelkurmay Adli M\u00fc\u015faviri H\u0131fz\u0131 \u00c7ubuklu\u2019nun da yer ald\u0131\u011f\u0131 19 \u015f\u00fcpheli \u00d6zel yetkili Cumhuriyet Savc\u0131s\u0131 Zekeriya \u00d6z taraf\u0131ndan ifadeye \u00e7a\u011f\u0131r\u0131lm\u0131\u015ft\u0131. Kendisine davetiye g\u00f6nderilen Orgeneral I\u011fs\u0131z ve di\u011fer \u015f\u00fcphelilerin avukatlar\u0131 ve merkez komutanl\u0131\u011f\u0131 yetkilileri savc\u0131 \u00d6z\u2019\u00fc arayarak ifadeye gelecekleri tarihi bildirdi\u011fi I\u011fs\u0131z\u2019\u0131n avukat\u0131n\u0131n savc\u0131y\u0131 arayarak kendilerine tan\u0131nan s\u00fcrenin son g\u00fcn\u00fc saat 10:00\u2019da geleceklerini s\u00f6yledi\u011fi \u00f6\u011frenildi.<\/p>\n<p style=\"text-align: justify;\"><strong>\u2018\u0130FADE DAVET\u0130YES\u0130N\u0130 GER\u0130 \u00c7EK\u2019 TALEB\u0130<\/strong><\/p>\n<p style=\"text-align: justify;\">Edinilen bilgiye g\u00f6re bu s\u00fcrete de ilgin\u00e7 bir geli\u015fme ya\u015fand\u0131. \u0130stanbul Cumhuriyet Ba\u015fsavc\u0131s\u0131 Aykut Cengiz ifadeye \u00e7a\u011fr\u0131lan isimlerle ilgili davetiyelerin geri \u00e7ekilmesini istedi. S\u00f6z konusu talep Savc\u0131 Zekeriya \u00d6z&#8217;e iletildi. Bu a\u015famada da kritik bir geli\u015fme ya\u015fand\u0131. Cengiz\u2019in bu iste\u011fine olumsuz yan\u0131t verdi\u011fi \u00f6\u011frenilen \u00d6z\u2019\u00fcn s\u00fcreci devam ettirdi\u011fi, davetiyeyi geri \u00e7ekmesinin m\u00fcmk\u00fcn olamayaca\u011f\u0131n\u0131 s\u00f6yledi\u011fi \u00f6\u011frenildi.<\/p>\n<p style=\"text-align: justify;\"><strong>BA\u015eSAVCI &#8211; \u00d6Z ANLA\u015eMAZLI\u011eI B\u00dcY\u00dcYOR<\/strong><\/p>\n<p style=\"text-align: justify;\">Talebi kar\u015f\u0131lanmayan Ba\u015fsavc\u0131 Aykut Ceniz Engin&#8217;le soru\u015fturmay\u0131 y\u00fcr\u00fcten \u00d6z&#8217;\u00fcn aras\u0131nda gerginli\u011fin ya\u015fand\u0131\u011f\u0131 gerginli\u011fin t\u0131rmand\u0131\u011f\u0131 belirtiliyor. Adliye kaynaklar\u0131ndan s\u0131za bilgilere g\u00f6re bu s\u00fcre\u00e7te Engin&#8217;in savc\u0131 \u00d6z\u2019e, \u201c\u015e\u00fcphelilere sa\u011fl\u0131k raporu almalar\u0131n\u0131 s\u00f6yle&#8221; y\u00f6n\u00fcnde yeni bir talepte bulundu\u011fu \u00d6z\u2019\u00fcn de \u2018Benim b\u00f6yle bir \u015fey s\u00f6ylemem s\u00f6z konusu olamaz\u2019 diyerek talebi reddetti\u011fi ileri s\u00fcr\u00fcl\u00fcyor.<\/p>\n<p style=\"text-align: justify;\"><strong>Y\u00dcZBA\u015eI EM\u0130RLE M\u0130 RAPOR ALDI?<\/strong><\/p>\n<p style=\"text-align: justify;\">\u00d6te yandan soru\u015fturma kapsam\u0131nda hakk\u0131nda yakalama emri \u00e7\u0131kan ve Savc\u0131 \u00f6z\u2019e d\u00fcn ifade veren Y\u00fczba\u015f\u0131 Murat Usluk\u0131l\u0131\u00e7\u2019\u0131n da ifade s\u0131ras\u0131nda, \u201cBen s\u00fcresi i\u00e7erisinde ifade vermeye gelecektim. \u0130stanbul\u2019daki Merkez Komutanl\u0131\u011f\u0131na geldim ancak bana verilen emir \u00fczerine sa\u011fl\u0131k raporu ald\u0131m&#8221; \u015feklinde ifade verdi\u011fi iddia ediliyor.<\/p>\n<p style=\"text-align: justify;\"><span style=\"color: #888888;\">Radikal<\/span><\/p>\n","protected":false},"excerpt":{"rendered":"<p id=\"caption-attachment-24833\" class=\"wp-caption-text\">Aykut Cengiz Engin ve Zekeriya \u00d6z<\/p>\n<p style=\"text-align: justify;\">\u0130stanbul \u00d6zel Yetkili Ba\u015fsavc\u0131l\u0131\u011f\u0131, &#8216;\u0130nternet and\u0131c\u0131&#8217; soru\u015fturmas\u0131 dosyas\u0131n\u0131 Ergenekon Savc\u0131s\u0131 Zekeriya \u00d6z&#8217;den resmi yaz\u0131 ile istedi.<\/p>\n<p style=\"text-align: justify;\">Edinilen bilgiye g\u00f6re d\u00fcn \u00d6z\u2019e ula\u015fan yaz\u0131da, soru\u015fturma dosyas\u0131n\u0131n generallerle ilgili k\u0131sm\u0131n\u0131n Ba\u015fsavc\u0131vekili Turan \u00c7olakkad\u0131\u2019ya 24 saat i\u00e7erisinde devredilmesi istendi. Ancak \u00d6z istenilen dosyalar\u0131 hen\u00fcz g\u00f6nderilmedi. <\/p>\n","protected":false},"author":1,"featured_media":0,"comment_status":"open","ping_status":"closed","sticky":false,"template":"","format":"standard","meta":{"footnotes":""},"categories":[105],"tags":[],"class_list":["post-24832","post","type-post","status-publish","format-standard","hentry","category-gundem","odd"],"_links":{"self":[{"href":"http:\/\/www.korhanyilmaz.com\/index.php?rest_route=\/wp\/v2\/posts\/24832","targetHints":{"allow":["GET"]}}],"collection":[{"href":"http:\/\/www.korhanyilmaz.com\/index.php?rest_route=\/wp\/v2\/posts"}],"about":[{"href":"http:\/\/www.korhanyilmaz.com\/index.php?rest_route=\/wp\/v2\/types\/post"}],"author":[{"embeddable":true,"href":"http:\/\/www.korhanyilmaz.com\/index.php?rest_route=\/wp\/v2\/users\/1"}],"replies":[{"embeddable":true,"href":"http:\/\/www.korhanyilmaz.com\/index.php?rest_route=%2Fwp%2Fv2%2Fcomments&post=24832"}],"version-history":[{"count":0,"href":"http:\/\/www.korhanyilmaz.com\/index.php?rest_route=\/wp\/v2\/posts\/24832\/revisions"}],"wp:attachment":[{"href":"http:\/\/www.korhanyilmaz.com\/index.php?rest_route=%2Fwp%2Fv2%2Fmedia&parent=24832"}],"wp:term":[{"taxonomy":"category","embeddable":true,"href":"http:\/\/www.korhanyilmaz.com\/index.php?rest_route=%2Fwp%2Fv2%2Fcategories&post=24832"},{"taxonomy":"post_tag","embeddable":true,"href":"http:\/\/www.korhanyilmaz.com\/index.php?rest_route=%2Fwp%2Fv2%2Ftags&post=24832"}],"curies":[{"name":"wp","href":"https:\/\/api.w.org\/{rel}","templated":true}]}}