{"id":24828,"date":"2010-08-18T08:37:57","date_gmt":"2010-08-18T05:37:57","guid":{"rendered":"http:\/\/www.korhanyilmaz.com\/?p=24828"},"modified":"2010-08-18T08:37:57","modified_gmt":"2010-08-18T05:37:57","slug":"devletle-anlastik","status":"publish","type":"post","link":"http:\/\/www.korhanyilmaz.com\/?p=24828","title":{"rendered":"Devletle anla\u015ft\u0131k"},"content":{"rendered":"<p style=\"text-align: center;\"><a href=\"http:\/\/www.korhanyilmaz.com\/wp-content\/uploads\/2010\/08\/090.jpg\"  class=\"lightview\"><img loading=\"lazy\" decoding=\"async\" class=\"aligncenter size-full wp-image-24829\" src=\"http:\/\/www.korhanyilmaz.com\/wp-content\/uploads\/2010\/08\/090.jpg\" alt=\"\" width=\"420\" height=\"210\" \/><\/a><\/p>\n<p style=\"text-align: justify;\">Ter\u00f6r \u00f6rg\u00fct\u00fc PKK\u2019n\u0131n liderlerinden Murat Karay\u0131lan, \u201ctek tarafl\u0131 ate\u015fkes\u201d karar\u0131n\u0131n Devlet ile \u00d6calan aras\u0131nda sa\u011flanan temaslar sonucu al\u0131nd\u0131\u011f\u0131n\u0131 ileri s\u00fcrd\u00fc.<\/p>\n<p style=\"text-align: justify;\">Karay\u0131lan, \u201cTalep \u00fczerine \u00f6nderli\u011fimiz yeniden devreye girip hareketimize mesaj g\u00f6nderdi\u201d dedi. <!--more--><\/p>\n<p style=\"text-align: justify;\">F\u0131rat Haber Ajans\u0131\u2019na \u00f6rg\u00fct\u00fcn 13 A\u011fustos\u2019ta ilan etti\u011fi \u2018eylemsizlik\u2019 karar\u0131n\u0131 de\u011ferlendiren Karay\u0131lan, ate\u015fkesin devlet i\u00e7erisinden baz\u0131 yetkililerin ter\u00f6rist Abdullah \u00d6calan\u2019la sa\u011flanan temaslar\u0131n ard\u0131ndan geli\u015fti\u011fini ileri s\u00fcrd\u00fc. Karay\u0131lan, iddias\u0131n\u0131 \u015f\u00f6yle gerek\u00e7elendirdi: \u201cArt\u0131k a\u00e7\u0131klanmas\u0131nda bir sak\u0131nca g\u00f6rmedi\u011fimiz di\u011fer \u00f6nemli bir geli\u015fme de devletin, \u00f6nderli\u011fimizle geli\u015ftirdi\u011fi diyalog temelinde ate\u015fkes talebinde bulunmas\u0131d\u0131r. Asl\u0131nda \u00f6nderli\u011fimiz aradan \u00e7ekilmi\u015fti ancak, talep \u00fczerine yeniden devreye girerek, \u00e7a\u011fr\u0131lar\u0131 ve devletten do\u011fru gelen istemi de dikkate alarak, bir kez daha bar\u0131\u015fa \u015fans tan\u0131nmas\u0131 i\u00e7in hareketimize bir mesaj g\u00f6nderdi.\u201d<\/p>\n<p style=\"text-align: justify;\"><span style=\"color: #888888;\">Kaynak : <a href=\"http:\/\/haber.gazetevatan.com\/devletle-anlastik\/323740\/1\/Gundem\" target=\"_blank\">Vatan<\/a><\/span><\/p>\n","protected":false},"excerpt":{"rendered":"<p style=\"text-align: center;\">\n<p style=\"text-align: justify;\">Ter\u00f6r \u00f6rg\u00fct\u00fc PKK\u2019n\u0131n liderlerinden Murat Karay\u0131lan, \u201ctek tarafl\u0131 ate\u015fkes\u201d karar\u0131n\u0131n Devlet ile \u00d6calan aras\u0131nda sa\u011flanan temaslar sonucu al\u0131nd\u0131\u011f\u0131n\u0131 ileri s\u00fcrd\u00fc.<\/p>\n<p style=\"text-align: justify;\">Karay\u0131lan, \u201cTalep \u00fczerine \u00f6nderli\u011fimiz yeniden devreye girip hareketimize mesaj g\u00f6nderdi\u201d dedi. <\/p>\n","protected":false},"author":1,"featured_media":0,"comment_status":"open","ping_status":"closed","sticky":false,"template":"","format":"standard","meta":{"footnotes":""},"categories":[105],"tags":[],"class_list":["post-24828","post","type-post","status-publish","format-standard","hentry","category-gundem","odd"],"_links":{"self":[{"href":"http:\/\/www.korhanyilmaz.com\/index.php?rest_route=\/wp\/v2\/posts\/24828","targetHints":{"allow":["GET"]}}],"collection":[{"href":"http:\/\/www.korhanyilmaz.com\/index.php?rest_route=\/wp\/v2\/posts"}],"about":[{"href":"http:\/\/www.korhanyilmaz.com\/index.php?rest_route=\/wp\/v2\/types\/post"}],"author":[{"embeddable":true,"href":"http:\/\/www.korhanyilmaz.com\/index.php?rest_route=\/wp\/v2\/users\/1"}],"replies":[{"embeddable":true,"href":"http:\/\/www.korhanyilmaz.com\/index.php?rest_route=%2Fwp%2Fv2%2Fcomments&post=24828"}],"version-history":[{"count":0,"href":"http:\/\/www.korhanyilmaz.com\/index.php?rest_route=\/wp\/v2\/posts\/24828\/revisions"}],"wp:attachment":[{"href":"http:\/\/www.korhanyilmaz.com\/index.php?rest_route=%2Fwp%2Fv2%2Fmedia&parent=24828"}],"wp:term":[{"taxonomy":"category","embeddable":true,"href":"http:\/\/www.korhanyilmaz.com\/index.php?rest_route=%2Fwp%2Fv2%2Fcategories&post=24828"},{"taxonomy":"post_tag","embeddable":true,"href":"http:\/\/www.korhanyilmaz.com\/index.php?rest_route=%2Fwp%2Fv2%2Ftags&post=24828"}],"curies":[{"name":"wp","href":"https:\/\/api.w.org\/{rel}","templated":true}]}}