{"id":24821,"date":"2010-08-18T21:32:56","date_gmt":"2010-08-18T18:32:56","guid":{"rendered":"http:\/\/www.korhanyilmaz.com\/?p=24821"},"modified":"2010-08-18T21:32:56","modified_gmt":"2010-08-18T18:32:56","slug":"bakan-gonulden-ilginc-aciklamalar","status":"publish","type":"post","link":"http:\/\/www.korhanyilmaz.com\/?p=24821","title":{"rendered":"Bakan G\u00f6n\u00fcl&#8217;den &#8220;ilgin\u00e7&#8221; a\u00e7\u0131klamalar"},"content":{"rendered":"<div id=\"attachment_24822\" style=\"width: 302px\" class=\"wp-caption aligncenter\"><a href=\"http:\/\/www.korhanyilmaz.com\/wp-content\/uploads\/2010\/08\/089.jpeg\"  class=\"lightview\"><img loading=\"lazy\" decoding=\"async\" aria-describedby=\"caption-attachment-24822\" class=\"size-full wp-image-24822\" src=\"http:\/\/www.korhanyilmaz.com\/wp-content\/uploads\/2010\/08\/089.jpeg\" alt=\"\" width=\"292\" height=\"179\" \/><\/a><p id=\"caption-attachment-24822\" class=\"wp-caption-text\">T.C Milli Savunma Bakan\u0131 Vecdi G\u00f6n\u00fcl<\/p><\/div>\n<p style=\"text-align: justify;\">Milli Savunma Bakan\u0131 Vecdi G\u00f6n\u00fcl, Mardinliler Derne\u011fi&#8217;ne yapt\u0131\u011f\u0131 ziyarette ilgin\u00e7 a\u00e7\u0131klamalarda bulundu. G\u00f6n\u00fcl, Osmanl\u0131&#8217;n\u0131n kad\u0131l\u0131k kurumunu savunurken, vaftiz t\u00f6renine g\u00f6nderme yaparak &#8220;<strong>H\u0131ristiyan d\u00fcnyas\u0131 y\u0131kanmay\u0131 bilmezdi, do\u011fduklar\u0131 zaman kutsal say\u0131lan suyla y\u0131kan\u0131yorlard\u0131, y\u0131kand\u0131k\u00e7a tesiri ge\u00e7er, kutsall\u0131k kalkar diye, kutsand\u0131ktan sonra bir daha y\u0131kanmazlard\u0131. Fransa&#8217;da parf\u00fcm onun i\u00e7in bu kadar geli\u015fti<\/strong>&#8221; dedi. <!--more--><\/p>\n<p style=\"text-align: justify;\">Milli Savunma Bakan\u0131 Vecdi G\u00f6n\u00fcl, Mardinliler Derne\u011fini ziyaret ederek Dernek Ba\u015fkan\u0131 Rasim Kahraman ve dernek \u00fcyeleriyle g\u00f6r\u00fc\u015ft\u00fc.<\/p>\n<p style=\"text-align: justify;\">Anayasa de\u011fi\u015fikli\u011fiyle bir\u00e7ok yenili\u011fin getirilece\u011fini, yeniliklerin \u00e7ok iyi anlat\u0131lmas\u0131 gerekti\u011fini belirten Bakan G\u00f6n\u00fcl, 12 Eyl\u00fcl&#8217;deki referandumun \u00f6nemini vurgulad\u0131.<\/p>\n<p style=\"text-align: justify;\"><strong>Anayasa de\u011fi\u015fiklik paketindeki ombudsmanl\u0131\u011f\u0131n kad\u0131l\u0131kla ayn\u0131 oldu\u011funu s\u00f6yledi.<\/strong><\/p>\n<p style=\"text-align: justify;\">Getirilen de\u011fi\u015fikliklerden birinin ombudsmanl\u0131k oldu\u011funu kaydeden Vecdi G\u00f6n\u00fcl, \u015funlar\u0131 s\u00f6yledi:<\/p>\n<p style=\"text-align: justify;\">&#8220;\u00d6n\u00fcm\u00fczde bir referandum s\u00fcreci var, bu referandum bildi\u011finiz gibi se\u00e7im de\u011fildir, kaybedeni kazanan\u0131 olmaz. Bir idealin ger\u00e7ekle\u015fmesi veya ger\u00e7ekle\u015ftirilmemesi s\u00f6z konusu olabilir. Bu ideal nedir? T\u00fcrkiye&#8217;yi \u00e7a\u011fda\u015fla\u015ft\u0131rmak, demokratik hale getirmek, halk\u0131n daha \u00e7ok s\u00f6z\u00fcn\u00fcn ge\u00e7ti\u011fi toplum haline getirmek, devleti hak ve adalet i\u00e7inde y\u00f6netmek. \u0130svi\u00e7re&#8217;de  ombudsmanl\u0131k diye bir m\u00fcessese var, halk\u0131n do\u011frudan kendisine gitti\u011fi, m\u00fcracaat etti\u011fi, &#8216;derdim var \u00e7\u00f6zemiyorum&#8217; dedi\u011fi yer. Bu bize yabanc\u0131 de\u011fil, Osmanl\u0131&#8217;da kad\u0131 vard\u0131, bizde g\u00f6rd\u00fcler ve memleketlerinde uygulad\u0131lar.&#8221;<\/p>\n<p style=\"text-align: justify;\">Anadolu Ajans\u0131&#8217;n\u0131n haberine g\u00f6re &#8220;H\u0131ristiyan d\u00fcnyas\u0131 y\u0131kanmay\u0131 bilmezdi&#8221; diyen G\u00f6n\u00fcl, &#8220;Do\u011fduklar\u0131 zaman kutsal say\u0131lan suyla y\u0131kan\u0131yorlard\u0131, y\u0131kand\u0131k\u00e7a tesiri ge\u00e7er, kutsall\u0131k kalkar diye, kutsand\u0131ktan sonra bir daha y\u0131kanmazlard\u0131. Fransa&#8217;da parf\u00fcm onun i\u00e7in bu kadar geli\u015fti. Kral bir\u00e7ok \u015feyi g\u00f6t\u00fcr\u00fcrken ombudsmanl\u0131\u011f\u0131 da g\u00f6t\u00fcrd\u00fc. T\u00fcrk halk\u0131na hizmet i\u00e7in b\u00f6yle kurulu\u015fu daha \u00f6nce kanunla kurduk, Anayasa Mahkemesi&#8217;ne g\u00f6t\u00fcrd\u00fc muhalefet. Anayasa Mahkemesi bu kanunu iptal etti, &#8216;Anayasa&#8217;da yok&#8217; diye. Gerek\u00e7e, (Bu bir anayasal kurulu\u015ftur, anayasada d\u00fczenleme yap\u0131lmadan kanunla yapm\u0131\u015fs\u0131n\u0131z, iptal ediyorum) dedi. Geliyor \u015fimdi ombudsmanl\u0131k kuruluyor, halka hizmet edecek. Daha pek \u00e7ok d\u00fczenleme getiriliyor&#8221; diye konu\u015ftu.<\/p>\n<p style=\"text-align: justify;\"><span style=\"color: #888888;\">CNN T\u00dcRK<\/span><\/p>\n","protected":false},"excerpt":{"rendered":"<p id=\"caption-attachment-24822\" class=\"wp-caption-text\">T.C Milli Savunma Bakan\u0131 Vecdi G\u00f6n\u00fcl<\/p>\n<p style=\"text-align: justify;\">Milli Savunma Bakan\u0131 Vecdi G\u00f6n\u00fcl, Mardinliler Derne\u011fi&#8217;ne yapt\u0131\u011f\u0131 ziyarette ilgin\u00e7 a\u00e7\u0131klamalarda bulundu. G\u00f6n\u00fcl, Osmanl\u0131&#8217;n\u0131n kad\u0131l\u0131k kurumunu savunurken, vaftiz t\u00f6renine g\u00f6nderme yaparak &#8220;H\u0131ristiyan d\u00fcnyas\u0131 y\u0131kanmay\u0131 bilmezdi, do\u011fduklar\u0131 zaman kutsal say\u0131lan suyla y\u0131kan\u0131yorlard\u0131, y\u0131kand\u0131k\u00e7a tesiri ge\u00e7er, kutsall\u0131k kalkar diye, kutsand\u0131ktan sonra bir daha y\u0131kanmazlard\u0131. Fransa&#8217;da parf\u00fcm onun <\/p>\n","protected":false},"author":1,"featured_media":0,"comment_status":"open","ping_status":"closed","sticky":false,"template":"","format":"standard","meta":{"footnotes":""},"categories":[105],"tags":[],"class_list":["post-24821","post","type-post","status-publish","format-standard","hentry","category-gundem","odd"],"_links":{"self":[{"href":"http:\/\/www.korhanyilmaz.com\/index.php?rest_route=\/wp\/v2\/posts\/24821","targetHints":{"allow":["GET"]}}],"collection":[{"href":"http:\/\/www.korhanyilmaz.com\/index.php?rest_route=\/wp\/v2\/posts"}],"about":[{"href":"http:\/\/www.korhanyilmaz.com\/index.php?rest_route=\/wp\/v2\/types\/post"}],"author":[{"embeddable":true,"href":"http:\/\/www.korhanyilmaz.com\/index.php?rest_route=\/wp\/v2\/users\/1"}],"replies":[{"embeddable":true,"href":"http:\/\/www.korhanyilmaz.com\/index.php?rest_route=%2Fwp%2Fv2%2Fcomments&post=24821"}],"version-history":[{"count":0,"href":"http:\/\/www.korhanyilmaz.com\/index.php?rest_route=\/wp\/v2\/posts\/24821\/revisions"}],"wp:attachment":[{"href":"http:\/\/www.korhanyilmaz.com\/index.php?rest_route=%2Fwp%2Fv2%2Fmedia&parent=24821"}],"wp:term":[{"taxonomy":"category","embeddable":true,"href":"http:\/\/www.korhanyilmaz.com\/index.php?rest_route=%2Fwp%2Fv2%2Fcategories&post=24821"},{"taxonomy":"post_tag","embeddable":true,"href":"http:\/\/www.korhanyilmaz.com\/index.php?rest_route=%2Fwp%2Fv2%2Ftags&post=24821"}],"curies":[{"name":"wp","href":"https:\/\/api.w.org\/{rel}","templated":true}]}}