{"id":24816,"date":"2010-08-18T22:01:19","date_gmt":"2010-08-18T19:01:19","guid":{"rendered":"http:\/\/www.korhanyilmaz.com\/?p=24816"},"modified":"2010-08-18T22:01:19","modified_gmt":"2010-08-18T19:01:19","slug":"erdogan-hsykyi-tezgah-kurmakla-sucladi","status":"publish","type":"post","link":"http:\/\/www.korhanyilmaz.com\/?p=24816","title":{"rendered":"Erdo\u011fan, HSYK&#8217;y\u0131 tezgah kurmakla su\u00e7lad\u0131"},"content":{"rendered":"<p style=\"text-align: center;\"><a href=\"http:\/\/www.korhanyilmaz.com\/wp-content\/uploads\/2010\/08\/088.jpeg\"  class=\"lightview\"><img loading=\"lazy\" decoding=\"async\" class=\"aligncenter size-full wp-image-24817\" src=\"http:\/\/www.korhanyilmaz.com\/wp-content\/uploads\/2010\/08\/088.jpeg\" alt=\"\" width=\"307\" height=\"236\" \/><\/a><\/p>\n<p style=\"text-align: justify;\">Ba\u015fbakan Recep Tayyip Erdo\u011fan HSYK&#8217;da ya\u015fanan atama krizi ile ilgili olarak Kocaeli&#8217;ndeki referandum mitinginde konu\u015ftu. Erdo\u011fan &#8220;HSYK&#8217;da yine ideolojik yakla\u015f\u0131mlar devreye girdi&#8221; dedi ve kurulu tezgah kurmakla su\u00e7lad\u0131. <!--more--><\/p>\n<p style=\"text-align: justify;\">Erdo\u011fan, partisinin Kocaeli&#8217;de d\u00fczenledi\u011fi mitingde yapt\u0131\u011f\u0131 konu\u015fmada, m\u00fcbarek ramazan ay\u0131n\u0131n t\u00fcm millete, t\u00fcm \u0130slam d\u00fcnyas\u0131na, insanl\u0131\u011fa bar\u0131\u015f, huzur ve karde\u015flik getirmesini temenni etti.<\/p>\n<p style=\"text-align: justify;\">Erdo\u011fan, 17 A\u011fustos 1999 depreminde b\u00fct\u00fcn \u00fclkenin bir araya geldi\u011fini hat\u0131rlatarak &#8220;\u0130\u015fte bu anlaml\u0131yd\u0131. T\u00fcm T\u00fcrkiye var\u0131n\u0131 yo\u011funu ortaya koydu. T\u00fcm T\u00fcrkiye o g\u00fcn kenetlendi, birlik oldu, buraya yard\u0131ma ko\u015ftu. Gelemeyenler elbise g\u00f6nderdi, battaniye g\u00f6nderdi, ekmek g\u00f6nderdi. Hay\u0131r dualar\u0131n\u0131 g\u00f6nderdiler. \u0130\u015fte biz b\u00f6yle bir milletiz. Bizim sevincimiz bir, h\u00fczn\u00fcm\u00fcz bir, t\u00fcrk\u00fclerimiz bir, a\u011f\u0131tlar\u0131m\u0131z bir&#8221; diye konu\u015ftu.<\/p>\n<p style=\"text-align: justify;\">Pakistan i\u00e7in bir yard\u0131m kampanyas\u0131 ba\u015flatt\u0131klar\u0131n\u0131 hat\u0131rlatan Ba\u015fbakan Erdo\u011fan, Diyanet \u0130\u015fleri Ba\u015fkanl\u0131\u011f\u0131n\u0131n bu hafta sonu itibar\u0131yla bu kampanyay\u0131 daha da yo\u011funla\u015ft\u0131raca\u011f\u0131n\u0131 s\u00f6yledi.<\/p>\n<p style=\"text-align: justify;\">D\u00fcn g\u00fcndemi belirlenen bir T\u00fcrkiye oldu\u011funu belirten Erdo\u011fan, bug\u00fcn ise d\u00fcnyada g\u00fcndem belirleyen bir T\u00fcrkiye&#8217;nin bulundu\u011funu vurgulad\u0131.<\/p>\n<p style=\"text-align: justify;\">Eskiden milyonere zengin dendi\u011fini ifade eden Erdo\u011fan, \u015funlar\u0131 s\u00f6yledi:<\/p>\n<p style=\"text-align: justify;\">&#8220;Biz bunlar\u0131n iktidar\u0131nda tuvalete gidi\u015fin bedelini g\u00f6rd\u00fck. Tuvaletin fiyat\u0131 ne olmu\u015ftu? Bir milyon. Hale bak, bir milyona tuvalete gidiyorduk. Eskiden biz bir liraya gidiyorduk. Nas\u0131l oldu da bir liradan bir milyona \u00e7\u0131kt\u0131. Hala bununla \u00f6v\u00fcn\u00fcyorlar. Sizin millete bakacak y\u00fcz\u00fcn\u00fcz var m\u0131? Bol bol kar\u015f\u0131l\u0131ks\u0131z para bast\u0131lar.&#8221;<\/p>\n<p style=\"text-align: justify;\">Baz\u0131lar\u0131n\u0131n i\u015fsizli\u011fin d\u00fc\u015fmedi\u011fini dile getirdiklerini hat\u0131rlatan Erdo\u011fan, \u015funlar\u0131 kaydetti:<\/p>\n<p style=\"text-align: justify;\">&#8220;Git Amerika&#8217;ya bak beyefendi. D\u00fcnyan\u0131n bir numaral\u0131 \u00fclkesi ne halde. Avrupa&#8217;n\u0131n \u00fclkelerine bak, ne halde. Hepsinde i\u015fsizlik art\u0131yor, T\u00fcrkiye&#8217;de azal\u0131yor. Nank\u00f6r olma nank\u00f6r, ihsan sahibi ol. Ama idraki meali bu k\u00fc\u00e7\u00fck akla gerekmez, zira bu terazi bu kadar s\u0131kleti \u00e7ekmez. Olay bu. Slovakya&#8217;da i\u015fsizlik yakla\u015f\u0131k y\u00fczde 3.5 artt\u0131, y\u00fczde 14.6 oldu. Bulgaristan&#8217;da i\u015fsizlik 3.4 artt\u0131.&#8221;<\/p>\n<p style=\"text-align: justify;\">Ba\u015fbakan Erdo\u011fan, Mevlana&#8217;n\u0131n &#8220;\u0130nsan bir a\u011faca benzer, k\u00f6k\u00fc, ahdinde durmakt\u0131r&#8217; s\u00f6z\u00fcne at\u0131fta bulunarak, \u015funlar\u0131 s\u00f6yledi:<\/p>\n<p style=\"text-align: justify;\">&#8220;Biz s\u00f6yledi\u011fimiz s\u00f6z\u00fcn arkas\u0131nday\u0131z. Biz ahdimizin arkas\u0131nday\u0131z. Yine diyor ki Mevlana; &#8216;Her \u015feye do\u011fru demek ahmakl\u0131kt\u0131r&#8217;. Fakat her \u015feye &#8216;yanl\u0131\u015f&#8217; demek de zorbal\u0131kt\u0131r. AK Parti yap\u0131yor diye hazmedemiyorlar. AK Parti ba\u015far\u0131yor diye kabullenemiyorlar. AK Parti&#8217;nin milletin sevgisine mazhar olmas\u0131n\u0131 i\u00e7lerine sindiremiyorlar. &#8216;AK Parti kaybetsin de millete ne olursa olsun&#8217; diyorlar.&#8221;<\/p>\n<p style=\"text-align: justify;\">Alanda bulunan vatanda\u015flardan, muhalefetin &#8216;Hay\u0131r&#8217; derken neye &#8216;Hay\u0131r&#8217; dedi\u011fini, kendilerinin &#8216;Evet&#8217; derken neye &#8216;Evet&#8217; dedi\u011fini de\u011ferlendirmesini isteyen Erdo\u011fan, \u015funlar\u0131 kaydetti:<\/p>\n<p style=\"text-align: justify;\">&#8220;\u0130nan\u0131n bunlar anlatam\u0131yorlar, anlatamayacaklar da. \u015eimdi karde\u015flerime diyorum ki &#8216;Kime oy verirsen ver, parti olarak neyi tutuyorsan tut, halk oylamas\u0131nda gel, bu 26 madde nedir buna bak&#8217;. \u015eimdi anayasa de\u011fi\u015fikli\u011fini oyluyorsunuz. Biz AK Parti olarak dedik ki &#8216;T\u00fcrkiye bu anayasayla yoluna devam edemez. T\u00fcrkiye bu anayasayla d\u00fcnyan\u0131n en b\u00fcy\u00fck 10 ekonomisi aras\u0131nda yer alamaz. T\u00fcrkiye bu anayasayla 1 trilyon dolar ticaret hacmine ula\u015famaz. T\u00fcrkiye bu anayasayla b\u00f6lgesinde, d\u00fcnyada g\u00fc\u00e7l\u00fc bir \u00fclke olamaz. Anayasay\u0131 de\u011fi\u015ftirmemiz gerekiyor&#8217; dedik. Bize herkes &#8216;Evet&#8217; dedi. &#8216;Bu anayasa darbe anayasas\u0131d\u0131r&#8217; dediler. \u0130\u015fte d\u00fcn, &#8216;Bu anayasa darbe anayasas\u0131d\u0131r&#8217; diyenler \u015fimdi sesini \u00e7\u0131karm\u0131yor. Benim de garibime giden o.&#8221;<\/p>\n<p style=\"text-align: justify;\">\u00dcstatlar\u0131ndan &#8220;ba\u015far\u0131n\u0131n korkuyu korkuttu\u011funu&#8221; \u00f6\u011frendiklerini vurgulayan Erdo\u011fan, \u015funlar\u0131 ifade etti:<\/p>\n<p style=\"text-align: justify;\">&#8220;Biz bu yola b\u00f6yle \u00e7\u0131kt\u0131k. Onun i\u00e7in de bizi bunlarla \u00fcrk\u00fctemezsiniz. Sizler, bize &#8216;Muhtar bile olamazs\u0131n\u0131z&#8217; dediniz. Ne oldu? Hani bize &#8216;Muhtar bile olamazs\u0131n&#8217; diyenler nerede? O ba\u015fl\u0131\u011f\u0131 atan medya nerede? Buras\u0131 verecek o karar\u0131, buras\u0131. Millet, millet&#8230; Siz bu millete sayg\u0131 duymad\u0131n\u0131z. Kendinizi bu milletin \u00fcst\u00fcnde g\u00f6rd\u00fcn\u00fcz. Biz ise en b\u00fcy\u00fck sayg\u0131y\u0131 milletimize duyar\u0131z. Bizler \u00e7al\u0131\u015fmay\u0131 yaparken bakt\u0131k ki CHP kap\u0131s\u0131n\u0131 kapat\u0131yor, MHP kap\u0131s\u0131n\u0131 kapat\u0131yor, arkada\u015flar\u0131m\u0131z buna ra\u011fmen gitti ve netice alamad\u0131. Bunun \u00fczerine parlamento d\u0131\u015f\u0131ndakilerle g\u00f6r\u00fc\u015fmelerimiz oldu. \u00dcniversite, akademisyen, bunlarla  g\u00f6r\u00fc\u015fmelerimiz oldu&#8221; diye konu\u015ftu.<\/p>\n<p style=\"text-align: justify;\">Partisinin Kocaeli&#8217;de d\u00fczenledi\u011fi mitingde konu\u015fan Erdo\u011fan, CHP Genel Ba\u015fkan\u0131 Kemal K\u0131l\u0131\u00e7daro\u011flu&#8217;nun, &#8216;Anayasa i\u00e7inde niye ceviz yok, niye f\u0131nd\u0131k yok, niye \u00e7ay yok?&#8217; anlay\u0131\u015f\u0131yla yakla\u015ft\u0131\u011f\u0131n\u0131 kaydederek, &#8220;muhalefet liderinin istikametini \u015fa\u015f\u0131rd\u0131\u011f\u0131n\u0131&#8221; s\u00f6yledi.<\/p>\n<p style=\"text-align: justify;\">&#8220;Biz Anayasa de\u011fi\u015fikli\u011fi yap\u0131yoruz, yemek kitab\u0131 haz\u0131rlam\u0131yoruz&#8221; diyen Erdo\u011fan, Anayasa de\u011fi\u015fikli\u011finin 30 y\u0131ld\u0131r ihmal edilen sendikal haklar\u0131 getirdi\u011fini, Anayasa de\u011fi\u015fikli\u011fine kar\u015f\u0131 \u00e7\u0131kanlar\u0131n pek \u00e7o\u011fu gibi muhalefetin de derdinin &#8220;\u00fcz\u00fcm yemek de\u011fil, ba\u011fc\u0131y\u0131 d\u00f6vmek&#8221; oldu\u011funu kaydetti.<\/p>\n<p style=\"text-align: justify;\"><strong>HSYK&#8217;y\u0131 da unutmad\u0131 <\/strong><\/p>\n<p style=\"text-align: justify;\">T\u00fcrkiye&#8217;deki hukuk sistemini de de\u011fi\u015ftireceklerini belirten Erdo\u011fan, \u015f\u00f6yle konu\u015ftu:<\/p>\n<p style=\"text-align: justify;\">&#8220;T\u00fcrkiye&#8217;yi daha g\u00fc\u00e7l\u00fc bir hukuk sistemine kavu\u015fturuyoruz. Anayasay\u0131, Hakimler ve Savc\u0131lar Y\u00fcksek Kurulunun yap\u0131s\u0131n\u0131 de\u011fi\u015ftiriyor, hukukta art\u0131k kast sistemine, kapal\u0131 devre sistemine son veriyoruz. \u00c7ok enteresan, \u015fu anda Hakimler ve Savc\u0131lar Y\u00fcksek Kurulu \u00e7al\u0131\u015fmalara ara veriyor. Yine ideolojik yakla\u015f\u0131mlar devreye giriyor. Bir anda bak\u0131yorsunuz bir mahkemenin  tamam\u0131n\u0131 neredeyse la\u011fvetmi\u015f. Bununla bir yere varamazs\u0131n\u0131z. Hakimler ve Savc\u0131lar Y\u00fcksek Kuruluna biz atama yapm\u0131yoruz. Kim yap\u0131yor biliyor musunuz? Kocaeli&#8217;den tutun da ta Karadeniz&#8217;e kadar, Van&#8217;a kadar buradaki hakim ve savc\u0131lar\u0131m\u0131z oy kullanacak. Oy kullan\u0131rken de\u011ferli karde\u015flerim, 10 tane aday\u0131 onlar tespit ediyor. Meclisle ve bizimle hi\u00e7 alakas\u0131 yok. Ya bunlar savc\u0131 ve hakim arkada\u015flar\u0131na bile inanm\u0131yor ve g\u00fcvenmiyorlar. \u00c7\u00fcnk\u00fc tezgah\u0131 kurmu\u015flar. \u015eimdi tezgah bozuldu.&#8221;<\/p>\n<p style=\"text-align: justify;\"><strong>&#8220;Her kutlu do\u011fum sanc\u0131l\u0131 olur&#8221; <\/strong><\/p>\n<p style=\"text-align: justify;\">Bir de zafer t\u00fcrk\u00fcleri oldu\u011funu belirten Erdo\u011fan, &#8220;Her kutlu do\u011fum sanc\u0131l\u0131 olur, in\u015fallah bunu ya\u015fayaca\u011f\u0131z&#8221; dedi. Ba\u015fbakan Erdo\u011fan, kat\u0131l\u0131mc\u0131larla birlikte &#8220;Beraber y\u00fcr\u00fcd\u00fck biz bu yollarda, beraber yand\u0131k bu yak\u0131c\u0131 g\u00fcne\u015fte, \u015fimdi dinledi\u011fim t\u00fcm \u015fark\u0131larda, bana her \u015fey sizi hat\u0131rlat\u0131yor&#8221; s\u00f6zlerini s\u00f6yledi.<\/p>\n<p style=\"text-align: justify;\"><span style=\"color: #888888;\">CNN T\u00dcRK<\/span><\/p>\n","protected":false},"excerpt":{"rendered":"<p style=\"text-align: center;\">\n<p style=\"text-align: justify;\">Ba\u015fbakan Recep Tayyip Erdo\u011fan HSYK&#8217;da ya\u015fanan atama krizi ile ilgili olarak Kocaeli&#8217;ndeki referandum mitinginde konu\u015ftu. Erdo\u011fan &#8220;HSYK&#8217;da yine ideolojik yakla\u015f\u0131mlar devreye girdi&#8221; dedi ve kurulu tezgah kurmakla su\u00e7lad\u0131. <\/p>\n","protected":false},"author":1,"featured_media":0,"comment_status":"open","ping_status":"closed","sticky":false,"template":"","format":"standard","meta":{"footnotes":""},"categories":[105],"tags":[],"class_list":["post-24816","post","type-post","status-publish","format-standard","hentry","category-gundem","odd"],"_links":{"self":[{"href":"http:\/\/www.korhanyilmaz.com\/index.php?rest_route=\/wp\/v2\/posts\/24816","targetHints":{"allow":["GET"]}}],"collection":[{"href":"http:\/\/www.korhanyilmaz.com\/index.php?rest_route=\/wp\/v2\/posts"}],"about":[{"href":"http:\/\/www.korhanyilmaz.com\/index.php?rest_route=\/wp\/v2\/types\/post"}],"author":[{"embeddable":true,"href":"http:\/\/www.korhanyilmaz.com\/index.php?rest_route=\/wp\/v2\/users\/1"}],"replies":[{"embeddable":true,"href":"http:\/\/www.korhanyilmaz.com\/index.php?rest_route=%2Fwp%2Fv2%2Fcomments&post=24816"}],"version-history":[{"count":0,"href":"http:\/\/www.korhanyilmaz.com\/index.php?rest_route=\/wp\/v2\/posts\/24816\/revisions"}],"wp:attachment":[{"href":"http:\/\/www.korhanyilmaz.com\/index.php?rest_route=%2Fwp%2Fv2%2Fmedia&parent=24816"}],"wp:term":[{"taxonomy":"category","embeddable":true,"href":"http:\/\/www.korhanyilmaz.com\/index.php?rest_route=%2Fwp%2Fv2%2Fcategories&post=24816"},{"taxonomy":"post_tag","embeddable":true,"href":"http:\/\/www.korhanyilmaz.com\/index.php?rest_route=%2Fwp%2Fv2%2Ftags&post=24816"}],"curies":[{"name":"wp","href":"https:\/\/api.w.org\/{rel}","templated":true}]}}