{"id":24812,"date":"2010-08-18T10:27:55","date_gmt":"2010-08-18T07:27:55","guid":{"rendered":"http:\/\/www.korhanyilmaz.com\/?p=24812"},"modified":"2010-08-18T10:27:55","modified_gmt":"2010-08-18T07:27:55","slug":"tesaduf-mu","status":"publish","type":"post","link":"http:\/\/www.korhanyilmaz.com\/?p=24812","title":{"rendered":"Tesad\u00fcf m\u00fc?"},"content":{"rendered":"<p style=\"text-align: center;\"><a href=\"http:\/\/www.korhanyilmaz.com\/wp-content\/uploads\/2010\/08\/087.jpg\"  class=\"lightview\"><img loading=\"lazy\" decoding=\"async\" class=\"aligncenter size-full wp-image-24813\" src=\"http:\/\/www.korhanyilmaz.com\/wp-content\/uploads\/2010\/08\/087.jpg\" alt=\"\" width=\"420\" height=\"210\" \/><\/a><\/p>\n<p style=\"text-align: justify;\">Milliyet Gazetesi yazar\u0131 Mehmet Tezkan soy polemi\u011fiyle ilgili olarak &#8216;Melih G\u00f6k\u00e7ek televizyonlardan K\u0131l\u0131\u00e7daro\u011flu\u2019nun annesi Ermeni diye kampanya yap\u0131yor.. Ba\u015fbakan Erdo\u011fan meydanlarda \u2018soy \u00f6nemli soy\u2019 diye hayk\u0131r\u0131yor..Tesad\u00fcf m\u00fc!..&#8217; diye sordu&#8230; <!--more--><\/p>\n<p style=\"text-align: justify;\"><strong>\u0130\u015fte o yaz\u0131 <\/strong>:<\/p>\n<p style=\"text-align: justify;\">Ben olan\u0131 biteni ortaya koyay\u0131m, ba\u011flant\u0131 var m\u0131 yok mu siz karar verin..<\/p>\n<p style=\"text-align: justify;\">* * *<\/p>\n<p style=\"text-align: justify;\">Ankara B\u00fcy\u00fck\u015fehir Belediye Ba\u015fkan\u0131 G\u00f6k\u00e7ek nerede mikrofon g\u00f6rse K\u0131l\u0131\u00e7daro\u011flu\u2019nun Alevi, annesinin Ermeni oldu\u011funu s\u00f6yl\u00fcyor..<\/p>\n<p style=\"text-align: justify;\">Bunu s\u00f6ylemek i\u00e7in kanal kanal dola\u015f\u0131yor..<\/p>\n<p style=\"text-align: justify;\">Kurnazca bir taktik izliyor..<\/p>\n<p style=\"text-align: justify;\">Konuyu ben a\u00e7mad\u0131m siz sordunuz diyor.. Annesi Ermeni kendisi Aleviyse ne var bunda diyor.. CHP\u2019liler kendisini genel ba\u015fkan se\u00e7mi\u015f diyor; bunlar\u0131 konu\u015fmamak laz\u0131m, insan\u0131n annesinin Ermeni olmas\u0131 ay\u0131p m\u0131?<\/p>\n<p style=\"text-align: justify;\">Ermeni ise kime ne ki T\u00fcrk vatanda\u015f\u0131 de\u011fil mi diyor..<\/p>\n<p style=\"text-align: justify;\">Diyor da diyor..<\/p>\n<p style=\"text-align: justify;\">Bu konuyu soranlar\u0131 k\u0131n\u0131yor..<\/p>\n<p style=\"text-align: justify;\">Ama her c\u00fcmlede iki kere annesi Ermeni demeden durmuyor..<\/p>\n<p style=\"text-align: justify;\">* * *<\/p>\n<p style=\"text-align: justify;\">B\u00fclent Ar\u0131n\u00e7, K\u0131l\u0131\u00e7daro\u011flu\u2019nu ele\u015ftirirken; \u2018\u015fu kadar boyuyla\u2019 g\u00f6ndermesi yap\u0131nca tart\u0131\u015fma ba\u015flad\u0131..<\/p>\n<p style=\"text-align: justify;\">K\u0131l\u0131\u00e7daro\u011flu Ar\u0131n\u00e7\u2019a yan\u0131t verirken boyu uzun olmakla ak\u0131l k\u0131sal\u0131\u011f\u0131 ba\u011flant\u0131s\u0131 kurdu..<\/p>\n<p style=\"text-align: justify;\">B\u00f6ylece kuca\u011f\u0131m\u0131zda d\u00f6rt d\u00f6rtl\u00fck boy polemi\u011fi bulduk..<\/p>\n<p style=\"text-align: justify;\">Polemik olur da Ba\u015fbakan d\u0131\u015f\u0131nda kal\u0131r m\u0131?<\/p>\n<p style=\"text-align: justify;\">Kalmaz tabii; o da bir \u015fekilde \u00fczerine al\u0131nd\u0131.. \u2018Benim boyum 1.85.. Tepe tepe kullan\u2019 diyerek polemi\u011fe bal\u0131klama dald\u0131..<\/p>\n<p style=\"text-align: justify;\">Aradan iki g\u00fcn ge\u00e7ti..<\/p>\n<p style=\"text-align: justify;\">Ba\u015fbakan bir anda tart\u0131\u015fmay\u0131 soy meselesine getirdi..<\/p>\n<p style=\"text-align: justify;\">\u2018Boy de\u011fil, soy \u00f6nemli soooy\u2019 diye hayk\u0131rd\u0131..<\/p>\n<p style=\"text-align: justify;\">Daha do\u011frusu ba\u011f\u0131rd\u0131..<\/p>\n<p style=\"text-align: justify;\">\u00d6nemli olan soooy!..<\/p>\n<p style=\"text-align: justify;\">* * *<\/p>\n<p style=\"text-align: justify;\">Manzara \u015fu..<\/p>\n<p style=\"text-align: justify;\">Melih G\u00f6k\u00e7ek televizyonlardan K\u0131l\u0131\u00e7daro\u011flu\u2019nun annesi Ermeni diye kampanya yap\u0131yor..<\/p>\n<p style=\"text-align: justify;\">Ba\u015fbakan Erdo\u011fan meydanlarda \u2018soy \u00f6nemli soy\u2019 diye hayk\u0131r\u0131yor..<\/p>\n<p style=\"text-align: justify;\">Tesad\u00fcf m\u00fc!..<\/p>\n<p style=\"text-align: justify;\"><span style=\"color: #888888;\">Kaynak : VATAN<\/span><\/p>\n","protected":false},"excerpt":{"rendered":"<p style=\"text-align: center;\">\n<p style=\"text-align: justify;\">Milliyet Gazetesi yazar\u0131 Mehmet Tezkan soy polemi\u011fiyle ilgili olarak &#8216;Melih G\u00f6k\u00e7ek televizyonlardan K\u0131l\u0131\u00e7daro\u011flu\u2019nun annesi Ermeni diye kampanya yap\u0131yor.. Ba\u015fbakan Erdo\u011fan meydanlarda \u2018soy \u00f6nemli soy\u2019 diye hayk\u0131r\u0131yor..Tesad\u00fcf m\u00fc!..&#8217; diye sordu&#8230; <\/p>\n","protected":false},"author":1,"featured_media":0,"comment_status":"open","ping_status":"closed","sticky":false,"template":"","format":"standard","meta":{"footnotes":""},"categories":[105],"tags":[],"class_list":["post-24812","post","type-post","status-publish","format-standard","hentry","category-gundem","odd"],"_links":{"self":[{"href":"http:\/\/www.korhanyilmaz.com\/index.php?rest_route=\/wp\/v2\/posts\/24812","targetHints":{"allow":["GET"]}}],"collection":[{"href":"http:\/\/www.korhanyilmaz.com\/index.php?rest_route=\/wp\/v2\/posts"}],"about":[{"href":"http:\/\/www.korhanyilmaz.com\/index.php?rest_route=\/wp\/v2\/types\/post"}],"author":[{"embeddable":true,"href":"http:\/\/www.korhanyilmaz.com\/index.php?rest_route=\/wp\/v2\/users\/1"}],"replies":[{"embeddable":true,"href":"http:\/\/www.korhanyilmaz.com\/index.php?rest_route=%2Fwp%2Fv2%2Fcomments&post=24812"}],"version-history":[{"count":0,"href":"http:\/\/www.korhanyilmaz.com\/index.php?rest_route=\/wp\/v2\/posts\/24812\/revisions"}],"wp:attachment":[{"href":"http:\/\/www.korhanyilmaz.com\/index.php?rest_route=%2Fwp%2Fv2%2Fmedia&parent=24812"}],"wp:term":[{"taxonomy":"category","embeddable":true,"href":"http:\/\/www.korhanyilmaz.com\/index.php?rest_route=%2Fwp%2Fv2%2Fcategories&post=24812"},{"taxonomy":"post_tag","embeddable":true,"href":"http:\/\/www.korhanyilmaz.com\/index.php?rest_route=%2Fwp%2Fv2%2Ftags&post=24812"}],"curies":[{"name":"wp","href":"https:\/\/api.w.org\/{rel}","templated":true}]}}