{"id":24808,"date":"2010-08-18T11:59:15","date_gmt":"2010-08-18T08:59:15","guid":{"rendered":"http:\/\/www.korhanyilmaz.com\/?p=24808"},"modified":"2010-08-18T11:59:15","modified_gmt":"2010-08-18T08:59:15","slug":"joleyi-fazla-kacirmis-gazeteci","status":"publish","type":"post","link":"http:\/\/www.korhanyilmaz.com\/?p=24808","title":{"rendered":"J\u00f6leyi fazla ka\u00e7\u0131rm\u0131\u015f gazeteci"},"content":{"rendered":"<p><a href=\"http:\/\/www.korhanyilmaz.com\/wp-content\/uploads\/2010\/08\/086.jpg\"  class=\"lightview\"><img loading=\"lazy\" decoding=\"async\" class=\"aligncenter size-full wp-image-24809\" src=\"http:\/\/www.korhanyilmaz.com\/wp-content\/uploads\/2010\/08\/086.jpg\" alt=\"\" width=\"320\" height=\"100\" \/><\/a><\/p>\n<p style=\"text-align: justify;\">S\u00f6zc\u00fc Gazetesi Yazar\u0131 Necati Do\u011fru, Habert\u00fcrk\u2019te Ba\u015fbakan Erdo\u011fan\u2019\u0131 konuk eden Yi\u011fit Bulut\u2019u topa tuttu..<\/p>\n<p style=\"text-align: justify;\">Do\u011fru, \u00f6zetle \u015funlar\u0131 yazd\u0131:<\/p>\n<p style=\"text-align: justify;\">&#8220;J\u00f6leyi fazla ka\u00e7\u0131rd\u0131n m\u0131 tarafs\u0131z- objektif gazetecilik \u00f6l\u00fcyor, j\u00f6leli gazetecilik hortluyor.. Yi\u011fit Bulut Ba\u015fbakan&#8217;a sadece \u00e7anak sorular sordu.. Yi\u011fit Bulut &#8216;Gazetecili\u011fi muhalefete muhalefet yapma, iktidara ise \u00e7anak olma rezilli\u011fine indiren gazetecili\u011fi&#8217; \u00f6rnek ald\u0131.. <!--more--><\/p>\n<p style=\"text-align: justify;\">Yi\u011fit Bulut ke\u015fke Ba\u015fbakana bunlar\u0131 sorsayd\u0131:<\/p>\n<p style=\"text-align: justify;\">1- Oturdu\u011fun havuzlu villan\u0131n sahibi kim?<\/p>\n<p style=\"text-align: justify;\">2- Villa o\u011flununsa hangi parayla ald\u0131?<\/p>\n<p style=\"text-align: justify;\">3- O\u011fluna ne kadar kira \u00f6d\u00fcyorsun?<\/p>\n<p style=\"text-align: justify;\">4- Hangi bankaya yat\u0131r\u0131yorsun?<\/p>\n<p style=\"text-align: justify;\">5- O\u011fullar\u0131n\u0131z kira vergisi \u00f6d\u00fcyor mu?<\/p>\n<p style=\"text-align: justify;\">6- O\u011fullar\u0131n\u0131z\u0131n ka\u00e7 \u015firketi var?<\/p>\n<p style=\"text-align: justify;\">7- Paran\u0131 bir y\u0131lda nas\u0131l y\u00fczde 70 art\u0131rd\u0131n?<\/p>\n<p style=\"text-align: justify;\">8- Siyaseti b\u0131rak\u0131nca damad\u0131n\u0131n tv&#8217;sinin ba\u015f\u0131na m\u0131 ge\u00e7eceksin?<\/p>\n<p style=\"text-align: justify;\"><span style=\"color: #888888;\">VATAN<\/span><\/p>\n","protected":false},"excerpt":{"rendered":"<\/p>\n<p style=\"text-align: justify;\">S\u00f6zc\u00fc Gazetesi Yazar\u0131 Necati Do\u011fru, Habert\u00fcrk\u2019te Ba\u015fbakan Erdo\u011fan\u2019\u0131 konuk eden Yi\u011fit Bulut\u2019u topa tuttu..<\/p>\n<p style=\"text-align: justify;\">Do\u011fru, \u00f6zetle \u015funlar\u0131 yazd\u0131:<\/p>\n<p style=\"text-align: justify;\">&#8220;J\u00f6leyi fazla ka\u00e7\u0131rd\u0131n m\u0131 tarafs\u0131z- objektif gazetecilik \u00f6l\u00fcyor, j\u00f6leli gazetecilik hortluyor.. Yi\u011fit Bulut Ba\u015fbakan&#8217;a sadece \u00e7anak sorular sordu.. Yi\u011fit Bulut &#8216;Gazetecili\u011fi muhalefete muhalefet yapma, iktidara ise \u00e7anak olma rezilli\u011fine indiren <\/p>\n","protected":false},"author":1,"featured_media":0,"comment_status":"open","ping_status":"closed","sticky":false,"template":"","format":"standard","meta":{"footnotes":""},"categories":[105],"tags":[],"class_list":["post-24808","post","type-post","status-publish","format-standard","hentry","category-gundem","odd"],"_links":{"self":[{"href":"http:\/\/www.korhanyilmaz.com\/index.php?rest_route=\/wp\/v2\/posts\/24808","targetHints":{"allow":["GET"]}}],"collection":[{"href":"http:\/\/www.korhanyilmaz.com\/index.php?rest_route=\/wp\/v2\/posts"}],"about":[{"href":"http:\/\/www.korhanyilmaz.com\/index.php?rest_route=\/wp\/v2\/types\/post"}],"author":[{"embeddable":true,"href":"http:\/\/www.korhanyilmaz.com\/index.php?rest_route=\/wp\/v2\/users\/1"}],"replies":[{"embeddable":true,"href":"http:\/\/www.korhanyilmaz.com\/index.php?rest_route=%2Fwp%2Fv2%2Fcomments&post=24808"}],"version-history":[{"count":0,"href":"http:\/\/www.korhanyilmaz.com\/index.php?rest_route=\/wp\/v2\/posts\/24808\/revisions"}],"wp:attachment":[{"href":"http:\/\/www.korhanyilmaz.com\/index.php?rest_route=%2Fwp%2Fv2%2Fmedia&parent=24808"}],"wp:term":[{"taxonomy":"category","embeddable":true,"href":"http:\/\/www.korhanyilmaz.com\/index.php?rest_route=%2Fwp%2Fv2%2Fcategories&post=24808"},{"taxonomy":"post_tag","embeddable":true,"href":"http:\/\/www.korhanyilmaz.com\/index.php?rest_route=%2Fwp%2Fv2%2Ftags&post=24808"}],"curies":[{"name":"wp","href":"https:\/\/api.w.org\/{rel}","templated":true}]}}