{"id":24804,"date":"2010-08-18T20:08:07","date_gmt":"2010-08-18T17:08:07","guid":{"rendered":"http:\/\/www.korhanyilmaz.com\/?p=24804"},"modified":"2010-08-18T20:08:07","modified_gmt":"2010-08-18T17:08:07","slug":"okay-basbakan-tusiada-santaj-yapiyor","status":"publish","type":"post","link":"http:\/\/www.korhanyilmaz.com\/?p=24804","title":{"rendered":"Okay: &#8220;Ba\u015fbakan T\u00dcS\u0130AD&#8217;a \u015fantaj yap\u0131yor&#8221;"},"content":{"rendered":"<p style=\"text-align: center;\"><a href=\"http:\/\/www.korhanyilmaz.com\/wp-content\/uploads\/2010\/08\/085.jpeg\"  class=\"lightview\"><img loading=\"lazy\" decoding=\"async\" class=\"aligncenter size-full wp-image-24805\" src=\"http:\/\/www.korhanyilmaz.com\/wp-content\/uploads\/2010\/08\/085.jpeg\" alt=\"\" width=\"307\" height=\"236\" \/><\/a><\/p>\n<p style=\"text-align: justify;\">CHP&#8217;ye g\u00f6re h\u00fck\u00fcmet referandum s\u00fcrecinde &#8220;korku imparatorlu\u011fu&#8221; yarat\u0131yor. CHP  s\u00f6zc\u00fcs\u00fc Hakk\u0131 S\u00fcha Okay, Ba\u015fbakan&#8217;\u0131n T\u00dcS\u0130AD&#8217;a \u015fantaj yapt\u0131\u011f\u0131n\u0131 \u00f6ne s\u00fcrd\u00fc.. HSYK&#8217;daki krizi de ger\u00e7ek ama\u00e7lar\u0131n\u0131n somut g\u00f6stergesi olarak niteledi. <!--more--><\/p>\n<p style=\"text-align: justify;\">CHP Merkez Y\u00f6netim Kurulu (MYK) Genel Ba\u015fkan Kemal K\u0131l\u0131\u00e7daro\u011flu, ba\u015fkanl\u0131\u011f\u0131nda topland\u0131.<\/p>\n<p style=\"text-align: justify;\">Genel Ba\u015fkan Yard\u0131mc\u0131s\u0131 Okay, toplant\u0131n\u0131n ard\u0131ndan yapt\u0131\u011f\u0131 a\u00e7\u0131klamada, 3,5 saat s\u00fcren MYK&#8217;da, CHP Genel Ba\u015fkan\u0131 Kemal K\u0131l\u0131\u00e7daro\u011flu&#8217;nun ger\u00e7ekle\u015ftirdi\u011fi yurt gezilerinin de\u011ferlendirildi\u011fini ve bilgi al\u0131\u015f veri\u015finde bulunuldu\u011funu s\u00f6yledi.<\/p>\n<p style=\"text-align: justify;\">Bug\u00fcne kadar 47 il ve 157 il\u00e7eye gittiklerini belirten Okay, referandum \u00e7al\u0131\u015fmalar\u0131 kapsam\u0131ndaki gezilerinin cuma g\u00fcn\u00fc Afyonkarahisar, Isparta, Burdur, K\u00fctahya ve Denizli ile devam edece\u011fini bildirdi.<\/p>\n<p style=\"text-align: justify;\">Okay, CHP Genel Ba\u015fkan\u0131 Kemal K\u0131l\u0131\u00e7daro\u011flu&#8217;nun \u0130stanbul&#8217;daki ilk mitingini 22 A\u011fustosta \u00c7a\u011flayan&#8217;da ger\u00e7ekle\u015ftirece\u011fini ifade ederken, 24 A\u011fustosta Van, Batman, 25 A\u011fustosta ise Elaz\u0131\u011f, Bing\u00f6l ve Tunceli&#8217;ye gideceklerini kaydetti.<\/p>\n<p style=\"text-align: justify;\">\u0130ktidar partisinin referandum \u00e7al\u0131\u015fmalar\u0131 kapsam\u0131nda devletin t\u00fcm imkanlar\u0131n\u0131 kulland\u0131\u011f\u0131n\u0131 savunan Okay, baz\u0131 illerde kendilerinin d\u00fczenledikleri mitinglerde ise kamu g\u00f6revlilerinin \u00fczerlerine d\u00fc\u015feni yapmad\u0131\u011f\u0131n\u0131 g\u00f6zlemlediklerini s\u00f6yledi.<\/p>\n<p style=\"text-align: justify;\"><strong>&#8220;T\u00dcS\u0130AD&#8217;a \u015fantaj&#8221; <\/strong><\/p>\n<p style=\"text-align: justify;\">CHP s\u00f6zc\u00fcs\u00fc Hakk\u0131 S\u00fcha Okay h\u00fck\u00fcmetin T\u00dcS\u0130AD&#8217;a a\u00e7\u0131k\u00e7a \u015fantaj yapt\u0131\u011f\u0131n\u0131 s\u00f6yledi. Okay ayr\u0131ca medya, i\u015fadamlar\u0131 ve yurtta\u015flar \u00fczerinde de yo\u011fun bask\u0131 uyguland\u0131\u011f\u0131n\u0131 belirtti.<\/p>\n<p style=\"text-align: justify;\">Okay bask\u0131n\u0131n memurlara da uyguland\u0131\u011f\u0131n\u0131 dile getirerek memurlar\u0131n toplu g\u00f6r\u00fc\u015fmeleri referandumdan sonra toplu s\u00f6zle\u015fme olarak devam etsin teklifini &#8220;memurlara toplu s\u00f6zle\u015fme hakk\u0131 getiriyoruz&#8221; diyen AK Parti h\u00fck\u00fcmetinin reddetti\u011finin alt\u0131n\u0131 \u00e7izdi ve &#8220;Bu AKP&#8217;nin yapmak istedi\u011fi Anayasa de\u011fi\u015fikli\u011finde ne kadar samimiyetsiz oldu\u011funun g\u00f6stergesidir&#8221; diye konu\u015ftu.<\/p>\n<p style=\"text-align: justify;\">Okay, HSYK&#8217;daki krizi de \u0130ktidar\u0131n Anayasa de\u011fi\u015fikli\u011fi ge\u00e7erse HSYK&#8217;y\u0131 nas\u0131l bi\u00e7imlendirece\u011finin somut \u00f6rne\u011fi&#8221; olarak niteledi.<\/p>\n<p style=\"text-align: justify;\">Kimi illerde valilerin aktif olarak &#8220;evet&#8221; kampanyas\u0131nda g\u00f6rev ald\u0131klar\u0131n\u0131 tespit ettiklerini ifade eden Okay, \u015f\u00f6yle konu\u015ftu:<\/p>\n<p style=\"text-align: justify;\">&#8220;Say\u0131n Ba\u015fbakan ve s\u00f6zc\u00fclerinin a\u00e7\u0131klamalar\u0131n\u0131 de\u011ferlendirdi\u011fimizde bir bozgun ve tela\u015f i\u00e7erisinde olduklar\u0131n\u0131 g\u00f6zlemliyoruz. Bunun yan\u0131 s\u0131ra AKP&#8217;nin yaratmak istedi\u011fi korku toplumu \u00e7al\u0131\u015fmas\u0131n\u0131 da kararl\u0131l\u0131kla, bask\u0131, tehdit ve \u015fantajla s\u00fcrd\u00fcrd\u00fc\u011f\u00fcn\u00fc g\u00f6zlemliyoruz. AKP, medya \u00fczerinde, yurtta\u015flar \u00fczerinde ve i\u015fadamlar\u0131 \u00fczerinde yo\u011fun bask\u0131 uyguluyor. Nitekim Say\u0131n Ba\u015fbakan&#8217;\u0131n T\u00dcS\u0130AD&#8217;a y\u00f6nelik a\u00e7\u0131klamalar\u0131 bunun en a\u00e7\u0131k g\u00f6stergesidir. Ayr\u0131ca memur sendikalar\u0131 ile s\u00fcrd\u00fcr\u00fclen g\u00f6r\u00fc\u015fmelerde de bunu net bir \u015fekilde g\u00f6r\u00fcyoruz. Kesk ve Memur-Sen toplu g\u00f6r\u00fc\u015fmenin referandumdan sonra, toplu s\u00f6zle\u015fme olarak devam etmesini istiyor ama AKP bunu kabul etmiyor. AKP&#8217;nin tutumu, de\u011fi\u015fikli\u011fe samimiyetle inanmad\u0131\u011f\u0131n\u0131 da g\u00f6steriyor.&#8221;<\/p>\n<p style=\"text-align: justify;\">CHP&#8217;nin ya\u015fanan t\u00fcm geli\u015fmelere ra\u011fmen &#8220;hay\u0131r&#8221; kampanyas\u0131n\u0131 kararl\u0131l\u0131kla s\u00fcrd\u00fcrece\u011fini belirten Okay, &#8220;Ba\u015fbakan\u0131n s\u00f6ylem farkl\u0131l\u0131\u011f\u0131 yeni bir s\u00fcrecin de ba\u015flad\u0131\u011f\u0131n\u0131 ortaya koyuyor. Say\u0131n Ba\u015fbakan, art\u0131k &#8216;ruh \u00fc\u00e7\u00fczleri&#8217; demiyor. Bu yeni anla\u015fmalar oldu\u011funu da ortaya koyuyor&#8221; dedi.<\/p>\n<p style=\"text-align: justify;\">HSYK&#8217;da kriz ya\u015fand\u0131\u011f\u0131n\u0131 savunan Okay, bunun e\u011fer Anayasa de\u011fi\u015fikli\u011finin kabul edilmesi durumunda HSYK atamalar\u0131nda ya\u015fanacaklar\u0131n \u00f6nemli bir g\u00f6stergesi oldu\u011funu s\u00f6yledi.<\/p>\n<p style=\"text-align: justify;\"><strong>&#8220;Yeni bir ruh ikizi olacak&#8221; <\/strong><\/p>\n<p style=\"text-align: justify;\">Okay, a\u00e7\u0131klamalar\u0131n\u0131n ard\u0131ndan gazetecilerin sorular\u0131n\u0131 da yan\u0131tlad\u0131.<\/p>\n<p style=\"text-align: justify;\">Okay, bir gazetecinin &#8220;PKK liderlerinden Murat Karay\u0131lan&#8217;\u0131n &#8216;devletle bir anla\u015fma oldu&#8217; \u015feklinde a\u00e7\u0131klamalar\u0131 yer ald\u0131, bu konuda ne d\u00fc\u015f\u00fcn\u00fcyorsunuz?&#8221; \u015feklindeki sorusuna \u015fu yan\u0131t\u0131 verdi:<\/p>\n<p style=\"text-align: justify;\">&#8220;Say\u0131n Ba\u015fbakan art\u0131k bu Anayasa de\u011fi\u015fikli\u011fine &#8216;hay\u0131r&#8217; diyen CHP, MHP, BDP ruh \u00fc\u00e7\u00fcz\u00fc demiyor. Bu s\u00f6ylem farkl\u0131l\u0131\u011f\u0131 muhtemelen, PKK&#8217;n\u0131n \u00f6nde gelen isimlerinden Karay\u0131lan&#8217;\u0131n da ifade etti\u011fi gibi pir pazarl\u0131k sonucu, bir y\u00f6n de\u011fi\u015ftirmeden kaynaklanm\u0131\u015f olabilir. Ba\u015flang\u0131\u00e7ta, bu Anayasa de\u011fi\u015fikli\u011fini &#8216;boykot edece\u011fiz&#8217; diyenler art\u0131k, yeni s\u00fcre\u00e7te muhtemelen bir pazarl\u0131kla kimi taviz ve \u00f6d\u00fcl alacaklar\u0131 beklentisi i\u00e7erisinde olduklar\u0131ndan, anla\u015f\u0131lan o ki yeni bir ruh ikizi olacak T\u00fcrkiye&#8217;de.<\/p>\n<p style=\"text-align: justify;\">Murat Karay\u0131lan&#8217;\u0131n a\u00e7\u0131klamalar\u0131 da T\u00fcrkiye&#8217;de yeni bir ruh ikizinin olu\u015ftu\u011funu ortaya koyuyor. Art\u0131k son g\u00fcnlerde yap\u0131lan a\u00e7\u0131klamalar, art\u0131k T\u00fcrkiye&#8217;nin b\u00f6l\u00fcnmez b\u00fct\u00fcnl\u00fc\u011f\u00fcn\u00fc g\u00fcndeme getiren a\u00e7\u0131klamalard\u0131r. Hatta BM&#8217;nin taraf olmas\u0131 T\u00fcrkiye&#8217;nin g\u00fcndemine getirilmektedir. Baz\u0131 belediye ba\u015fkanlar\u0131 T\u00fcrkiye&#8217;de \u00f6zerklik tart\u0131\u015fmalar\u0131n\u0131 g\u00fcndeme getirmektedir. Bu muhtemelen \u015fimdilerde dillendirilmeyen a\u00e7\u0131l\u0131m tart\u0131\u015fmalar\u0131n\u0131n 12 Eyl\u00fcl sonras\u0131 yeni bir versiyon olarak sunulabilece\u011fini g\u00f6stermektedir.&#8221;<\/p>\n<p style=\"text-align: justify;\"><strong>&#8220;Boy-soy tart\u0131\u015fmas\u0131&#8221; <\/strong><\/p>\n<p style=\"text-align: justify;\">Okay, &#8220;boy-soy&#8221; tart\u0131\u015fmalar\u0131na ili\u015fkin bir soruya da CHP Genel Ba\u015fkan\u0131 Kemal K\u0131l\u0131\u00e7daro\u011flu&#8217;nun hi\u00e7bir zaman boy tart\u0131\u015fmalar\u0131n\u0131 a\u00e7an ki\u015fi olmad\u0131\u011f\u0131n\u0131 s\u00f6yledi.<\/p>\n<p style=\"text-align: justify;\">Kimi medya kurulu\u015flar\u0131n\u0131n Devlet Bakan\u0131 ve Ba\u015fbakan Yard\u0131mc\u0131s\u0131 B\u00fclent Ar\u0131n\u00e7 taraf\u0131ndan ba\u015flat\u0131lan &#8220;boy tart\u0131\u015fmas\u0131na&#8221; CHP&#8217;nin yan\u0131t verdi\u011fi y\u00f6n\u00fcnde haberler yapt\u0131\u011f\u0131n\u0131 savunan Okay, &#8220;Say\u0131n Ba\u015fbakan, B\u00fclent Ar\u0131n\u00e7&#8217;\u0131n a\u00e7\u0131klamalar\u0131na cevap vermektedir. Kendi aralar\u0131nda boylar\u0131n\u0131 \u00f6l\u00e7ebilirler. CHP say\u0131n Ba\u015fbakan\u0131n boyu ile u\u011fra\u015fmamaktad\u0131r. Zaten ne dedi\u011fini de bilmiyor, &#8216;Memur Kemal&#8217; dedi gaf yapt\u0131, &#8216;\u00f6nemli olan soy&#8217; dedi gaf yapt\u0131. Nitekim say\u0131n Genel Ba\u015fkan\u0131m\u0131z 7 de\u011fil, 77 s\u00fclalesiyle gurur duydu\u011funu ifade etti. Biz o tart\u0131\u015fmalar\u0131n i\u00e7erisinde yer almayaca\u011f\u0131z&#8221; yan\u0131t\u0131n\u0131 verdi.<\/p>\n<p style=\"text-align: justify;\">Okay, Cumhurba\u015fkan\u0131n\u0131n g\u00f6rev s\u00fcresi konusundaki bir soruya da &#8220;Cumhurba\u015fkan\u0131n\u0131n g\u00f6rev s\u00fcresi 5 y\u0131ld\u0131r. Burada kazan\u0131lm\u0131\u015f bir hak s\u00f6z konusu de\u011fildir. Say\u0131n Ba\u015fbakan 3&#8217;den sonra parlamentoda g\u00f6rev almayaca\u011f\u0131n\u0131 a\u00e7\u0131klam\u0131\u015ft\u0131. Bu y\u00fczden bir ba\u015fka makama g\u00f6z dikmi\u015f olabilir&#8221; diye konu\u015ftu.<\/p>\n<p style=\"text-align: justify;\">Okay, bir soru \u00fczerine de MYK \u00fcyesi G\u00fcrsel Tekin&#8217;in Genel Ba\u015fkan Yard\u0131mc\u0131s\u0131 olarak atanmas\u0131 tasarrufunun CHP Genel Ba\u015fkan\u0131 K\u0131l\u0131\u00e7daro\u011flu&#8217;nda oldu\u011funu s\u00f6yledi.<\/p>\n<p style=\"text-align: justify;\"><strong>&#8220;Hay\u0131rl\u0131 Ramazanlar mahyas\u0131&#8221; <\/strong><\/p>\n<p style=\"text-align: justify;\">Okay, baz\u0131 mitinglerde pankart as\u0131lmas\u0131 sorunlar\u0131n\u0131n ya\u015fand\u0131\u011f\u0131n\u0131n hat\u0131rlat\u0131lmas\u0131 \u00fczerine de \u015funlar\u0131 kaydetti:<\/p>\n<p style=\"text-align: justify;\">&#8220;Antalya&#8217;da 2 bayan arkada\u015f\u0131m\u0131z bro\u015f\u00fcr da\u011f\u0131tt\u0131 diye g\u00f6zalt\u0131na al\u0131nd\u0131. H\u00fck\u00fcmet, emniyet, vilayet bir taraftan &#8216;evet&#8217; kampanyas\u0131 s\u00fcrd\u00fcr\u00fcyor, bir taraftan da &#8216;hay\u0131r&#8217; kampanyas\u0131na kar\u015f\u0131 devlet bask\u0131s\u0131 uyguluyor. Eskiden Ramazan aylar\u0131nda camilere &#8216;hay\u0131rl\u0131 ramazanlar&#8217; mahyas\u0131 as\u0131l\u0131rd\u0131. Ancak bu ramazanda b\u00f6yle hi\u00e7bir mahya s\u00f6z konusu de\u011fil. Neredeyse &#8216;hay\u0131r&#8217; kelimesini lugattan \u00e7\u0131karacaklar.&#8221;<\/p>\n<p style=\"text-align: justify;\"><span style=\"color: #888888;\">CNN T\u00dcRK<\/span><\/p>\n","protected":false},"excerpt":{"rendered":"<p style=\"text-align: center;\">\n<p style=\"text-align: justify;\">CHP&#8217;ye g\u00f6re h\u00fck\u00fcmet referandum s\u00fcrecinde &#8220;korku imparatorlu\u011fu&#8221; yarat\u0131yor. CHP s\u00f6zc\u00fcs\u00fc Hakk\u0131 S\u00fcha Okay, Ba\u015fbakan&#8217;\u0131n T\u00dcS\u0130AD&#8217;a \u015fantaj yapt\u0131\u011f\u0131n\u0131 \u00f6ne s\u00fcrd\u00fc.. HSYK&#8217;daki krizi de ger\u00e7ek ama\u00e7lar\u0131n\u0131n somut g\u00f6stergesi olarak niteledi. <\/p>\n","protected":false},"author":1,"featured_media":0,"comment_status":"open","ping_status":"closed","sticky":false,"template":"","format":"standard","meta":{"footnotes":""},"categories":[105],"tags":[],"class_list":["post-24804","post","type-post","status-publish","format-standard","hentry","category-gundem","odd"],"_links":{"self":[{"href":"http:\/\/www.korhanyilmaz.com\/index.php?rest_route=\/wp\/v2\/posts\/24804","targetHints":{"allow":["GET"]}}],"collection":[{"href":"http:\/\/www.korhanyilmaz.com\/index.php?rest_route=\/wp\/v2\/posts"}],"about":[{"href":"http:\/\/www.korhanyilmaz.com\/index.php?rest_route=\/wp\/v2\/types\/post"}],"author":[{"embeddable":true,"href":"http:\/\/www.korhanyilmaz.com\/index.php?rest_route=\/wp\/v2\/users\/1"}],"replies":[{"embeddable":true,"href":"http:\/\/www.korhanyilmaz.com\/index.php?rest_route=%2Fwp%2Fv2%2Fcomments&post=24804"}],"version-history":[{"count":0,"href":"http:\/\/www.korhanyilmaz.com\/index.php?rest_route=\/wp\/v2\/posts\/24804\/revisions"}],"wp:attachment":[{"href":"http:\/\/www.korhanyilmaz.com\/index.php?rest_route=%2Fwp%2Fv2%2Fmedia&parent=24804"}],"wp:term":[{"taxonomy":"category","embeddable":true,"href":"http:\/\/www.korhanyilmaz.com\/index.php?rest_route=%2Fwp%2Fv2%2Fcategories&post=24804"},{"taxonomy":"post_tag","embeddable":true,"href":"http:\/\/www.korhanyilmaz.com\/index.php?rest_route=%2Fwp%2Fv2%2Ftags&post=24804"}],"curies":[{"name":"wp","href":"https:\/\/api.w.org\/{rel}","templated":true}]}}