{"id":24798,"date":"2010-08-18T17:56:43","date_gmt":"2010-08-18T14:56:43","guid":{"rendered":"http:\/\/www.korhanyilmaz.com\/?p=24798"},"modified":"2010-08-18T17:56:43","modified_gmt":"2010-08-18T14:56:43","slug":"pkkdan-sok-iddia-eylemsizlik-icin-devletle-anlasma-oldu","status":"publish","type":"post","link":"http:\/\/www.korhanyilmaz.com\/?p=24798","title":{"rendered":"PKK&#8217;dan \u015fok iddia: &#8220;Eylemsizlik i\u00e7in devletle anla\u015fma oldu&#8221;"},"content":{"rendered":"<p style=\"text-align: justify;\">\n<div id=\"attachment_24802\" style=\"width: 302px\" class=\"wp-caption aligncenter\"><a href=\"http:\/\/www.korhanyilmaz.com\/wp-content\/uploads\/2010\/08\/084.jpeg\"  class=\"lightview\"><img loading=\"lazy\" decoding=\"async\" aria-describedby=\"caption-attachment-24802\" class=\"size-full wp-image-24802\" src=\"http:\/\/www.korhanyilmaz.com\/wp-content\/uploads\/2010\/08\/084.jpeg\" alt=\"\" width=\"292\" height=\"195\" \/><\/a><p id=\"caption-attachment-24802\" class=\"wp-caption-text\">Demirta\u015f, &quot;\u015eartlar olu\u015fursa yeni Anayasa&#39;y\u0131 destekleriz&quot; dedi.<\/p><\/div>\n<p>PKK&#8217;n\u0131n eylemsizlik karar\u0131, &#8220;Ter\u00f6rle m\u00fccadelede yeni bir d\u00f6nem mi yoksa ge\u00e7ici bir ate\u015fkes mi?&#8221; sorusunu beraberinde getirdi. Sonras\u0131nda BDP referandum i\u00e7in yapt\u0131\u011f\u0131 boykot \u00e7a\u011fr\u0131s\u0131n\u0131 yumu\u015fatt\u0131, &#8220;\u015eartlar olu\u015fursa yeni anayasay\u0131 destekleriz&#8221; dedi. <!--more--><\/p>\n<p style=\"text-align: justify;\">PKK 13 A\u011fustos&#8217;ta eylemsizlik karar\u0131 verdi. Bu pek de beklenmeyen bir hareketti. Herkes sebebini merak etti.<\/p>\n<p style=\"text-align: justify;\">Eylemsizlik karar\u0131ndan 4 g\u00fcn sonra yani d\u00fcn ak\u015fam saatlerinde hem te\u00f6r\u00f6r \u00f6rg\u00fct\u00fcnden hem de BDP&#8217;den a\u00e7\u0131klamalar geldi.<\/p>\n<p style=\"text-align: justify;\">\u00d6nce Murat Karay\u0131lan&#8217;\u0131n eylemsizlik karar\u0131yla ilgili s\u00f6zleri F\u0131rat haber ajans\u0131nda yay\u0131nland\u0131. Karay\u0131lan eylemsizlik karar\u0131 i\u00e7in devletle anla\u015fma yap\u0131ld\u0131\u011f\u0131n\u0131 iddia etti. Ve bunun i\u00e7in \u00d6calan&#8217;\u0131n da devreye girdi\u011fini ima eden s\u00f6zler sarfetti.<\/p>\n<p style=\"text-align: justify;\">Bir di\u011fer ilgin\u00e7 a\u00e7\u0131klama BDP cephesinden geldi. Daha \u00f6nce referandumda sand\u0131\u011fa gitmeyip boykot edeceklerini a\u00e7\u0131klayan partinin Genel Ba\u015fkan\u0131 Selahattin Demirta\u015f, &#8220;\u015eartlar olu\u015fursa yeni anayasay\u0131 destekleriz&#8221; dedi.<\/p>\n<p style=\"text-align: justify;\">\u0130\u015fte bu a\u00e7\u0131klamalara devlet cephesinden de farkl\u0131 ve ilgin\u00e7 bir a\u00e7\u0131klama geldi. Cumhurba\u015fkan\u0131 Abdullah G\u00fcl, &#8220;Devlet ter\u00f6rle masaya oturmaz, pazarl\u0131k yapmaz ama kurumlar\u0131 vard\u0131r&#8221; dedi. Ve herkes o kurumlar\u0131 merak etti. Ve &#8216;devlet PKK&#8217;yla masaya oturdu mu, oturmad\u0131 m\u0131&#8217; kafalarda soru i\u015faraetleri kald\u0131.<\/p>\n<p style=\"text-align: justify;\"><span style=\"color: #888888;\">CNN T\u00dcRK<\/span><\/p>\n","protected":false},"excerpt":{"rendered":"<p style=\"text-align: justify;\">\n<p id=\"caption-attachment-24802\" class=\"wp-caption-text\">Demirta\u015f, &quot;\u015eartlar olu\u015fursa yeni Anayasa&#39;y\u0131 destekleriz&quot; dedi.<\/p>\n<p>PKK&#8217;n\u0131n eylemsizlik karar\u0131, &#8220;Ter\u00f6rle m\u00fccadelede yeni bir d\u00f6nem mi yoksa ge\u00e7ici bir ate\u015fkes mi?&#8221; sorusunu beraberinde getirdi. Sonras\u0131nda BDP referandum i\u00e7in yapt\u0131\u011f\u0131 boykot \u00e7a\u011fr\u0131s\u0131n\u0131 yumu\u015fatt\u0131, &#8220;\u015eartlar olu\u015fursa yeni anayasay\u0131 destekleriz&#8221; dedi. <\/p>\n","protected":false},"author":1,"featured_media":0,"comment_status":"open","ping_status":"closed","sticky":false,"template":"","format":"standard","meta":{"footnotes":""},"categories":[105],"tags":[],"class_list":["post-24798","post","type-post","status-publish","format-standard","hentry","category-gundem","odd"],"_links":{"self":[{"href":"http:\/\/www.korhanyilmaz.com\/index.php?rest_route=\/wp\/v2\/posts\/24798","targetHints":{"allow":["GET"]}}],"collection":[{"href":"http:\/\/www.korhanyilmaz.com\/index.php?rest_route=\/wp\/v2\/posts"}],"about":[{"href":"http:\/\/www.korhanyilmaz.com\/index.php?rest_route=\/wp\/v2\/types\/post"}],"author":[{"embeddable":true,"href":"http:\/\/www.korhanyilmaz.com\/index.php?rest_route=\/wp\/v2\/users\/1"}],"replies":[{"embeddable":true,"href":"http:\/\/www.korhanyilmaz.com\/index.php?rest_route=%2Fwp%2Fv2%2Fcomments&post=24798"}],"version-history":[{"count":0,"href":"http:\/\/www.korhanyilmaz.com\/index.php?rest_route=\/wp\/v2\/posts\/24798\/revisions"}],"wp:attachment":[{"href":"http:\/\/www.korhanyilmaz.com\/index.php?rest_route=%2Fwp%2Fv2%2Fmedia&parent=24798"}],"wp:term":[{"taxonomy":"category","embeddable":true,"href":"http:\/\/www.korhanyilmaz.com\/index.php?rest_route=%2Fwp%2Fv2%2Fcategories&post=24798"},{"taxonomy":"post_tag","embeddable":true,"href":"http:\/\/www.korhanyilmaz.com\/index.php?rest_route=%2Fwp%2Fv2%2Ftags&post=24798"}],"curies":[{"name":"wp","href":"https:\/\/api.w.org\/{rel}","templated":true}]}}