{"id":24794,"date":"2010-08-18T18:17:30","date_gmt":"2010-08-18T15:17:30","guid":{"rendered":"http:\/\/www.korhanyilmaz.com\/?p=24794"},"modified":"2010-08-18T18:17:30","modified_gmt":"2010-08-18T15:17:30","slug":"osman-kacmaz-cok-acik-konustu","status":"publish","type":"post","link":"http:\/\/www.korhanyilmaz.com\/?p=24794","title":{"rendered":"Osman Ka\u00e7maz \u00e7ok a\u00e7\u0131k konu\u015ftu"},"content":{"rendered":"<p style=\"text-align: center;\"><a href=\"http:\/\/www.korhanyilmaz.com\/wp-content\/uploads\/2010\/08\/082.jpg\"  class=\"lightview\"><img loading=\"lazy\" decoding=\"async\" class=\"aligncenter size-full wp-image-24795\" src=\"http:\/\/www.korhanyilmaz.com\/wp-content\/uploads\/2010\/08\/082.jpg\" alt=\"\" width=\"348\" height=\"267\" \/><\/a><\/p>\n<p style=\"text-align: justify;\">Hakimler ve Savc\u0131lar Y\u00fcksek Kurulu&#8217;nda kararname krizi ya\u015fan\u0131rken, Sincan 1. A\u011f\u0131r Ceza Mahkemesi Ba\u015fkan\u0131 Osman Ka\u00e7maz&#8217;\u0131n yapt\u0131\u011f\u0131 bir a\u00e7\u0131klama g\u00fcndeme bomba gibi d\u00fc\u015ft\u00fc. &#8220;Kay\u0131p Trilyon  davas\u0131nda Cumhurba\u015fkan\u0131 yarg\u0131lans\u0131n&#8221; dedikten sonra ba\u015f\u0131na gelmedik kalmayan Ka\u00e7maz &#8220;Cumhurba\u015fkan\u0131n\u0131 bile yarg\u0131lama c\u00fcreti g\u00f6steriyorlar&#8221; diyen Ba\u015fbakan&#8217;a yan\u0131t verdi ve Erdo\u011fan&#8217;\u0131 Padi\u015fah gibi davranmakla su\u00e7lad\u0131. <!--more--><\/p>\n<p style=\"text-align: justify;\">Hakimler ve Savc\u0131lar Y\u00fcksek Kurulu&#8217;nda 5 dakika kald\u0131ktan sonra \u00e7\u0131k\u0131\u015fta a\u00e7\u0131klama yapan Ka\u00e7maz, HSYK&#8217;da ya\u015fanan krizin kendisi y\u00fcz\u00fcnden \u00e7\u0131kt\u0131\u011f\u0131 y\u00f6n\u00fcnde haberlerin oldu\u011funu, bu sebeple Adalet Bakan\u0131 Sadullah Ergin ile g\u00f6r\u00fc\u015fmeye geldi\u011fini s\u00f6yledi.<\/p>\n<p style=\"text-align: justify;\">Bakan&#8217;\u0131n kurulda olmad\u0131\u011f\u0131ndan dolay\u0131 g\u00f6r\u00fc\u015femedi\u011fini s\u00f6yleyen Ka\u00e7maz, bir gazetecinin Ba\u015fbakan Erdo\u011fan&#8217;\u0131n d\u00fcn yapt\u0131\u011f\u0131 konu\u015fmada, &#8220;Bu \u00fclkede Ba\u015fbakan ve Cumhurba\u015fkan\u0131 hakk\u0131nda dava a\u00e7ma c\u00fcretini g\u00f6sterildi&#8221; \u015feklindeki s\u00f6zlerinin hat\u0131rlat\u0131lmas\u0131 \u00fczerine BDP&#8217;li Baydemir&#8217;in daha \u00f6nce bas\u0131na yans\u0131yan s\u00f6zlerine at\u0131fta bulunarak, bunlar\u0131n c\u00fcret oldu\u011funu s\u00f6yledi.<\/p>\n<p style=\"text-align: justify;\">Ka\u00e7maz, &#8220;Ben hi\u00e7bir zaman T\u00fcrkiye Cumhuriyeti h\u00fck\u00fcmetine git demedim. \u0130kinci bayrak tart\u0131\u015fmas\u0131n\u0131 hi\u00e7 a\u00e7mad\u0131m. C\u00fcret bunlard\u0131r. E\u011fer biri c\u00fcret etmi\u015fse bunlara kar\u015f\u0131 m\u00fccadele etsin, yarg\u0131ya kar\u015f\u0131 de\u011fil. Ben yarg\u0131\u00e7 olarak karar\u0131 veririm, \u00fcst mahkemeye gider onan\u0131r, bozulur. Herkes att\u0131\u011f\u0131 imzadan sorumludur&#8221; dedi.<\/p>\n<p style=\"text-align: justify;\">Ba\u015fbakan Erdo\u011fan&#8217;\u0131n &#8216;<strong>padi\u015fah<\/strong>&#8216; gibi oldu\u011funu s\u00f6yleyen Ka\u00e7maz, &#8220;<strong>Bu Ba\u015fbakan padi\u015fah gibi ma\u015fallah. Yani eskiden padi\u015fahlar bile demokratt\u0131. Bizdensiniz, sizdensiniz. Yarg\u0131y\u0131 ikiye b\u00f6ld\u00fcler. Kimin sayesinde b\u00f6yle oldu<\/strong>&#8221; \u015feklinde konu\u015ftu.<\/p>\n<p style=\"text-align: justify;\"><span style=\"color: #888888;\">CNN T\u00dcRK<\/span><\/p>\n","protected":false},"excerpt":{"rendered":"<p style=\"text-align: center;\">\n<p style=\"text-align: justify;\">Hakimler ve Savc\u0131lar Y\u00fcksek Kurulu&#8217;nda kararname krizi ya\u015fan\u0131rken, Sincan 1. A\u011f\u0131r Ceza Mahkemesi Ba\u015fkan\u0131 Osman Ka\u00e7maz&#8217;\u0131n yapt\u0131\u011f\u0131 bir a\u00e7\u0131klama g\u00fcndeme bomba gibi d\u00fc\u015ft\u00fc. &#8220;Kay\u0131p Trilyon davas\u0131nda Cumhurba\u015fkan\u0131 yarg\u0131lans\u0131n&#8221; dedikten sonra ba\u015f\u0131na gelmedik kalmayan Ka\u00e7maz &#8220;Cumhurba\u015fkan\u0131n\u0131 bile yarg\u0131lama c\u00fcreti g\u00f6steriyorlar&#8221; diyen Ba\u015fbakan&#8217;a yan\u0131t verdi ve Erdo\u011fan&#8217;\u0131 Padi\u015fah gibi davranmakla su\u00e7lad\u0131. <\/p>\n","protected":false},"author":1,"featured_media":0,"comment_status":"open","ping_status":"closed","sticky":false,"template":"","format":"standard","meta":{"footnotes":""},"categories":[105],"tags":[],"class_list":["post-24794","post","type-post","status-publish","format-standard","hentry","category-gundem","odd"],"_links":{"self":[{"href":"http:\/\/www.korhanyilmaz.com\/index.php?rest_route=\/wp\/v2\/posts\/24794","targetHints":{"allow":["GET"]}}],"collection":[{"href":"http:\/\/www.korhanyilmaz.com\/index.php?rest_route=\/wp\/v2\/posts"}],"about":[{"href":"http:\/\/www.korhanyilmaz.com\/index.php?rest_route=\/wp\/v2\/types\/post"}],"author":[{"embeddable":true,"href":"http:\/\/www.korhanyilmaz.com\/index.php?rest_route=\/wp\/v2\/users\/1"}],"replies":[{"embeddable":true,"href":"http:\/\/www.korhanyilmaz.com\/index.php?rest_route=%2Fwp%2Fv2%2Fcomments&post=24794"}],"version-history":[{"count":0,"href":"http:\/\/www.korhanyilmaz.com\/index.php?rest_route=\/wp\/v2\/posts\/24794\/revisions"}],"wp:attachment":[{"href":"http:\/\/www.korhanyilmaz.com\/index.php?rest_route=%2Fwp%2Fv2%2Fmedia&parent=24794"}],"wp:term":[{"taxonomy":"category","embeddable":true,"href":"http:\/\/www.korhanyilmaz.com\/index.php?rest_route=%2Fwp%2Fv2%2Fcategories&post=24794"},{"taxonomy":"post_tag","embeddable":true,"href":"http:\/\/www.korhanyilmaz.com\/index.php?rest_route=%2Fwp%2Fv2%2Ftags&post=24794"}],"curies":[{"name":"wp","href":"https:\/\/api.w.org\/{rel}","templated":true}]}}