{"id":24791,"date":"2010-08-18T17:40:58","date_gmt":"2010-08-18T14:40:58","guid":{"rendered":"http:\/\/www.korhanyilmaz.com\/?p=24791"},"modified":"2010-08-18T17:40:58","modified_gmt":"2010-08-18T14:40:58","slug":"hsykda-atama-krizi-cozulemedi","status":"publish","type":"post","link":"http:\/\/www.korhanyilmaz.com\/?p=24791","title":{"rendered":"HSYK ile Adalet Bakan\u0131 restle\u015fti"},"content":{"rendered":"<p style=\"text-align: center;\"><a href=\"http:\/\/www.korhanyilmaz.com\/wp-content\/uploads\/2010\/08\/083.jpeg\"  class=\"lightview\"><img loading=\"lazy\" decoding=\"async\" class=\"aligncenter size-full wp-image-24799\" src=\"http:\/\/www.korhanyilmaz.com\/wp-content\/uploads\/2010\/08\/083.jpeg\" alt=\"\" width=\"346\" height=\"266\" \/><\/a><\/p>\n<p style=\"text-align: justify;\">Adalet Bakanl\u0131\u011f\u0131 2010 Yaz Kararnamesi taslaklar\u0131n\u0131n karara ba\u011flanmayan b\u00f6l\u00fcmlerinin geri \u00e7ekildi\u011fini bildirdi. Bakanl\u0131k, &#8220;HSYK&#8217;daki \u00f6neriler g\u00f6r\u00fc\u015f\u00fclen davalara do\u011frudan m\u00fcdahale sonucunu do\u011furur&#8221; dedi. HSYK da, &#8220;Adalet Bakan\u0131&#8217;n\u0131n kararname tasla\u011f\u0131n\u0131 \u00e7ekme yetkisi yok&#8221; a\u00e7\u0131klamas\u0131n\u0131 yapt\u0131.<!--more--><\/p>\n<p style=\"text-align: justify;\">HSYK, &#8220;Kriz Adalet Bakanl\u0131\u011f\u0131 kaynakl\u0131. Kurul&#8217;u \u00e7al\u0131\u015famaz hale getirme ama\u00e7l\u0131&#8221; dedi.<\/p>\n<p style=\"text-align: justify;\">HSYK Ba\u015fkanvekili Kadir \u00d6zbek, Hi\u00e7 bir HSYK \u00fcyesinin devam eden davalara m\u00fcdahalesi s\u00f6zkonusu olamaz&#8221; diye konu\u015ftu.<\/p>\n<p style=\"text-align: justify;\">\u00d6zbek, kurul \u00e7al\u0131\u015fmalar\u0131 HSYK&#8217;ya giri\u015finde gazetecilerin sorular\u0131n\u0131 yan\u0131tlam\u0131\u015f ve kararname \u00e7al\u0131\u015fmas\u0131nda \u00f6nemli s\u0131k\u0131nt\u0131lar\u0131 oldu\u011funu ve bu s\u0131k\u0131nt\u0131lar\u0131 a\u015fmaya \u00e7al\u0131\u015ft\u0131klar\u0131n\u0131 kaydetmi\u015fti.<\/p>\n<p style=\"text-align: justify;\">Adli yarg\u0131, unvanl\u0131 mahkeme ba\u015fkan\u0131 ve ba\u015fsavc\u0131lar\u0131n atamalar\u0131na ili\u015fkin, Adalet Bakanl\u0131\u011f\u0131n\u0131n kurula g\u00f6nderdi\u011fi kararname tasla\u011f\u0131 \u00fczerindeki \u00e7al\u0131\u015fmalar\u0131n devam etti\u011fini belirten \u00d6zbek, &#8220;Kurul \u00e7al\u0131\u015fmalar\u0131nda \u00f6nemli s\u0131k\u0131nt\u0131lar\u0131m\u0131z var a\u015fmaya \u00e7al\u0131\u015f\u0131yoruz&#8221; dedi.<\/p>\n<p style=\"text-align: justify;\"><strong>Bakanl\u0131k a\u00e7\u0131klamas\u0131 <\/strong><\/p>\n<p style=\"text-align: justify;\">Adalet Bakanl\u0131\u011f\u0131ndan yap\u0131lan a\u00e7\u0131klamada, 2010 Yaz Kararnamesi taslaklar\u0131n\u0131n karara ba\u011flanmayan b\u00f6l\u00fcmlerinin geri \u00e7ekildi\u011fi bildirildi.<\/p>\n<p style=\"text-align: justify;\">Bakanl\u0131ktan yap\u0131lan yaz\u0131l\u0131 a\u00e7\u0131klamada, 6 Temmuzda Hakimler ve Savc\u0131lar Y\u00fcksek Kurulu&#8217;na (HSYK) sunulan 2010 y\u0131l\u0131 yaz kararnamesi g\u00f6r\u00fc\u015fmelerinin b\u00fcy\u00fck \u00f6l\u00e7\u00fcde tamamland\u0131\u011f\u0131 belirtilerek, bin 271 hakim ve Cumhuriyet savc\u0131s\u0131n\u0131 kapsayan kararnamenin 16 A\u011fustosta a\u00e7\u0131kland\u0131\u011f\u0131 hat\u0131rlat\u0131ld\u0131.<\/p>\n<p style=\"text-align: justify;\">A\u00e7\u0131klamada, ana taslaktan kalan 67 hakim ve savc\u0131 ile unvanl\u0131lar tasla\u011f\u0131ndaki 79 hakim ve savc\u0131n\u0131n durumlar\u0131n\u0131n g\u00f6r\u00fc\u015f\u00fclmesi s\u00fcrerken, HSYK \u00fcyelerince, 84 ki\u015finin isimleri g\u00f6r\u00fc\u015f\u00fclmeyi bekleyen kararnameye eklenmek \u00fczere, 140 ki\u015finin isimleri ise durumlar\u0131 de\u011ferlendirilerek gerekirse kararnameye eklenmek \u00fczere teklif edildi\u011fi belirtildi.<\/p>\n<p style=\"text-align: justify;\">Bu teklifler i\u00e7erisinde ba\u015fta \u0130stanbul, Erzurum ve Diyarbak\u0131r olmak \u00fczere \u00f6zel yetkili (CMK 250) mahkemeler ve savc\u0131l\u0131klar\u0131n yap\u0131s\u0131n\u0131 tamamen de\u011fi\u015ftirmeye d\u00f6n\u00fck \u00f6nerilerin de bulundu\u011fu ifade edilen a\u00e7\u0131klamada, \u015funlar kaydedildi:<\/p>\n<p style=\"text-align: justify;\">&#8220;Bu \u00f6nerilerin g\u00f6r\u00fclmekte olan davalar ile y\u00fcr\u00fcyen soru\u015fturmalara do\u011frudan m\u00fcdahale etme sonucunu do\u011furaca\u011f\u0131 a\u00e7\u0131kt\u0131r. Ayr\u0131ca, s\u00f6z konusu \u00f6nerilerin de\u011ferlendirilmesi ve kararnameye dahil edilmeleri halinde bunlar\u0131n bo\u015faltt\u0131klar\u0131 yerlere de yeni atamalar\u0131n yap\u0131lmas\u0131 gerekecek ve bu \u015fekilde \u00e7ok say\u0131da hakim ve savc\u0131y\u0131 ilgilendiren yeni bir d\u00fczenleme yap\u0131lmas\u0131 ihtiyac\u0131 do\u011facakt\u0131r. Bu da ancak yeni bir taslak \u00e7al\u0131\u015fmas\u0131yla m\u00fcmk\u00fcn olabilecektir.<\/p>\n<p style=\"text-align: justify;\">Kanun, Y\u00f6netmelik ve Prensip Kararlar\u0131 \u00e7er\u00e7evesinde t\u00fcm bu \u00f6nerileri de\u011ferlendirmek, yarg\u0131 ba\u011f\u0131ms\u0131zl\u0131\u011f\u0131 ve tabii hakim ilkesini ihlal etmeyecek \u015fekilde haz\u0131rlanacak yeni \u00e7al\u0131\u015fmay\u0131 Kurulun \u00f6n\u00fcne getirmek \u00fczere kararname taslaklar\u0131n\u0131n karara ba\u011flanmayan b\u00f6l\u00fcmleri geri \u00e7ekilmi\u015ftir.&#8221;<\/p>\n<p style=\"text-align: justify;\"><span style=\"color: #888888;\">CNN T\u00dcRK<\/span><\/p>\n","protected":false},"excerpt":{"rendered":"<p style=\"text-align: center;\">\n<p style=\"text-align: justify;\">Adalet Bakanl\u0131\u011f\u0131 2010 Yaz Kararnamesi taslaklar\u0131n\u0131n karara ba\u011flanmayan b\u00f6l\u00fcmlerinin geri \u00e7ekildi\u011fini bildirdi. Bakanl\u0131k, &#8220;HSYK&#8217;daki \u00f6neriler g\u00f6r\u00fc\u015f\u00fclen davalara do\u011frudan m\u00fcdahale sonucunu do\u011furur&#8221; dedi. HSYK da, &#8220;Adalet Bakan\u0131&#8217;n\u0131n kararname tasla\u011f\u0131n\u0131 \u00e7ekme yetkisi yok&#8221; a\u00e7\u0131klamas\u0131n\u0131 yapt\u0131.<\/p>\n","protected":false},"author":1,"featured_media":0,"comment_status":"open","ping_status":"closed","sticky":false,"template":"","format":"standard","meta":{"footnotes":""},"categories":[105],"tags":[],"class_list":["post-24791","post","type-post","status-publish","format-standard","hentry","category-gundem","odd"],"_links":{"self":[{"href":"http:\/\/www.korhanyilmaz.com\/index.php?rest_route=\/wp\/v2\/posts\/24791","targetHints":{"allow":["GET"]}}],"collection":[{"href":"http:\/\/www.korhanyilmaz.com\/index.php?rest_route=\/wp\/v2\/posts"}],"about":[{"href":"http:\/\/www.korhanyilmaz.com\/index.php?rest_route=\/wp\/v2\/types\/post"}],"author":[{"embeddable":true,"href":"http:\/\/www.korhanyilmaz.com\/index.php?rest_route=\/wp\/v2\/users\/1"}],"replies":[{"embeddable":true,"href":"http:\/\/www.korhanyilmaz.com\/index.php?rest_route=%2Fwp%2Fv2%2Fcomments&post=24791"}],"version-history":[{"count":0,"href":"http:\/\/www.korhanyilmaz.com\/index.php?rest_route=\/wp\/v2\/posts\/24791\/revisions"}],"wp:attachment":[{"href":"http:\/\/www.korhanyilmaz.com\/index.php?rest_route=%2Fwp%2Fv2%2Fmedia&parent=24791"}],"wp:term":[{"taxonomy":"category","embeddable":true,"href":"http:\/\/www.korhanyilmaz.com\/index.php?rest_route=%2Fwp%2Fv2%2Fcategories&post=24791"},{"taxonomy":"post_tag","embeddable":true,"href":"http:\/\/www.korhanyilmaz.com\/index.php?rest_route=%2Fwp%2Fv2%2Ftags&post=24791"}],"curies":[{"name":"wp","href":"https:\/\/api.w.org\/{rel}","templated":true}]}}