{"id":24777,"date":"2010-08-18T15:52:57","date_gmt":"2010-08-18T12:52:57","guid":{"rendered":"http:\/\/www.korhanyilmaz.com\/?p=24777"},"modified":"2010-08-18T15:52:57","modified_gmt":"2010-08-18T12:52:57","slug":"erdogandan-tusiada-bizimle-oynayamazsiniz","status":"publish","type":"post","link":"http:\/\/www.korhanyilmaz.com\/?p=24777","title":{"rendered":"Erdo\u011fan&#8217;dan T\u00dcS\u0130AD&#8217;a: &#8220;Bizimle oynayamazs\u0131n\u0131z&#8221;"},"content":{"rendered":"<p><a href=\"http:\/\/www.korhanyilmaz.com\/wp-content\/uploads\/2010\/08\/080.jpeg\"  class=\"lightview\"><img loading=\"lazy\" decoding=\"async\" class=\"aligncenter size-full wp-image-24778\" src=\"http:\/\/www.korhanyilmaz.com\/wp-content\/uploads\/2010\/08\/080.jpeg\" alt=\"\" width=\"292\" height=\"224\" \/><\/a><\/p>\n<p style=\"text-align: justify;\">H\u00fck\u00fcmet ve T\u00dcS\u0130AD referandum nedeniyle kar\u015f\u0131 kar\u015f\u0131ya geldi. Ba\u015fbakan Recep Tayyip Erdo\u011fan, T\u00dcS\u0130AD&#8217;\u0131 oyunun rengini a\u00e7\u0131klamaya \u00e7a\u011f\u0131rd\u0131, &#8220;Bitaraf olan bertaraf olur ifadesini&#8221; kulland\u0131. T\u00dcS\u0130AD bu s\u00f6zlere &#8220;talihsiz bir a\u00e7\u0131klama&#8221; diye cevap verdi. Ba\u015fbakan d\u00fcn ak\u015fam iftarda T\u00dcS\u0130AD&#8217;\u0131 daha sert ifadelerle ele\u015ftirdi, &#8220;Bu \u00fclkeyi sermayenin hegemonyas\u0131na terketmeyiz, bu iktidarla kedi k\u00f6pekle oynar gibi oynayamazs\u0131n\u0131z&#8221; dedi.<!--more--><\/p>\n<p style=\"text-align: justify;\">Erdo\u011fan, \u0130stanbul Dostluk Grubu Derne\u011fi&#8217;nce S\u00fctl\u00fcce&#8217;deki Hali\u00e7 Kongre Merkezi&#8217;nde verilen iftar yeme\u011finde yapt\u0131\u011f\u0131 konu\u015fmada, Anayasa de\u011fi\u015fikli\u011fi  paketi i\u00e7in parlamento i\u00e7i, parlamento d\u0131\u015f\u0131 b\u00fct\u00fcn partileri ziyaret ettiklerin, ancak anamuhalefet ve muhalefetin hemen &#8216;ret&#8217; cevab\u0131 verdiklerini s\u00f6yledi.<\/p>\n<p style=\"text-align: justify;\">Bu paketin i\u00e7inde daha \u00f6nce yap\u0131lm\u0131\u015f Anayasa haz\u0131rl\u0131klar\u0131 bulundu\u011funu i\u015faret eden Erdo\u011fan, \u015funlar\u0131 s\u00f6yledi:<\/p>\n<p style=\"text-align: justify;\">&#8220;Yapt\u0131\u011f\u0131m\u0131z bu haz\u0131rl\u0131k i\u00e7in &#8216;gereklidir&#8217; denildi\u011fi halde, bu Anayasa de\u011fi\u015fikli\u011finin yap\u0131lmas\u0131 i\u00e7in &#8216;evet&#8217; diyenler, gazetelere tam sayfa ilan verenler, bunun i\u00e7inde \u00e7e\u015fitli odalar&#8230; A\u00e7\u0131k konu\u015fuyorum, \u00e7\u00fcnk\u00fc ben b\u00f6yle gizli ajanda ta\u015f\u0131mam yan\u0131mda, benim ajandalar\u0131m a\u00e7\u0131k, T\u00fcrkiye Odalar ve Borsalar<\/p>\n<p style=\"text-align: justify;\">Birli\u011fi&#8217;nin, T\u00dcS\u0130AD&#8217;\u0131n, T\u00fcrk-\u0130\u015f&#8217;in, KESK&#8217;in, Kamu-Sen&#8217;in, Hak-\u0130\u015f&#8217;in, Memur-Sen&#8217;in b\u00fct\u00fcn 11-12 tane sendikan\u0131n alt\u0131nda imzas\u0131 olan Anayasa de\u011fi\u015fikli\u011fine y\u00f6nelik &#8216;evet&#8217; kampanyas\u0131 vard\u0131. Orada &#8216;evet&#8217; dediler, orada irade beyan\u0131nda bulundular.<\/p>\n<p style=\"text-align: justify;\">Ben de bug\u00fcn konu\u015fmamda dedim ki &#8216;Bak\u0131n burada da tavr\u0131n\u0131z\u0131 ortaya koyun, hay\u0131rsa &#8216;hay\u0131r&#8217; deyin, evetse &#8216;evet&#8217; deyin. \u00c7\u00fcnk\u00fc bitaraf olan bertaraf olur&#8217;. T\u00dcS\u0130AD hemen a\u00e7\u0131klama yapm\u0131\u015f. &#8216;Bizden kimse irade beyan\u0131 isteyemez&#8217; demi\u015f. Peki 2000-2001&#8217;deki irade beyan\u0131n\u0131 nas\u0131l yapt\u0131n? Bu \u00fclkeyi biz sermayenin hegemonyas\u0131na terk etmeyece\u011fiz. Bunu bir defa a\u00e7\u0131k\u00e7a ortaya koymak gerekiyor. Yani ge\u00e7mi\u015fte siz iktidarlarla b\u00f6yle k\u00f6\u015feye s\u0131k\u0131\u015ft\u0131r\u0131p kedi k\u00f6pekle oynar gibi oynayabilirdiniz. Ama bu iktidarla oynayamazs\u0131n\u0131z. Bir \u015fey hay\u0131rsa &#8216;hay\u0131r&#8217; dersin, evetse &#8216;evet&#8217; dersin. Kar\u015f\u0131m\u0131za gelip farkl\u0131, kap\u0131dan \u00e7\u0131kt\u0131ktan sonra farkl\u0131 diyor. Biz bu t\u00fcr \u015feylere pek al\u0131\u015f\u0131k de\u011filiz.&#8221;<\/p>\n<p style=\"text-align: justify;\"><strong>&#8220;Kafa buland\u0131rmaya hi\u00e7 gerek yok&#8221; <\/strong><\/p>\n<p style=\"text-align: justify;\">Ba\u015fbakan Erdo\u011fan, 12 Eyl\u00fcl&#8217;de yap\u0131lacak referanduma &#8216;evet&#8217; deniyorsa kafa buland\u0131rmaya gerek olmad\u0131\u011f\u0131n\u0131 belirterek, &#8220;Burada elele verelim bu i\u015fi bitirelim. Zaten yapmam\u0131z gereken \u015fu, bak\u0131n biz bug\u00fcne kadar \u00e7ok y\u0131prand\u0131k. \u0130\u00e7eride \u00e7ok enerji kaybettik ve bu enerji kayb\u0131na art\u0131k bu \u00fclkede bu milletin tahamm\u00fcl\u00fc yok&#8221; diye konu\u015ftu.<\/p>\n<p style=\"text-align: justify;\">Bir sivil toplum \u00f6rg\u00fct\u00fcn\u00fcn, memurlarla ilgili m\u00fczakerelerde &#8220;\u015eu an toplu g\u00f6r\u00fc\u015fme yapmayal\u0131m, g\u00f6r\u00fc\u015fmeleri 12 Eyl\u00fclden sonra yapal\u0131m&#8221; dedi\u011fini kaydeden Erdo\u011fan, \u015f\u00f6yle devam etti:<\/p>\n<p style=\"text-align: justify;\">&#8220;\u00c7\u00fcnk\u00fc 12 Eyl\u00fclde nas\u0131l olsa toplu s\u00f6zle\u015fme olay\u0131 ger\u00e7ekle\u015fecek. O zaman bunu toplu s\u00f6zle\u015fme olarak yapar\u0131z. Tabii baz\u0131 ilanlarda vermi\u015fler. &#8216;Anayasa paketine hay\u0131r, toplu i\u015f s\u00f6zle\u015fmesine evet&#8217; diyor. Yani 12 Eyl\u00fcle biz \u015fu anda &#8216;evet&#8217; diyorsak kafa buland\u0131rmaya hi\u00e7 gerek yok. Arkada\u015flar kusura bakmay\u0131n ama buradaki bir \u00e7ok arkada\u015f\u0131n bilmediklerini biz biliyoruz. Ama biz bunlar\u0131 her yerde konu\u015famay\u0131z.<\/p>\n<p style=\"text-align: justify;\">B\u00f6yle bir durumun i\u00e7erisindeyiz. Burada ben bir Genel Ba\u015fkan olarak, \u00fclkemin Ba\u015fbakan\u0131 olarak hi\u00e7 bir yerde hi\u00e7 bir zaman kalk\u0131p, &#8216;bu bir g\u00fcven oylamas\u0131d\u0131r&#8217; ifadesini kullanmad\u0131m. Arkada\u015flar\u0131m\u0131zdan baz\u0131lar\u0131 kullanm\u0131\u015f olabilir. Kullanm\u0131\u015flarsa yanl\u0131\u015f yapm\u0131\u015flard\u0131r. Hi\u00e7 bir zaman bunu bir g\u00fcven oylamas\u0131na d\u00f6n\u00fc\u015ft\u00fcrmedi\u011fim gibi, \u00e7\u00fcnk\u00fc bu partinin Ba\u015fkan\u0131 bensem, Ba\u015fbakan\u0131 bensem burada da benim s\u00f6z\u00fcm ge\u00e7er. Bunun bir AK Parti projesi olmad\u0131\u011f\u0131n\u0131 defalarca meydanlarda s\u00f6yl\u00fcyorum. Ahmet&#8217;in, Mehmet&#8217;in, Tayyip&#8217;in projesi de\u011fil bunlar. Bu proje bir millet projesidir.&#8221;<\/p>\n<p style=\"text-align: justify;\"><span style=\"color: #888888;\">CNN T\u00dcRK<\/span><\/p>\n","protected":false},"excerpt":{"rendered":"<\/p>\n<p style=\"text-align: justify;\">H\u00fck\u00fcmet ve T\u00dcS\u0130AD referandum nedeniyle kar\u015f\u0131 kar\u015f\u0131ya geldi. Ba\u015fbakan Recep Tayyip Erdo\u011fan, T\u00dcS\u0130AD&#8217;\u0131 oyunun rengini a\u00e7\u0131klamaya \u00e7a\u011f\u0131rd\u0131, &#8220;Bitaraf olan bertaraf olur ifadesini&#8221; kulland\u0131. T\u00dcS\u0130AD bu s\u00f6zlere &#8220;talihsiz bir a\u00e7\u0131klama&#8221; diye cevap verdi. Ba\u015fbakan d\u00fcn ak\u015fam iftarda T\u00dcS\u0130AD&#8217;\u0131 daha sert ifadelerle ele\u015ftirdi, &#8220;Bu \u00fclkeyi sermayenin hegemonyas\u0131na terketmeyiz, bu iktidarla kedi k\u00f6pekle oynar gibi <\/p>\n","protected":false},"author":1,"featured_media":0,"comment_status":"open","ping_status":"closed","sticky":false,"template":"","format":"standard","meta":{"footnotes":""},"categories":[105],"tags":[],"class_list":["post-24777","post","type-post","status-publish","format-standard","hentry","category-gundem","odd"],"_links":{"self":[{"href":"http:\/\/www.korhanyilmaz.com\/index.php?rest_route=\/wp\/v2\/posts\/24777","targetHints":{"allow":["GET"]}}],"collection":[{"href":"http:\/\/www.korhanyilmaz.com\/index.php?rest_route=\/wp\/v2\/posts"}],"about":[{"href":"http:\/\/www.korhanyilmaz.com\/index.php?rest_route=\/wp\/v2\/types\/post"}],"author":[{"embeddable":true,"href":"http:\/\/www.korhanyilmaz.com\/index.php?rest_route=\/wp\/v2\/users\/1"}],"replies":[{"embeddable":true,"href":"http:\/\/www.korhanyilmaz.com\/index.php?rest_route=%2Fwp%2Fv2%2Fcomments&post=24777"}],"version-history":[{"count":0,"href":"http:\/\/www.korhanyilmaz.com\/index.php?rest_route=\/wp\/v2\/posts\/24777\/revisions"}],"wp:attachment":[{"href":"http:\/\/www.korhanyilmaz.com\/index.php?rest_route=%2Fwp%2Fv2%2Fmedia&parent=24777"}],"wp:term":[{"taxonomy":"category","embeddable":true,"href":"http:\/\/www.korhanyilmaz.com\/index.php?rest_route=%2Fwp%2Fv2%2Fcategories&post=24777"},{"taxonomy":"post_tag","embeddable":true,"href":"http:\/\/www.korhanyilmaz.com\/index.php?rest_route=%2Fwp%2Fv2%2Ftags&post=24777"}],"curies":[{"name":"wp","href":"https:\/\/api.w.org\/{rel}","templated":true}]}}