{"id":24762,"date":"2010-08-17T21:11:01","date_gmt":"2010-08-17T21:11:01","guid":{"rendered":"http:\/\/www.korhanyilmaz.com\/?p=24762"},"modified":"2010-08-17T21:11:01","modified_gmt":"2010-08-17T21:11:01","slug":"bdpden-referandum-icin-yeni-aciklama","status":"publish","type":"post","link":"http:\/\/www.korhanyilmaz.com\/?p=24762","title":{"rendered":"BDP&#8217;den referandum i\u00e7in yeni a\u00e7\u0131klama"},"content":{"rendered":"<p><a href=\"http:\/\/www.korhanyilmaz.com\/wp-content\/uploads\/2010\/08\/078.jpg\"  class=\"lightview\"><img loading=\"lazy\" decoding=\"async\" class=\"aligncenter size-full wp-image-24763\" src=\"http:\/\/www.korhanyilmaz.com\/wp-content\/uploads\/2010\/08\/078.jpg\" alt=\"\" width=\"292\" height=\"195\" \/><\/a><\/p>\n<p style=\"text-align: justify;\">Bar\u0131\u015f ve Demokrasi Partisi (BDP) Genel Ba\u015fkan\u0131 Selahattin Demirta\u015f, &#8220;Taleplerimiz kar\u015f\u0131lan\u0131rsa elbette biz bu anayasa de\u011fi\u015fikli\u011fini destekleriz. Boykot \u00e7al\u0131\u015fmas\u0131n\u0131 yeni Anayasa i\u00e7in yap\u0131yoruz&#8221; dedi. <!--more--><\/p>\n<p style=\"text-align: justify;\">Demirta\u015f, Kayap\u0131nar Belediyesince yapt\u0131r\u0131lan Eko Park\u0131&#8217;n\u0131n temel atma t\u00f6reninde yapt\u0131\u011f\u0131 konu\u015fmada, sivil toplum kurulu\u015flar\u0131 ve partilerinin \u00e7a\u011fr\u0131lar\u0131na cevap verilerek birka\u00e7 g\u00fcn \u00f6nce PKK&#8217;n\u0131n eylemsizlik karar\u0131n\u0131 a\u00e7\u0131klad\u0131\u011f\u0131n\u0131, bundan mutluluk ve sevin\u00e7 duyduklar\u0131n\u0131 belirtti.<\/p>\n<p style=\"text-align: justify;\">Sevin\u00e7lerinin yar\u0131m kalmamas\u0131 ve \u00e7at\u0131\u015fmazl\u0131k ortam\u0131n\u0131n fiilen ger\u00e7ekle\u015febilmesi i\u00e7in operasyonlar\u0131n durmas\u0131 gerekti\u011fini savunan Demirta\u015f, m\u00fcbarek ay vesilesiyle de olsa T\u00fcrkiye&#8217;nin \u00e7at\u0131\u015fmas\u0131z g\u00fcnler ve d\u00f6nemler ya\u015fayaca\u011f\u0131n\u0131 umut etti\u011fini kaydetti.<\/p>\n<p style=\"text-align: justify;\">Yapt\u0131klar\u0131 \u00e7a\u011fr\u0131n\u0131n 2 taraftan da kar\u015f\u0131l\u0131k bulmas\u0131 i\u00e7in siyasi \u00e7abalar\u0131n\u0131 s\u00fcrd\u00fcreceklerini bildiren Demirta\u015f, \u015f\u00f6yle dedi: &#8220;Sadece 20 Eyl\u00fcle kadar de\u011fildir bu \u00e7abam\u0131z. Sa\u011flanan ortam\u0131n s\u00fcresiz bir \u015fekilde devam etmesi ve \u00e7at\u0131\u015fmazl\u0131k ortam\u0131n\u0131n kal\u0131c\u0131 hale gelmesi, bunun siyasi bir \u00e7\u00f6z\u00fcme d\u00f6n\u00fc\u015fmesi i\u00e7in de BDP olarak \u00fczerimize d\u00fc\u015fen t\u00fcm sorumluluklar\u0131 yerine getirmeye haz\u0131r\u0131z. \u00c7\u00fcnk\u00fc bu \u00fclke ve topraklar haddinden fazla ac\u0131, g\u00f6zya\u015f\u0131 ve kanla tan\u0131\u015ft\u0131. Hakkari&#8217;den Edirne&#8217;ye kadar herkes &#8216;kan dursun&#8217; diye feryat ederken, h\u00fck\u00fcmetin buna sessiz kalmas\u0131 m\u00fcmk\u00fcn de\u011fildir. Ne referanduma ne de se\u00e7ime kurban edilemeyecek kadar de\u011ferlidir bar\u0131\u015f.<\/p>\n<p style=\"text-align: justify;\">AKP ve Ba\u015fbakan&#8217;a seslenmek istiyorum; yakalanan bu \u00f6nemli f\u0131rsat\u0131 ka\u00e7\u0131rmayal\u0131m. Bu s\u00fcrecin kal\u0131c\u0131 bar\u0131\u015fa d\u00f6n\u00fc\u015fmesi ger\u00e7ek bir demokratik \u00e7\u00f6z\u00fcm\u00fcn ger\u00e7ekle\u015fmesi i\u00e7in \u00fczerimize d\u00fc\u015fen ne varsa yapmaya haz\u0131r\u0131z. Yeter ki bu s\u00fcreci heba etmelim. Ortam\u0131n yarat\u0131lmas\u0131nda eme\u011fi ge\u00e7enlere te\u015fekk\u00fcr ediyoruz. Bu ortam\u0131n kal\u0131c\u0131 hale gelmesi i\u00e7in h\u00fck\u00fcmetin elini ta\u015f\u0131n alt\u0131na koymas\u0131n\u0131 bekliyoruz.<\/p>\n<p style=\"text-align: justify;\">B\u00f6ylesi d\u00f6nemlerde at\u0131lacak ad\u0131mlar tarihe yaz\u0131labilir. Tersi durum da tarihe yaz\u0131l\u0131r ama sorumluluk h\u00fck\u00fcmete kal\u0131r. Bu nedenle gelin g\u00f6z\u00fc ya\u015fl\u0131, y\u00fcre\u011fi yan\u0131k analar\u0131m\u0131z\u0131n hat\u0131r\u0131 i\u00e7in \u00fclkeye bar\u0131\u015f\u0131 getirmek ad\u0131na el ele verelim. Referandum ve se\u00e7imde siyasi kayg\u0131lardan dolay\u0131 el ele veremeyebiliriz ama bar\u0131\u015f i\u00e7in buna de\u011fer. Bar\u0131\u015f i\u00e7in siyasi ve oy kayg\u0131lar\u0131 bir kenara b\u0131rakmaya de\u011fer. Biz b\u00f6yle bir noktaday\u0131z. T\u00fcrkiye toplumu art\u0131k bar\u0131\u015f \u00f6zlemiyle yanarken bu f\u0131rsat\u0131 de\u011ferlendirmek siyasi cesaret gerektirir.&#8221;<\/p>\n<p style=\"text-align: justify;\"><strong>Boykot karar\u0131 <\/strong><\/p>\n<p style=\"text-align: justify;\">Demirta\u015f, boykot karar\u0131n\u0131 al\u0131rken bu tav\u0131rlar\u0131n\u0131 ate\u015fkes ile gerek\u00e7elendirmediklerini, boykot tavr\u0131n\u0131n siyasi bir talep i\u00e7eren tav\u0131r oldu\u011funu savunarak, &#8220;PKK&#8217;n\u0131n a\u00e7\u0131klad\u0131\u011f\u0131 eylemsizlik karar\u0131n\u0131n, BDP&#8217;nin boykot karar\u0131ndan vazge\u00e7mesi \u015feklinde yorumlanmas\u0131n\u0131 do\u011fru bulmad\u0131klar\u0131n\u0131&#8221; s\u00f6yledi.<\/p>\n<p style=\"text-align: justify;\">Boykot kararlar\u0131n\u0131n evet ya da hay\u0131rdan daha fazla siyasi bir talep i\u00e7erdi\u011fini \u00f6ne s\u00fcren Demirta\u015f, siyasi taleplerine kar\u015f\u0131 bug\u00fcne kadar en k\u00fc\u00e7\u00fck bir yan\u0131t almad\u0131klar\u0131n\u0131 bildirdi.<\/p>\n<p style=\"text-align: justify;\">Demirta\u015f, \u015f\u00f6yle konu\u015ftu: &#8220;Boykot tavr\u0131m\u0131z\u0131 tart\u0131\u015fmaya a\u00e7acak hi\u00e7bir gerek\u00e7e yoktur. Biz yeni bir anayasa istiyoruz. B\u00fct\u00fcn toplumun tamam\u0131n\u0131n herkesin kendini bulaca\u011f\u0131 yeni bir anayasa, se\u00e7im baraj\u0131n\u0131n d\u00fc\u015f\u00fcr\u00fclmesini, TMK&#8217;nin demokratikle\u015ftirilmesini istiyoruz. Meydanlarda villa tart\u0131\u015fmas\u0131 y\u00fcr\u00fcten seviyesiz tart\u0131\u015fma y\u00fcr\u00fcten siyasilerden daha demokratik bir c\u00fcmle duymad\u0131k. Villa, soy, boy tart\u0131\u015fmas\u0131yla T\u00fcrkiye&#8217;nin sorunlar\u0131yla alay etmektir. Bu \u015fekilde T\u00fcrkiye toplumuyla alay eden Ba\u015fbakan ve anamuhalefet liderine kar\u015f\u0131l\u0131k boykot karar\u0131m\u0131z\u0131n ne kadar hakl\u0131 oldu\u011funu g\u00f6steriyor.<\/p>\n<p style=\"text-align: justify;\">T\u00fcrkiye bar\u0131\u015f \u00f6zlemi i\u00e7erisinde K\u00fcrt sorununun \u00e7\u00f6z\u00fclmesini bekliyor. Beyefendiler soy, boy ve villa tart\u0131\u015fmas\u0131nda&#8230; B\u00f6ylesi bir rezalet kar\u015f\u0131s\u0131nda bizim yeni anayasa talebimiz per\u00e7inlenmi\u015ftir. Ba\u015fbakan ve anamuhalefet lideri ikisi de uzaydan gelmi\u015f gibi \u00fclkenin hi\u00e7bir siyasi problemine dokunmadan birbirleriyle pasla\u015farak \u00fclkenin g\u00fcndemini sapt\u0131rarak kamuoyunu oyal\u0131yorlar. BDP&#8217;nin \u00fczerinde yarat\u0131lan bas\u0131n\u00e7, AKP&#8217;nin \u00fczerinde yarat\u0131lmas\u0131 daha yararl\u0131 olur.&#8221;<\/p>\n<p style=\"text-align: justify;\">Selahattin Demirta\u015f, \u00f6n\u00fcm\u00fczdeki hafta 30 miting yapacaklar\u0131n\u0131, halka boykot karar\u0131n\u0131 anlatacaklar\u0131n\u0131 bildirdi.<\/p>\n<p style=\"text-align: justify;\">Gazetecilerin boykotla ilgili sorusu \u00fczerine Demirta\u015f, boykotla ilgili son g\u00fcne kadar tart\u0131\u015facaklar\u0131n\u0131, beklentilerinin h\u00fck\u00fcmetten oldu\u011funu kaydederek, &#8220;H\u00fck\u00fcmet bu konuda ger\u00e7ek bir a\u00e7\u0131l\u0131m yapmak istiyorsa Meclis&#8217;i acil bir \u015fekilde toplayabilir, se\u00e7im baraj\u0131n\u0131 d\u00fc\u015f\u00fcrebilir. Bunlar T\u00fcrkiye&#8217;nin demokrasini g\u00fc\u00e7lendirir. Taleplerimiz kar\u015f\u0131lan\u0131rsa elbette biz bu anayasa de\u011fi\u015fikli\u011fini destekleriz. Boykot \u00e7al\u0131\u015fmas\u0131n\u0131 yeni anayasa i\u00e7in yap\u0131yoruz&#8217; diye konu\u015ftu.<\/p>\n<p style=\"text-align: justify;\"><span style=\"color: #888888;\">CNN T\u00dcRK<\/span><\/p>\n","protected":false},"excerpt":{"rendered":"<\/p>\n<p style=\"text-align: justify;\">Bar\u0131\u015f ve Demokrasi Partisi (BDP) Genel Ba\u015fkan\u0131 Selahattin Demirta\u015f, &#8220;Taleplerimiz kar\u015f\u0131lan\u0131rsa elbette biz bu anayasa de\u011fi\u015fikli\u011fini destekleriz. Boykot \u00e7al\u0131\u015fmas\u0131n\u0131 yeni Anayasa i\u00e7in yap\u0131yoruz&#8221; dedi. <\/p>\n","protected":false},"author":1,"featured_media":0,"comment_status":"open","ping_status":"closed","sticky":false,"template":"","format":"standard","meta":{"footnotes":""},"categories":[105],"tags":[],"class_list":["post-24762","post","type-post","status-publish","format-standard","hentry","category-gundem","odd"],"_links":{"self":[{"href":"http:\/\/www.korhanyilmaz.com\/index.php?rest_route=\/wp\/v2\/posts\/24762","targetHints":{"allow":["GET"]}}],"collection":[{"href":"http:\/\/www.korhanyilmaz.com\/index.php?rest_route=\/wp\/v2\/posts"}],"about":[{"href":"http:\/\/www.korhanyilmaz.com\/index.php?rest_route=\/wp\/v2\/types\/post"}],"author":[{"embeddable":true,"href":"http:\/\/www.korhanyilmaz.com\/index.php?rest_route=\/wp\/v2\/users\/1"}],"replies":[{"embeddable":true,"href":"http:\/\/www.korhanyilmaz.com\/index.php?rest_route=%2Fwp%2Fv2%2Fcomments&post=24762"}],"version-history":[{"count":0,"href":"http:\/\/www.korhanyilmaz.com\/index.php?rest_route=\/wp\/v2\/posts\/24762\/revisions"}],"wp:attachment":[{"href":"http:\/\/www.korhanyilmaz.com\/index.php?rest_route=%2Fwp%2Fv2%2Fmedia&parent=24762"}],"wp:term":[{"taxonomy":"category","embeddable":true,"href":"http:\/\/www.korhanyilmaz.com\/index.php?rest_route=%2Fwp%2Fv2%2Fcategories&post=24762"},{"taxonomy":"post_tag","embeddable":true,"href":"http:\/\/www.korhanyilmaz.com\/index.php?rest_route=%2Fwp%2Fv2%2Ftags&post=24762"}],"curies":[{"name":"wp","href":"https:\/\/api.w.org\/{rel}","templated":true}]}}