{"id":24757,"date":"2010-08-18T00:04:45","date_gmt":"2010-08-18T00:04:45","guid":{"rendered":"http:\/\/www.korhanyilmaz.com\/?p=24757"},"modified":"2010-08-18T00:04:45","modified_gmt":"2010-08-18T00:04:45","slug":"israildeki-turk-elciliginde-olayli-gun","status":"publish","type":"post","link":"http:\/\/www.korhanyilmaz.com\/?p=24757","title":{"rendered":"\u0130srail&#8217;deki T\u00fcrk el\u00e7ili\u011finde olayl\u0131 g\u00fcn"},"content":{"rendered":"<p style=\"text-align: center;\"><a href=\"http:\/\/www.korhanyilmaz.com\/wp-content\/uploads\/2010\/08\/076.jpg\"  class=\"lightview\"><img loading=\"lazy\" decoding=\"async\" class=\"aligncenter size-full wp-image-24758\" src=\"http:\/\/www.korhanyilmaz.com\/wp-content\/uploads\/2010\/08\/076.jpg\" alt=\"\" width=\"307\" height=\"236\" \/><\/a><\/p>\n<p style=\"text-align: justify;\">T\u00fcrkiye&#8217;nin \u0130srail  B\u00fcy\u00fckel\u00e7ili\u011fi&#8217;nde olayl\u0131 g\u00fcn&#8230; \u0130ltica ba\u015fvurusu gerek\u00e7esiyle b\u00fcy\u00fckel\u00e7ili\u011fe giden bir Filistinli, Muavin Konsolosu rehin almaya \u00e7al\u0131\u015f\u0131nca etkisiz hale getirildi.<\/p>\n<p style=\"text-align: justify;\">AA muhabirinin el\u00e7ilik kaynaklar\u0131ndan edindi\u011fi bilgiye g\u00f6re, B\u00fcy\u00fckel\u00e7ili\u011fe gelen bir Filistinli, bir el\u00e7ilik \u00e7al\u0131\u015fan\u0131n\u0131 rehin almaya \u00e7al\u0131\u015ft\u0131. <!--more--><\/p>\n<p style=\"text-align: justify;\">Ancak bu ki\u015fi, B\u00fcy\u00fckel\u00e7ili\u011fin g\u00fcvenlik g\u00f6revlilerince etkisiz hale getirildi.<\/p>\n<p style=\"text-align: justify;\">\u0130srail D\u0131\u015fi\u015fleri Bakanl\u0131\u011f\u0131 S\u00f6zc\u00fcs\u00fc de olayla ilgili AP&#8217;ye yapt\u0131\u011f\u0131 a\u00e7\u0131klamada, &#8220;olay bir rehin alma eylemi&#8221; dedi.<\/p>\n<p style=\"text-align: justify;\">Konuyla ilgili a\u00e7\u0131klama yapan D\u0131\u015fi\u015fleri Bakanl\u0131\u011f\u0131, T\u00fcrkiye&#8217;nin Tel Aviv B\u00fcy\u00fckel\u00e7ili\u011fine birinci kat\u0131n cam\u0131n\u0131 k\u0131rarak giren \u015fahs\u0131n, b\u00fcy\u00fckel\u00e7ilik g\u00fcvenlik g\u00f6revlileri taraf\u0131ndan etkisiz hale getirildi\u011fini ve sorguland\u0131\u011f\u0131n\u0131 bildirdi.<\/p>\n<p style=\"text-align: justify;\">Bakanl\u0131\u011f\u0131n yaz\u0131l\u0131 a\u00e7\u0131klamas\u0131nda, &#8220;\u015fah\u0131s taraf\u0131m\u0131zdan sorgulanmakta; olay hakk\u0131nda derinlemesine ara\u015ft\u0131rma yap\u0131lmaktad\u0131r&#8221; denildi.<\/p>\n<p style=\"text-align: justify;\">B\u00fcy\u00fckel\u00e7ilik g\u00f6revlilerinin herhangi bir sa\u011fl\u0131k sorununun bulunmad\u0131\u011f\u0131n\u0131n kaydedildi\u011fi a\u00e7\u0131klamada, olaya ili\u015fkin olarak da \u015fu bilgiler verildi: &#8220;Filistinli oldu\u011funu iddia eden bir \u015fah\u0131s, elinde b\u0131\u00e7ak, benzin bidonu ve sonradan oyuncak oldu\u011fu anla\u015f\u0131lan bir tabancayla Tel Aviv B\u00fcy\u00fckel\u00e7ili\u011fimize, birinci kat\u0131na t\u0131rman\u0131p cam\u0131n\u0131 k\u0131rmak suretiyle girerek iltica etmek istedi\u011fi y\u00f6n\u00fcnde ba\u011f\u0131r\u0131p \u00e7a\u011f\u0131rmaya ba\u015flamas\u0131 ve Muavin Konsolosu rehin almaya te\u015febb\u00fcs etmesi \u00fczerine B\u00fcy\u00fckel\u00e7ili\u011fimiz g\u00fcvenlik g\u00f6revlileri taraf\u0131ndan etkisiz hale getirilmi\u015ftir.&#8221;<\/p>\n<p style=\"text-align: justify;\"><strong>Davuto\u011flu: &#8220;Her \u015fey kontrol alt\u0131nda&#8221; <\/strong><\/p>\n<p style=\"text-align: justify;\">D\u0131\u015fi\u015fleri Bakan\u0131 Ahmet Davuto\u011flu da T\u00fcrk B\u00fcy\u00fckel\u00e7ili\u011fi binas\u0131nda ya\u015fanan olayla ilgili olarak her \u015feyin kontrol alt\u0131nda oldu\u011funu s\u00f6yledi.<\/p>\n<p style=\"text-align: justify;\">Davuto\u011flu, Kilis&#8217;te, \u015fehit aileleri, partililer ve vatanda\u015flarla iftarta bir arayla geldi. Ahmet Davuto\u011flu, burada, bir gazetecinin T\u00fcrkiye&#8217;nin Tel Aviv B\u00fcy\u00fckel\u00e7ili\u011findeki eyleme ili\u015fkin sorusu \u00fczerine \u015funlar\u0131 s\u00f6yledi:<\/p>\n<p style=\"text-align: justify;\">&#8220;B\u00fcy\u00fckel\u00e7ili\u011fimizde her \u015fey kontrol alt\u0131nda, merak edilecek bir durum yok. B\u00fct\u00fcn personelimiz tamam\u0131yla g\u00fcvenlik alt\u0131nda. Kendisinin Filistinli oldu\u011funu belirten bir ki\u015fi, b\u00fcy\u00fckel\u00e7ili\u011fe gelerek iltica talebinde bulunuyor. Bu ki\u015fi etkisiz hale getirildi. Bu ki\u015fi g\u00f6zetim alt\u0131nda ve sa\u011fl\u0131k durumu da iyi. Olayla ilgili olarak tetkikler s\u00fcr\u00fcyor. Kendisi ve amac\u0131n\u0131 tespit etmeye \u00e7al\u0131\u015f\u0131yoruz.&#8221;<\/p>\n<p style=\"text-align: justify;\"><strong>Sald\u0131rgan\u0131 tan\u0131yan avukat konu\u015ftu <\/strong><\/p>\n<p style=\"text-align: justify;\">T\u00fcrkiye&#8217;nin \u0130srail B\u00fcy\u00fckel\u00e7ili\u011finde rehin alma giri\u015fiminde bulunan sald\u0131rgan\u0131 tan\u0131yan \u015eafi Abuani adl\u0131 avukat, akli melekeleri yerinde olmayan bu ki\u015finin, Ankara&#8217;dan siyasi s\u0131\u011f\u0131nma istemek i\u00e7in T\u00fcrk b\u00fcy\u00fckel\u00e7ili\u011fine girdi\u011fini s\u00f6yledi.<\/p>\n<p style=\"text-align: justify;\">\u0130srailli Arap olan avukat, \u0130srail radyosuna yapt\u0131\u011f\u0131 a\u00e7\u0131klamada, sald\u0131rgan b\u00fcy\u00fckel\u00e7ili\u011fe girdi\u011fi s\u0131rada, kendisinin b\u00fcy\u00fckel\u00e7ilikte bulunan T\u00fcrk Muavin Konsolos ve e\u015fiyle temas halinde oldu\u011funu ifade etti.<\/p>\n<p style=\"text-align: justify;\">Nedim \u0130njaz adl\u0131 bu ki\u015finin \u015ein Bet ve Filistin g\u00fcvenlik servisleri taraf\u0131ndan arand\u0131\u011f\u0131n\u0131 s\u00f6yledi\u011fini belirten avukat Abuani, sald\u0131rgan\u0131 telefonda sakinle\u015ftirmeye \u00e7al\u0131\u015ft\u0131\u011f\u0131n\u0131 ve bu arada da Muavin Konsolos ve e\u015finin ka\u00e7abildiklerini s\u00f6yledi.<\/p>\n<p style=\"text-align: justify;\">Avukat, &#8220;Daha \u00f6nce Ramallah&#8217;da oturan bir Filistinli olan bu ki\u015finin Ba\u015fbakan Recep Tayyip Erdo\u011fan&#8217;\u0131n kendisine siyasi s\u0131\u011f\u0131nma hakk\u0131 tan\u0131mas\u0131n\u0131 istedi\u011fini s\u00f6yledi\u011fini&#8221; belirtti.<\/p>\n<p style=\"text-align: justify;\"><strong>Hapishaneden yeni b\u0131rak\u0131lm\u0131\u015f <\/strong><\/p>\n<p style=\"text-align: center;\"><a href=\"http:\/\/www.korhanyilmaz.com\/wp-content\/uploads\/2010\/08\/077.jpg\"  class=\"lightview\"><img loading=\"lazy\" decoding=\"async\" class=\"aligncenter size-full wp-image-24759\" src=\"http:\/\/www.korhanyilmaz.com\/wp-content\/uploads\/2010\/08\/077.jpg\" alt=\"\" width=\"418\" height=\"216\" \/><\/a><\/p>\n<p style=\"text-align: justify;\">Bu arada, \u0130srail polis kaynaklar\u0131 \u0130njaz&#8217;\u0131n Bat\u0131 \u015eeria&#8217;da Ramallah&#8217;taki bir hapishaneden yeni b\u0131rak\u0131ld\u0131\u011f\u0131n\u0131, daha \u00f6nce bir b\u00fcy\u00fckel\u00e7ilik sald\u0131r\u0131s\u0131 nedeniyle hapsedildi\u011fini bildirdi. \u0130njaz&#8217;\u0131n 4 y\u0131l \u00f6nce \u0130ngiltere B\u00fcy\u00fckel\u00e7ili\u011finden s\u0131\u011f\u0131nma talep etti\u011fi a\u00e7\u0131klanm\u0131\u015ft\u0131. \u0130njaz&#8217;\u0131n o d\u00f6nemde ba\u015fka su\u00e7lar\u0131n\u0131n da bulundu\u011fu kaydedildi.<\/p>\n<p style=\"text-align: justify;\">\u00d6te yandan sald\u0131rgan\u0131n Channel-2 televizyonunu T\u00fcrkiye B\u00fcy\u00fckel\u00e7ili\u011finden telefonla arad\u0131\u011f\u0131nda, &#8220;E\u011fer bu \u00fclkeden gitmeme izin vermezlerse b\u00fct\u00fcn binay\u0131 ate\u015fe verece\u011fim. Her \u015feyi yakaca\u011f\u0131m. Arabalar\u0131, kap\u0131lar\u0131 k\u0131raca\u011f\u0131m, yakaca\u011f\u0131m. Her \u015feyi yerle bir edece\u011fim&#8221; dedi\u011fi belirtildi.<\/p>\n<p style=\"text-align: justify;\">Sald\u0131rgan\u0131n hem \u0130srail y\u00f6netimine hem de Filistin y\u00f6netimine kar\u015f\u0131 ifadeler kulland\u0131\u011f\u0131, Filistin Devlet Ba\u015fkan\u0131 Mahmut Abbas i\u00e7in &#8220;\u00f6lmeli&#8221; dedi\u011fi de ileri s\u00fcr\u00fcld\u00fc.<\/p>\n<p style=\"text-align: justify;\"><span style=\"color: #888888;\">CNN T\u00dcRK<\/span><\/p>\n","protected":false},"excerpt":{"rendered":"<p style=\"text-align: center;\">\n<p style=\"text-align: justify;\">T\u00fcrkiye&#8217;nin \u0130srail B\u00fcy\u00fckel\u00e7ili\u011fi&#8217;nde olayl\u0131 g\u00fcn&#8230; \u0130ltica ba\u015fvurusu gerek\u00e7esiyle b\u00fcy\u00fckel\u00e7ili\u011fe giden bir Filistinli, Muavin Konsolosu rehin almaya \u00e7al\u0131\u015f\u0131nca etkisiz hale getirildi.<\/p>\n<p style=\"text-align: justify;\">AA muhabirinin el\u00e7ilik kaynaklar\u0131ndan edindi\u011fi bilgiye g\u00f6re, B\u00fcy\u00fckel\u00e7ili\u011fe gelen bir Filistinli, bir el\u00e7ilik \u00e7al\u0131\u015fan\u0131n\u0131 rehin almaya \u00e7al\u0131\u015ft\u0131. <\/p>\n","protected":false},"author":1,"featured_media":0,"comment_status":"open","ping_status":"closed","sticky":false,"template":"","format":"standard","meta":{"footnotes":""},"categories":[105],"tags":[],"class_list":["post-24757","post","type-post","status-publish","format-standard","hentry","category-gundem","odd"],"_links":{"self":[{"href":"http:\/\/www.korhanyilmaz.com\/index.php?rest_route=\/wp\/v2\/posts\/24757","targetHints":{"allow":["GET"]}}],"collection":[{"href":"http:\/\/www.korhanyilmaz.com\/index.php?rest_route=\/wp\/v2\/posts"}],"about":[{"href":"http:\/\/www.korhanyilmaz.com\/index.php?rest_route=\/wp\/v2\/types\/post"}],"author":[{"embeddable":true,"href":"http:\/\/www.korhanyilmaz.com\/index.php?rest_route=\/wp\/v2\/users\/1"}],"replies":[{"embeddable":true,"href":"http:\/\/www.korhanyilmaz.com\/index.php?rest_route=%2Fwp%2Fv2%2Fcomments&post=24757"}],"version-history":[{"count":0,"href":"http:\/\/www.korhanyilmaz.com\/index.php?rest_route=\/wp\/v2\/posts\/24757\/revisions"}],"wp:attachment":[{"href":"http:\/\/www.korhanyilmaz.com\/index.php?rest_route=%2Fwp%2Fv2%2Fmedia&parent=24757"}],"wp:term":[{"taxonomy":"category","embeddable":true,"href":"http:\/\/www.korhanyilmaz.com\/index.php?rest_route=%2Fwp%2Fv2%2Fcategories&post=24757"},{"taxonomy":"post_tag","embeddable":true,"href":"http:\/\/www.korhanyilmaz.com\/index.php?rest_route=%2Fwp%2Fv2%2Ftags&post=24757"}],"curies":[{"name":"wp","href":"https:\/\/api.w.org\/{rel}","templated":true}]}}