{"id":24751,"date":"2010-08-17T16:14:09","date_gmt":"2010-08-17T16:14:09","guid":{"rendered":"http:\/\/www.korhanyilmaz.com\/?p=24751"},"modified":"2010-08-17T16:14:09","modified_gmt":"2010-08-17T16:14:09","slug":"vuraldan-basbakana-siyasi-soyka","status":"publish","type":"post","link":"http:\/\/www.korhanyilmaz.com\/?p=24751","title":{"rendered":"Vural&#8217;dan Ba\u015fbakan&#8217;a: &#8221;Siyasi soyka&#8221;"},"content":{"rendered":"<p style=\"text-align: center;\"><a href=\"http:\/\/www.korhanyilmaz.com\/wp-content\/uploads\/2010\/08\/0751.jpg\"  class=\"lightview\"><img loading=\"lazy\" decoding=\"async\" class=\"aligncenter size-full wp-image-24753\" src=\"http:\/\/www.korhanyilmaz.com\/wp-content\/uploads\/2010\/08\/0751.jpg\" alt=\"\" width=\"307\" height=\"206\" \/><\/a><\/p>\n<p style=\"text-align: justify;\">MHP&#8217;ye g\u00f6re h\u00fck\u00fcmet Anayasa de\u011fi\u015fikli\u011fi referandumu ile Habur&#8217;da ba\u015flayan a\u00e7\u0131l\u0131ma hukuki k\u0131l\u0131f uydurmaya \u00e7al\u0131\u015f\u0131yor. Grup Ba\u015fkanvekili Oktay Vural, &#8220;PKK, AKP ve BDP bu oyunu birlikte oynuyorlar. Bu bir tuzakt\u0131r&#8221; dedi. Vural, \u00d6zal ve Menderes&#8217;in s\u00f6ylemlerine ba\u015fvuran Ba\u015fbakan\u0131 da, &#8220;Tam bir siyasi soyka&#8221; olarak niteledi.<!--more--><\/p>\n<p style=\"text-align: justify;\">&#8220;Soyka&#8230; &#8221; Yani \u00f6lm\u00fc\u015f birinin giysilerini kullanana verilen isim.<\/p>\n<p style=\"text-align: justify;\">MHP Grup Ba\u015fkanvekili Oktay Vural konu\u015fmalar\u0131nda Turgut \u00d6zal ve Adnan Menderes&#8217;e at\u0131fta bulunan Ba\u015fbakan Recep Tayyip Erdo\u011fan i\u00e7in bu tan\u0131m\u0131 kulland\u0131.<\/p>\n<p style=\"text-align: justify;\">MHP lideri Devlet Bah\u00e7eli, mitinglerine ara verse de g\u00fcdemi onun yerine kurmaylar\u0131 de\u011ferlendiriyor. \u0130\u015fte Vural da Meclis&#8217;te d\u00fczenledi\u011fi bas\u0131n toplant\u0131s\u0131nda \u00f6yle yapt\u0131.<\/p>\n<p style=\"text-align: justify;\">PKK&#8217;n\u0131n 20 Eyl\u00fcl&#8217;e kadar ald\u0131\u011f\u0131 ate\u015fkes karar\u0131 ve bu arada ya\u015fananlar\u0131 de\u011ferlendirdi.<\/p>\n<p style=\"text-align: justify;\">Vural, &#8220;S\u00fcrecin akt\u00f6rleri ortaya \u00e7\u0131km\u0131\u015ft\u0131r. Kutsal ittifak\u0131n kimlerle yap\u0131ld\u0131\u011f\u0131 ortaya \u00e7\u0131km\u0131\u015ft\u0131r&#8221; dedi.<\/p>\n<p style=\"text-align: justify;\">Vural,demokratik \u00f6zerklik taleplerine dikkat \u00e7ekti, &#8220;Kapal\u0131 kap\u0131lar ard\u0131nda kimin kiminle ne konu\u015ftu\u011fu, pis ve kirli ili\u015fkiler ortaya \u00e7\u0131kar\u0131lmal\u0131d\u0131r&#8221; diye konu\u015ftu.<\/p>\n<p style=\"text-align: justify;\">Miting meydanlar\u0131ndaki tart\u0131\u015fmalar da MHP Grup Ba\u015fkanvekili&#8217;nin g\u00fcndemindeydi.<\/p>\n<p style=\"text-align: justify;\">Ba\u015fbakan Erdo\u011fan&#8217;\u0131n, &#8220;MHP, CHP&#8217;nin vagonu&#8221; s\u00f6zlerine sert tepki g\u00f6sterdi.<\/p>\n<p style=\"text-align: justify;\">Vural, &#8220;Cumhurba\u015fkan\u0131 se\u00e7iminde oylamaya girdik diye mi, ba\u015f\u00f6rt\u00fcs\u00fcne konusuna destek verdik diye mi CHP&#8217;nin vagonuyuz&#8221; diye konu\u015ftu.<\/p>\n<p style=\"text-align: justify;\">Ba\u015fbakan&#8217;\u0131n &#8216;Truva at\u0131&#8217; gibi davranarak, milliyet\u00e7ileri fethetmeye \u00e7al\u0131\u015ft\u0131\u011f\u0131n\u0131 savundu.<\/p>\n<p style=\"text-align: justify;\"><span style=\"color: #888888;\">CNN T\u00dcRK<\/span><\/p>\n","protected":false},"excerpt":{"rendered":"<p style=\"text-align: center;\">\n<p style=\"text-align: justify;\">MHP&#8217;ye g\u00f6re h\u00fck\u00fcmet Anayasa de\u011fi\u015fikli\u011fi referandumu ile Habur&#8217;da ba\u015flayan a\u00e7\u0131l\u0131ma hukuki k\u0131l\u0131f uydurmaya \u00e7al\u0131\u015f\u0131yor. Grup Ba\u015fkanvekili Oktay Vural, &#8220;PKK, AKP ve BDP bu oyunu birlikte oynuyorlar. Bu bir tuzakt\u0131r&#8221; dedi. Vural, \u00d6zal ve Menderes&#8217;in s\u00f6ylemlerine ba\u015fvuran Ba\u015fbakan\u0131 da, &#8220;Tam bir siyasi soyka&#8221; olarak niteledi.<\/p>\n","protected":false},"author":1,"featured_media":0,"comment_status":"open","ping_status":"closed","sticky":false,"template":"","format":"standard","meta":{"footnotes":""},"categories":[105],"tags":[],"class_list":["post-24751","post","type-post","status-publish","format-standard","hentry","category-gundem","odd"],"_links":{"self":[{"href":"http:\/\/www.korhanyilmaz.com\/index.php?rest_route=\/wp\/v2\/posts\/24751","targetHints":{"allow":["GET"]}}],"collection":[{"href":"http:\/\/www.korhanyilmaz.com\/index.php?rest_route=\/wp\/v2\/posts"}],"about":[{"href":"http:\/\/www.korhanyilmaz.com\/index.php?rest_route=\/wp\/v2\/types\/post"}],"author":[{"embeddable":true,"href":"http:\/\/www.korhanyilmaz.com\/index.php?rest_route=\/wp\/v2\/users\/1"}],"replies":[{"embeddable":true,"href":"http:\/\/www.korhanyilmaz.com\/index.php?rest_route=%2Fwp%2Fv2%2Fcomments&post=24751"}],"version-history":[{"count":0,"href":"http:\/\/www.korhanyilmaz.com\/index.php?rest_route=\/wp\/v2\/posts\/24751\/revisions"}],"wp:attachment":[{"href":"http:\/\/www.korhanyilmaz.com\/index.php?rest_route=%2Fwp%2Fv2%2Fmedia&parent=24751"}],"wp:term":[{"taxonomy":"category","embeddable":true,"href":"http:\/\/www.korhanyilmaz.com\/index.php?rest_route=%2Fwp%2Fv2%2Fcategories&post=24751"},{"taxonomy":"post_tag","embeddable":true,"href":"http:\/\/www.korhanyilmaz.com\/index.php?rest_route=%2Fwp%2Fv2%2Ftags&post=24751"}],"curies":[{"name":"wp","href":"https:\/\/api.w.org\/{rel}","templated":true}]}}