{"id":24747,"date":"2010-08-17T17:54:37","date_gmt":"2010-08-17T17:54:37","guid":{"rendered":"http:\/\/www.korhanyilmaz.com\/?p=24747"},"modified":"2010-08-17T17:54:37","modified_gmt":"2010-08-17T17:54:37","slug":"tusiad-basbakanin-aciklamasini-talihsiz-buldu","status":"publish","type":"post","link":"http:\/\/www.korhanyilmaz.com\/?p=24747","title":{"rendered":"T\u00dcS\u0130AD Ba\u015fbakan&#8217;\u0131n a\u00e7\u0131klamas\u0131n\u0131 talihsiz buldu"},"content":{"rendered":"<p style=\"text-align: center;\"><a href=\"http:\/\/www.korhanyilmaz.com\/wp-content\/uploads\/2010\/08\/074.jpg\"  class=\"lightview\"><img loading=\"lazy\" decoding=\"async\" class=\"aligncenter size-full wp-image-24748\" src=\"http:\/\/www.korhanyilmaz.com\/wp-content\/uploads\/2010\/08\/074.jpg\" alt=\"\" width=\"345\" height=\"196\" \/><\/a><\/p>\n<p style=\"text-align: justify;\">T\u00fcrk Sanayicileri ve \u0130\u015fadamlar\u0131 Derne\u011fi (T\u00dcS\u0130AD), hi\u00e7bir kurum veya ki\u015finin, herhangi bir konuda, tercihte bulunmaya veya bu tercihini a\u00e7\u0131klamaya zorlanamayaca\u011f\u0131n\u0131 belirtti.<\/p>\n<p style=\"text-align: justify;\">T\u00dcS\u0130AD&#8217;dan, Ba\u015fbakan Recep Tayyip Erdo\u011fan&#8217;\u0131n T\u00dcS\u0130AD ile ilgili de\u011ferlendirmelerine ili\u015fkin yaz\u0131l\u0131 a\u00e7\u0131klama yap\u0131ld\u0131. <!--more--><\/p>\n<p style=\"text-align: justify;\">A\u00e7\u0131klamada, T\u00dcS\u0130AD&#8217;\u0131n, halkoyuna sunulacak olan anayasa de\u011fi\u015fiklik teklifinin haz\u0131rlan\u0131\u015f y\u00f6ntemi, halkoyuna sunulu\u015f bi\u00e7imi ve i\u00e7eri\u011fi hakk\u0131ndaki g\u00f6r\u00fc\u015flerini, maddelerle ilgili a\u00e7\u0131k ve net gerek\u00e7elere yer vererek, \u00e7e\u015fitli vesilelerle ortaya koydu\u011fu ifade edildi.<\/p>\n<p style=\"text-align: justify;\">A\u00e7\u0131klamada, \u015funlar kaydedildi:<\/p>\n<p style=\"text-align: justify;\">&#8221;Bu \u00e7er\u00e7evede T\u00dcS\u0130AD&#8217;\u0131n g\u00f6r\u00fc\u015fleri, 25 Mart 2010&#8217;da T\u00dcS\u0130AD&#8217;\u0131 ziyaret eden h\u00fck\u00fcmet temsilcilerine s\u00f6zl\u00fc olarak iletilmi\u015f ve ayn\u0131 tarihte yay\u0131mlanan bas\u0131n b\u00fclteni ile kamuoyuna duyurulmu\u015ftur. Ard\u0131ndan 13 Nisan 2010&#8217;da T\u00dcS\u0130AD Parlamento \u0130\u015fleri Komisyonu&#8217;nun TBMM ziyareti kapsam\u0131nda siyasi parti gruplar\u0131na ve ilgili TBMM komisyon ba\u015fkanlar\u0131na sunulan g\u00f6r\u00fc\u015fler, Say\u0131n Ba\u015fbakan&#8217;la 14 Temmuz 2010 tarihinde yap\u0131lan g\u00f6r\u00fc\u015fmede de dile getirilmi\u015ftir. Ayr\u0131ca, anayasa de\u011fi\u015fiklik teklifinin a\u00e7\u0131kland\u0131\u011f\u0131 g\u00fcnden bu yana yap\u0131lan t\u00fcm bas\u0131n temaslar\u0131nda bu konudaki g\u00f6r\u00fc\u015fler tekrarlanm\u0131\u015ft\u0131r.<\/p>\n<p style=\"text-align: justify;\">T\u00dcS\u0130AD, t\u00fcm bu s\u00fcre\u00e7 boyunca, halk oylamas\u0131n\u0131n sonucunun evet veya hay\u0131r olarak \u00e7\u0131kmas\u0131n\u0131n T\u00fcrkiye&#8217;nin yeni bir anayasaya duydu\u011fu ihtiyac\u0131 ortadan kald\u0131rmayaca\u011f\u0131n\u0131 savunmu\u015ftur. Anayasa, birlikte ya\u015famay\u0131 sa\u011flayan toplumsal s\u00f6zle\u015fmedir. Bu d\u00fc\u015f\u00fcnceyle T\u00dcS\u0130AD, kat\u0131l\u0131mc\u0131 bir s\u00fcre\u00e7le haz\u0131rlanacak, bireyi \u00f6ne \u00e7\u0131karan, kuvvetler aras\u0131nda kontrol-denge mekanizmalar\u0131n\u0131 i\u00e7eren ve \u00e7o\u011fulculuk anlay\u0131\u015f\u0131n\u0131 esas alan yeni bir anayasa \u00e7a\u011fr\u0131s\u0131nda bulunmaya devam edecektir. Referandum s\u00fcrecinin yaratt\u0131\u011f\u0131 ola\u011fan\u00fcst\u00fc siyasi kutupla\u015fman\u0131n yeni anayasa haz\u0131rl\u0131\u011f\u0131 s\u00fcrecini zorla\u015ft\u0131rmamas\u0131 da dikkat edilmesi gereken bir noktad\u0131r.<\/p>\n<p style=\"text-align: justify;\">T\u00dcS\u0130AD&#8217;\u0131n \u00e7al\u0131\u015fma gelene\u011fi, kamu yarar\u0131na bir dernek olarak, y\u0131llar i\u00e7inde yapt\u0131\u011f\u0131m\u0131z raporlarla olu\u015fan m\u00fcktesebat\u0131m\u0131z \u00e7er\u00e7evesinde kamuoyuna \u0131\u015f\u0131k tutmaya \u00e7al\u0131\u015fmakt\u0131r. Referanduma giden son anayasa de\u011fi\u015fiklik teklifi ile ilgili olarak da bu \u00e7er\u00e7evede bir \u00e7al\u0131\u015fma ve sonras\u0131nda bir a\u00e7\u0131klama yap\u0131lm\u0131\u015ft\u0131r. Referandum, se\u00e7menlerin h\u00fcr iradeleri ile tercihlerini ortaya koyacaklar\u0131 bir halkoylamas\u0131d\u0131r. T\u00dcS\u0130AD Y\u00f6netim Kurulu bir referandum veya se\u00e7imden \u00f6nce oy tercihi a\u00e7\u0131klamaz. Kald\u0131 ki, hi\u00e7bir kurum veya ki\u015fi, herhangi bir konuda, tercihte bulunmaya veya bu tercihini a\u00e7\u0131klamaya zorlanamaz.&#8221;<\/p>\n<p style=\"text-align: justify;\"><strong>&#8221;T\u00dcS\u0130AD B\u0130TARAF DE\u011e\u0130LD\u0130R&#8221;<\/strong><\/p>\n<p style=\"text-align: justify;\">T\u00dcS\u0130AD&#8217;\u0131n da aralar\u0131nda bulundu\u011fu bir grup sivil toplum kurulu\u015funun 2001 y\u0131l\u0131ndaki anayasa de\u011fi\u015fikliklerini destekleyen ilan\u0131n\u0131n, TBMM&#8217;de \u00fczerinde uzla\u015f\u0131lamad\u0131\u011f\u0131 i\u00e7in halkoyuna sunulan bir metne de\u011fil, tam tersine TBMM&#8217;de sa\u011flanan uzla\u015fma ile haz\u0131rlanm\u0131\u015f bir metne ili\u015fkin oldu\u011fu ve TBMM&#8217;yi muhatap ald\u0131\u011f\u0131n\u0131n unutulmamas\u0131 gerekti\u011fi ifade edilen a\u00e7\u0131klamada, TBMM&#8217;ye \u00e7a\u011fr\u0131da bulunmakla, vatanda\u015flara belli bir y\u00f6nde oy kullanmalar\u0131 \u00e7a\u011fr\u0131s\u0131 yapman\u0131n k\u0131yaslanamaz iki ayr\u0131 durum oldu\u011fu belirtildi.<\/p>\n<p style=\"text-align: justify;\">A\u00e7\u0131klamada \u015funlar kaydedildi:<\/p>\n<p style=\"text-align: justify;\">&#8221;T\u00dcS\u0130AD bitaraf de\u011fildir; T\u00dcS\u0130AD eksiksiz bir demokrasiden ve bireylerin h\u00fcr iradeleri \u00fczerindeki her t\u00fcrl\u00fc bask\u0131 ve vesayetin kald\u0131r\u0131lmas\u0131ndan yanad\u0131r. T\u00fcrkiye&#8217;nin demokrasi i\u00e7inde geli\u015fmesi ve refah\u0131 vazge\u00e7ilmez hedefimizdir. Durum b\u00f6yle iken, bir sivil toplum \u00f6rg\u00fct\u00fcne  &#8216;bitaraf olan bertaraf olur&#8217; \u015feklindeki bir uyar\u0131, talihsiz bir yakla\u015f\u0131m olmu\u015ftur ve \u00e7a\u011fda\u015f demokrasilerde sivil toplumun rol\u00fcn\u00fc g\u00fc\u00e7lendirici bir g\u00f6rev g\u00f6rmeyecektir. T\u00fcrkiye&#8217;de sivil toplum \u00f6rg\u00fctlerinin, \u00e7a\u011fda\u015f sivil toplum anlay\u0131\u015f\u0131n\u0131n gere\u011fini yerine getirerek, ancak bertaraf olma endi\u015fesi duymadan, daha m\u00fcreffeh bir T\u00fcrkiye&#8217;ye katk\u0131 sa\u011flayaca\u011f\u0131ndan \u015f\u00fcphemiz yoktur.&#8221;<\/p>\n<p style=\"text-align: justify;\"><span style=\"color: #888888;\">Gazeteport<\/span><\/p>\n","protected":false},"excerpt":{"rendered":"<p style=\"text-align: center;\">\n<p style=\"text-align: justify;\">T\u00fcrk Sanayicileri ve \u0130\u015fadamlar\u0131 Derne\u011fi (T\u00dcS\u0130AD), hi\u00e7bir kurum veya ki\u015finin, herhangi bir konuda, tercihte bulunmaya veya bu tercihini a\u00e7\u0131klamaya zorlanamayaca\u011f\u0131n\u0131 belirtti.<\/p>\n<p style=\"text-align: justify;\">T\u00dcS\u0130AD&#8217;dan, Ba\u015fbakan Recep Tayyip Erdo\u011fan&#8217;\u0131n T\u00dcS\u0130AD ile ilgili de\u011ferlendirmelerine ili\u015fkin yaz\u0131l\u0131 a\u00e7\u0131klama yap\u0131ld\u0131. <\/p>\n","protected":false},"author":1,"featured_media":0,"comment_status":"open","ping_status":"closed","sticky":false,"template":"","format":"standard","meta":{"footnotes":""},"categories":[105],"tags":[],"class_list":["post-24747","post","type-post","status-publish","format-standard","hentry","category-gundem","odd"],"_links":{"self":[{"href":"http:\/\/www.korhanyilmaz.com\/index.php?rest_route=\/wp\/v2\/posts\/24747","targetHints":{"allow":["GET"]}}],"collection":[{"href":"http:\/\/www.korhanyilmaz.com\/index.php?rest_route=\/wp\/v2\/posts"}],"about":[{"href":"http:\/\/www.korhanyilmaz.com\/index.php?rest_route=\/wp\/v2\/types\/post"}],"author":[{"embeddable":true,"href":"http:\/\/www.korhanyilmaz.com\/index.php?rest_route=\/wp\/v2\/users\/1"}],"replies":[{"embeddable":true,"href":"http:\/\/www.korhanyilmaz.com\/index.php?rest_route=%2Fwp%2Fv2%2Fcomments&post=24747"}],"version-history":[{"count":0,"href":"http:\/\/www.korhanyilmaz.com\/index.php?rest_route=\/wp\/v2\/posts\/24747\/revisions"}],"wp:attachment":[{"href":"http:\/\/www.korhanyilmaz.com\/index.php?rest_route=%2Fwp%2Fv2%2Fmedia&parent=24747"}],"wp:term":[{"taxonomy":"category","embeddable":true,"href":"http:\/\/www.korhanyilmaz.com\/index.php?rest_route=%2Fwp%2Fv2%2Fcategories&post=24747"},{"taxonomy":"post_tag","embeddable":true,"href":"http:\/\/www.korhanyilmaz.com\/index.php?rest_route=%2Fwp%2Fv2%2Ftags&post=24747"}],"curies":[{"name":"wp","href":"https:\/\/api.w.org\/{rel}","templated":true}]}}