{"id":24741,"date":"2010-08-14T14:22:06","date_gmt":"2010-08-14T14:22:06","guid":{"rendered":"http:\/\/www.korhanyilmaz.com\/?p=24741"},"modified":"2010-08-14T14:22:06","modified_gmt":"2010-08-14T14:22:06","slug":"kalpazan-diye-bu-ulkenin-savcisi-diyor","status":"publish","type":"post","link":"http:\/\/www.korhanyilmaz.com\/?p=24741","title":{"rendered":"&#8220;Kalpazan diye bu \u00fclkenin savc\u0131s\u0131 diyor&#8221;"},"content":{"rendered":"<p style=\"text-align: center;\"><a href=\"http:\/\/www.korhanyilmaz.com\/wp-content\/uploads\/2010\/08\/073.jpg\"  class=\"lightview\"><img loading=\"lazy\" decoding=\"async\" class=\"aligncenter size-full wp-image-24742\" src=\"http:\/\/www.korhanyilmaz.com\/wp-content\/uploads\/2010\/08\/073.jpg\" alt=\"\" width=\"410\" height=\"179\" \/><\/a><\/p>\n<p style=\"text-align: justify;\">CHP Genel Ba\u015fkan\u0131 Kemal K\u0131l\u0131\u00e7daro\u011flu, &#8220;Say\u0131n Ba\u015fbakan dokunulmazl\u0131klar\u0131n arkas\u0131na saklan\u0131yor. Yi\u011fitsen kald\u0131r dokunulmazl\u0131\u011f\u0131, git aklan gel, ben de aln\u0131ndan \u00f6peyim seni&#8221; dedi.<!--more--><\/p>\n<p style=\"text-align: justify;\">K\u0131l\u0131\u00e7daro\u011flu, D\u00fczce&#8217;nin Ak\u00e7akoca il\u00e7esinde halka hitap etti. Ak\u00e7akoca&#8217;da f\u0131nd\u0131k \u00fcretiminin \u00f6nemli bir yer tuttu\u011funu belirten K\u0131l\u0131\u00e7daro\u011flu, \u00fcreticilerin \u00fcr\u00fcn\u00fcn\u00fc hak etti\u011fi de\u011ferde satamad\u0131\u011f\u0131n\u0131 s\u00f6yledi.<\/p>\n<p style=\"text-align: justify;\">&#8220;Kendilerini d\u00fc\u015f\u00fcnen de\u011fil, halk\u0131 d\u00fc\u015f\u00fcnen bir iktidar laz\u0131m&#8221; \u015feklinde konu\u015fan K\u0131l\u0131\u00e7daro\u011flu, Referandumda vatanda\u015flardan &#8220;hay\u0131r&#8221; oyu kullanmalar\u0131n\u0131 istedi.<\/p>\n<p style=\"text-align: justify;\">H\u00fck\u00fcmetin anayasa de\u011fi\u015fikli\u011findeki amac\u0131n\u0131n, &#8220;yarg\u0131y\u0131 ele ge\u00e7irmek oldu\u011funu&#8221; iddia eden K\u0131l\u0131\u00e7daro\u011flu, &#8220;Bunlara aldanmay\u0131n, bunlara inanmay\u0131n. T\u00fcrkiye&#8217;de halk\u0131n iktidar\u0131n\u0131 kurmak durumunday\u0131z. 2002&#8217;den beri bir korku imparatorlu\u011fu kurdular. \u00c7ald\u0131klar\u0131n\u0131 geri verecekler. Bunun i\u00e7in bana yetki verin. Kul hakk\u0131 yiyenden hesap soray\u0131m&#8221; diye konu\u015ftu.<\/p>\n<p style=\"text-align: justify;\">Bir \u00fclkede adaletin \u00e7ok \u00f6nemli oldu\u011funu vurgulayan K\u0131l\u0131\u00e7daro\u011flu, adaleti koruman\u0131n herkesin g\u00f6revi olmas\u0131 gerekti\u011fini s\u00f6yledi. Miting alan\u0131ndaki bir vatanda\u015f\u0131n, deniz feneri dosyas\u0131n\u0131 hat\u0131rlatmas\u0131 \u00fczerine, &#8220;Almanya&#8217;da dava ba\u015flad\u0131, bitti. Biz de hala dava a\u00e7\u0131lmad\u0131. Niye a\u00e7\u0131lmad\u0131? adaleti ele ge\u00e7irsinler ondan sonra a\u00e7\u0131lacak&#8221; dedi.<\/p>\n<p style=\"text-align: justify;\">\u0130ktidarlar\u0131 d\u00f6neminde siyasi ahlak yasas\u0131n\u0131 \u00e7\u0131karacaklar\u0131n\u0131 ifade eden K\u0131l\u0131\u00e7daro\u011flu, konu\u015fmas\u0131n\u0131 \u015f\u00f6yle s\u00fcrd\u00fcrd\u00fc:<\/p>\n<p style=\"text-align: justify;\">&#8220;Ali Dibocu&#8217;dan adalet bakan\u0131, naylon faturac\u0131dan maliye bakan\u0131 olmayacak. &#8216;Kalpazan&#8217; diyorum Say\u0131n Ba\u015fbakan bana k\u0131z\u0131yor. Say\u0131n Ba\u015fbakan ben sana kalpazan demiyorum. Bu \u00fclkenin savc\u0131s\u0131 diyor. Raporunu yazm\u0131\u015f, dosyay\u0131 TBMM&#8217;ye g\u00f6ndermi\u015f. \u00c7\u0131ks\u0131n desin TBMM&#8217;de, &#8216;Benim kalpazanl\u0131ktan dosyam yok desin&#8217;. Vallahi yakas\u0131na ili\u015ftirece\u011fim onun o dosyay\u0131. Say\u0131n Ba\u015fbakan dokunulmazl\u0131klar\u0131n arkas\u0131na saklan\u0131yor. Yi\u011fitsen kald\u0131r dokunulmazl\u0131\u011f\u0131, git aklan gel, ben de aln\u0131ndan \u00f6peyim seni. &#8216;\u0130\u015f\u00e7i emeklisiyim&#8217; dedin. Do\u011fru s\u00f6ylemiyorsun. Emekli sand\u0131\u011f\u0131 emeklisi oldu\u011funu ispat ettim. Niye \u00e7\u0131k\u0131p \u00f6z\u00fcr dilemiyorsun? Millete do\u011fruyu s\u00f6yleyeceksin.&#8221;<\/p>\n<p style=\"text-align: justify;\">Miting alan\u0131ndaki &#8220;Harun gibi geldiler Karun gibi gittiler&#8221; \u015feklindeki pankarta at\u0131fta bulunan K\u0131l\u0131\u00e7daro\u011flu, &#8220;Bu s\u00f6z Saadet Partisi Genel Ba\u015fkan\u0131&#8217;n\u0131n s\u00f6z\u00fcyd\u00fc. Harun gibi geldiler, Karun gibi oldular. Ama nas\u0131l Karun oldular? Yetki verirseniz onu ortaya \u00e7\u0131karaca\u011f\u0131m. Yetki verin, haramilerin iktidar\u0131n\u0131 y\u0131k\u0131p halk\u0131n iktidar\u0131n\u0131 kural\u0131m&#8221; dedi.<\/p>\n<p style=\"text-align: justify;\"><strong>&#8220;Villay\u0131 mal beyan\u0131mda g\u00f6sterdim&#8221; <\/strong><\/p>\n<p style=\"text-align: justify;\">K\u0131l\u0131\u00e7daro\u011flu, havuzlu villa tart\u0131\u015fmalar\u0131na da de\u011finerek, \u015funlar\u0131 kaydetti:<\/p>\n<p style=\"text-align: justify;\">&#8220;(Havuzlu villada oturuyorsun) dedim, d\u00fcn a\u00e7\u0131klad\u0131lar, beyefendi kirada oturuyormu\u015f. \u015eimdi soruyorum kimden kiralad\u0131n, ka\u00e7a kiralad\u0131n? A\u00e7 bakay\u0131m bu evi bir g\u00f6relim. Benim kooperatif evime g\u00f6z dikiyorsun. Do\u011fru kooperatif evim orada. Gidip bakabilirsin ben onu al\u0131n teriyle al\u0131yorum. Bankadan kredi \u00e7ektim. Mal beyan\u0131mda g\u00f6sterdim. Saklamad\u0131m, gizlemedim. Al\u0131n teriyle kazan\u0131lan paraya kim bir \u015fey diyebilir? Ke\u015fke herkesin al\u0131n teriyle kazand\u0131\u011f\u0131 parayla villas\u0131 olsa. Biz de isteriz, ama bu al\u0131n teriyle olacak. Bana al\u0131n terini gizleyeceksin, ondan sonra kalk\u0131p laf edeceksin. Recep Bey, <strong>d\u00fcr\u00fcst olaca\u011f\u0131z, namuslu olaca\u011f\u0131z,<\/strong> millete do\u011frular\u0131 s\u00f6yleyece\u011fiz. Bak ben her \u015feyi a\u00e7\u0131k y\u00fcreklilikle d\u00fcr\u00fcstl\u00fckle s\u00f6yl\u00fcyorum. Dokunulmazl\u0131klar\u0131 sen s\u00f6yledin. Ben de hat\u0131rlat\u0131yorum. Neyden korkuyorsun, kald\u0131r. Korkunun ecele faydas\u0131 var m\u0131?<\/p>\n<p style=\"text-align: justify;\"><span style=\"color: #888888;\">CNN T\u00dcRK<\/span><\/p>\n","protected":false},"excerpt":{"rendered":"<p style=\"text-align: center;\">\n<p style=\"text-align: justify;\">CHP Genel Ba\u015fkan\u0131 Kemal K\u0131l\u0131\u00e7daro\u011flu, &#8220;Say\u0131n Ba\u015fbakan dokunulmazl\u0131klar\u0131n arkas\u0131na saklan\u0131yor. Yi\u011fitsen kald\u0131r dokunulmazl\u0131\u011f\u0131, git aklan gel, ben de aln\u0131ndan \u00f6peyim seni&#8221; dedi.<\/p>\n","protected":false},"author":1,"featured_media":0,"comment_status":"open","ping_status":"closed","sticky":false,"template":"","format":"standard","meta":{"footnotes":""},"categories":[105],"tags":[],"class_list":["post-24741","post","type-post","status-publish","format-standard","hentry","category-gundem","odd"],"_links":{"self":[{"href":"http:\/\/www.korhanyilmaz.com\/index.php?rest_route=\/wp\/v2\/posts\/24741","targetHints":{"allow":["GET"]}}],"collection":[{"href":"http:\/\/www.korhanyilmaz.com\/index.php?rest_route=\/wp\/v2\/posts"}],"about":[{"href":"http:\/\/www.korhanyilmaz.com\/index.php?rest_route=\/wp\/v2\/types\/post"}],"author":[{"embeddable":true,"href":"http:\/\/www.korhanyilmaz.com\/index.php?rest_route=\/wp\/v2\/users\/1"}],"replies":[{"embeddable":true,"href":"http:\/\/www.korhanyilmaz.com\/index.php?rest_route=%2Fwp%2Fv2%2Fcomments&post=24741"}],"version-history":[{"count":0,"href":"http:\/\/www.korhanyilmaz.com\/index.php?rest_route=\/wp\/v2\/posts\/24741\/revisions"}],"wp:attachment":[{"href":"http:\/\/www.korhanyilmaz.com\/index.php?rest_route=%2Fwp%2Fv2%2Fmedia&parent=24741"}],"wp:term":[{"taxonomy":"category","embeddable":true,"href":"http:\/\/www.korhanyilmaz.com\/index.php?rest_route=%2Fwp%2Fv2%2Fcategories&post=24741"},{"taxonomy":"post_tag","embeddable":true,"href":"http:\/\/www.korhanyilmaz.com\/index.php?rest_route=%2Fwp%2Fv2%2Ftags&post=24741"}],"curies":[{"name":"wp","href":"https:\/\/api.w.org\/{rel}","templated":true}]}}