{"id":24712,"date":"2010-08-13T10:42:23","date_gmt":"2010-08-13T10:42:23","guid":{"rendered":"http:\/\/www.korhanyilmaz.com\/?p=24712"},"modified":"2010-08-13T10:42:23","modified_gmt":"2010-08-13T10:42:23","slug":"gizemli-turkiye-toplantisi","status":"publish","type":"post","link":"http:\/\/www.korhanyilmaz.com\/?p=24712","title":{"rendered":"Gizemli T\u00fcrkiye toplant\u0131s\u0131"},"content":{"rendered":"<p style=\"text-align: center;\"><a href=\"http:\/\/www.korhanyilmaz.com\/wp-content\/uploads\/2010\/08\/067.jpg\"  class=\"lightview\"><img loading=\"lazy\" decoding=\"async\" class=\"aligncenter size-full wp-image-24713\" src=\"http:\/\/www.korhanyilmaz.com\/wp-content\/uploads\/2010\/08\/067.jpg\" alt=\"\" width=\"420\" height=\"210\" \/><\/a><\/p>\n<p style=\"text-align: justify;\">ABD D\u0131\u015fi\u015fleri Bakanl\u0131\u011f\u0131nda T\u00fcrkiye siyasetinin masaya yat\u0131r\u0131ld\u0131\u011f\u0131 \u00fcst d\u00fczey kat\u0131l\u0131ml\u0131 bir toplant\u0131 d\u00fczenlendi.<\/p>\n<p style=\"text-align: justify;\">ABD D\u0131\u015fi\u015fleri Bakan\u0131 Hillary Clinton\u2019\u0131n ba\u015fkanl\u0131k etti\u011fi toplant\u0131ya, ABD D\u0131\u015fi\u015fleri Bakan Yard\u0131mc\u0131s\u0131 Jack Lew, bakanl\u0131\u011f\u0131n siyaset planlama direkt\u00f6r\u00fc Anne-Marie Slaughter, Avrupa ve Avrasya i\u015flerinden sorumlu m\u00fcste\u015far yard\u0131mc\u0131s\u0131 Philip Gordon ile di\u011fer yetkililer kat\u0131ld\u0131. <!--more--><\/p>\n<p style=\"text-align: justify;\"><a href=\"http:\/\/www.korhanyilmaz.com\/wp-content\/uploads\/2010\/08\/068.jpg\"  class=\"lightview\"><img loading=\"lazy\" decoding=\"async\" class=\"alignleft size-full wp-image-24714\" style=\"margin-left: 10px; margin-right: 10px;\" src=\"http:\/\/www.korhanyilmaz.com\/wp-content\/uploads\/2010\/08\/068.jpg\" alt=\"\" width=\"193\" height=\"102\" \/><\/a>Bakanl\u0131k s\u00f6zc\u00fcs\u00fc Mark Toner, g\u00fcnl\u00fck bas\u0131n brifinginde konuyla ilgili sorular \u00fczerine, toplant\u0131n\u0131n &#8220;kurum i\u00e7i bir toplant\u0131&#8221; oldu\u011funa i\u015faret etti.<\/p>\n<p style=\"text-align: justify;\">ABD\u2019nin d\u0131\u015f politikas\u0131 a\u00e7\u0131s\u0131ndan b\u00fcy\u00fck \u00f6nem ta\u015f\u0131yan belirli konularda bakanl\u0131k i\u00e7inde her zaman toplant\u0131lar yapt\u0131klar\u0131n\u0131, T\u00fcrkiye hakk\u0131ndaki toplant\u0131n\u0131n da bunlardan birini olu\u015fturdu\u011funu ifade eden Toner, &#8220;Toplant\u0131, d\u00fczenlemekte oldu\u011fumuz \u00e7ok say\u0131da politika toplant\u0131s\u0131ndan biri, T\u00fcrkiye \u00fczerine bir kerelik yap\u0131lan bir toplant\u0131 de\u011fil&#8221; diye konu\u015ftu.<\/p>\n<p style=\"text-align: justify;\">Kendisine y\u00f6neltilen \u0131srarl\u0131 sorulara kar\u015f\u0131n, toplant\u0131n\u0131n tam kat\u0131l\u0131mc\u0131lar\u0131 ve i\u00e7eri\u011fine dair somut bir bilgi vermeyen Toner, &#8220;Toplant\u0131da \u0130ran konusu g\u00fcndeme geldi mi?&#8221; sorusunu, &#8220;Bunu kestiremem. T\u00fcrkiye ile ili\u015fkilerimizde \u00f6nemli konular\u0131n neler oldu\u011funu biliyorsunuz&#8221; diye yan\u0131tlad\u0131.<\/p>\n<p style=\"text-align: justify;\"><strong>&#8220;D\u00dc\u015e\u00dcNCE KURULU\u015eU TARZINDA B\u0130R TOPLANTI&#8221; <\/strong><\/p>\n<p style=\"text-align: justify;\">ABD D\u0131\u015fi\u015fleri Bakanl\u0131\u011f\u0131ndan \u00fcst d\u00fczey bir yetkili de, \u00f6nemli konular, b\u00f6lgeler ve \u00fclkeler hakk\u0131nda bu t\u00fcr toplant\u0131lar yapt\u0131klar\u0131na i\u015faret ederek, T\u00fcrkiye\u2019nin de bunlar aras\u0131nda yer ald\u0131\u011f\u0131na dikkati \u00e7ekti.<\/p>\n<p style=\"text-align: justify;\">Toplant\u0131n\u0131n bakanl\u0131\u011f\u0131n siyaset planlama dairesi taraf\u0131ndan g\u00fcndeme konuldu\u011funu ifade eden Yetkili, &#8220;Toplant\u0131n\u0131n nihai amac\u0131, d\u00fc\u015f\u00fcnce kurulu\u015flar\u0131ndaki toplant\u0131lar tarz\u0131nda ve serbest bir bi\u00e7imde, \u2019Do\u011fru y\u00f6nde mi ilerliyoruz? Ele alabilece\u011fimiz ba\u015fka alanlar var m\u0131?&#8221; gibi sorular\u0131n de\u011ferlendirilmesi. Bunlar, \u2019neredeyiz, nereye gitmeye ihtiyac\u0131m\u0131z var?\u2019 sorular\u0131n\u0131n analizinin yap\u0131lmas\u0131na \u00e7al\u0131\u015f\u0131lan, politikam\u0131z\u0131n ne oldu\u011funa bak\u0131lan olumlu toplant\u0131lar&#8221; diye konu\u015ftu.<\/p>\n<p style=\"text-align: justify;\">Bakanl\u0131k yetkilisi, &#8220;Toplant\u0131n\u0131n, bir t\u00fcr politika de\u011fi\u015fikli\u011finin i\u015fareti mi oldu\u011fu&#8221; sorusuna, &#8220;hay\u0131r&#8221; yan\u0131t\u0131n\u0131 verdi.<\/p>\n<p style=\"text-align: justify;\">T\u00fcrkiye ile ilgili toplant\u0131ya, bakanl\u0131k taraf\u0131ndan her sabah a\u00e7\u0131klanan, Clinton ve bakanl\u0131\u011f\u0131n \u00fcst d\u00fczey yetkililerinin g\u00fcnl\u00fck program\u0131nda da yer verildi.<\/p>\n<p style=\"text-align: justify;\">Yetkili, bu durumla alakal\u0131 olarak, &#8220;toplant\u0131, bakanl\u0131k i\u00e7inde her zaman yap\u0131lan toplant\u0131lardan birisiyse, neden \u00f6nceden duyurusunun yap\u0131ld\u0131\u011f\u0131&#8221; sorusunu, &#8220;G\u00fcnl\u00fck ve haftal\u0131k faaliyetlerimize ili\u015fkin, m\u00fcmk\u00fcn oldu\u011fu kadar \u015feffaf olmaya \u00e7al\u0131\u015f\u0131l\u0131yor, k\u00f6t\u00fc bir \u015fey yok, bunun \u00f6tesinde bir \u015fey de\u011fil&#8221; \u015feklinde yan\u0131tlad\u0131.<\/p>\n<p style=\"text-align: justify;\"><strong>&#8220;PKK, ORTAK D\u00dc\u015eMANIMIZ&#8221; <\/strong><\/p>\n<p style=\"text-align: justify;\">\u00d6te yandan, Bakanl\u0131k S\u00f6zc\u00fcs\u00fc Mark Toner, g\u00fcnl\u00fck bas\u0131n brifinginde, ter\u00f6r \u00f6rg\u00fct\u00fc PKK ile ilgili bir soru \u00fczerine, PKK ile m\u00fccadelede T\u00fcrkiye, Irak\u2019\u0131n kuzeyindeki b\u00f6lgesel y\u00f6netim ve Irak h\u00fck\u00fcmetiyle birlikte \u00e7al\u0131\u015ft\u0131klar\u0131na i\u015faret ederek, PKK\u2019n\u0131n, ortak d\u00fc\u015fmanlar\u0131 oldu\u011funu kaydetti. Toner, &#8220;gerilimlerin yat\u0131\u015ft\u0131r\u0131lmas\u0131 i\u00e7in neler yap\u0131yorsunuz?&#8221; sorusu \u00fczerine, &#8220;\u0130\u015fbirli\u011fi yap\u0131yoruz, birbirimizle konu\u015fuyor, ileti\u015fim kuruyoruz ve bu, gerilimlerin yat\u0131\u015ft\u0131r\u0131lmas\u0131na yard\u0131m ediyor&#8221; diye konu\u015ftu.<\/p>\n<p style=\"text-align: justify;\"><span style=\"color: #888888;\">Vatan<\/span><\/p>\n","protected":false},"excerpt":{"rendered":"<p style=\"text-align: center;\">\n<p style=\"text-align: justify;\">ABD D\u0131\u015fi\u015fleri Bakanl\u0131\u011f\u0131nda T\u00fcrkiye siyasetinin masaya yat\u0131r\u0131ld\u0131\u011f\u0131 \u00fcst d\u00fczey kat\u0131l\u0131ml\u0131 bir toplant\u0131 d\u00fczenlendi.<\/p>\n<p style=\"text-align: justify;\">ABD D\u0131\u015fi\u015fleri Bakan\u0131 Hillary Clinton\u2019\u0131n ba\u015fkanl\u0131k etti\u011fi toplant\u0131ya, ABD D\u0131\u015fi\u015fleri Bakan Yard\u0131mc\u0131s\u0131 Jack Lew, bakanl\u0131\u011f\u0131n siyaset planlama direkt\u00f6r\u00fc Anne-Marie Slaughter, Avrupa ve Avrasya i\u015flerinden sorumlu m\u00fcste\u015far yard\u0131mc\u0131s\u0131 Philip Gordon ile di\u011fer yetkililer kat\u0131ld\u0131. <\/p>\n","protected":false},"author":1,"featured_media":0,"comment_status":"open","ping_status":"closed","sticky":false,"template":"","format":"standard","meta":{"footnotes":""},"categories":[105],"tags":[],"class_list":["post-24712","post","type-post","status-publish","format-standard","hentry","category-gundem","odd"],"_links":{"self":[{"href":"http:\/\/www.korhanyilmaz.com\/index.php?rest_route=\/wp\/v2\/posts\/24712","targetHints":{"allow":["GET"]}}],"collection":[{"href":"http:\/\/www.korhanyilmaz.com\/index.php?rest_route=\/wp\/v2\/posts"}],"about":[{"href":"http:\/\/www.korhanyilmaz.com\/index.php?rest_route=\/wp\/v2\/types\/post"}],"author":[{"embeddable":true,"href":"http:\/\/www.korhanyilmaz.com\/index.php?rest_route=\/wp\/v2\/users\/1"}],"replies":[{"embeddable":true,"href":"http:\/\/www.korhanyilmaz.com\/index.php?rest_route=%2Fwp%2Fv2%2Fcomments&post=24712"}],"version-history":[{"count":0,"href":"http:\/\/www.korhanyilmaz.com\/index.php?rest_route=\/wp\/v2\/posts\/24712\/revisions"}],"wp:attachment":[{"href":"http:\/\/www.korhanyilmaz.com\/index.php?rest_route=%2Fwp%2Fv2%2Fmedia&parent=24712"}],"wp:term":[{"taxonomy":"category","embeddable":true,"href":"http:\/\/www.korhanyilmaz.com\/index.php?rest_route=%2Fwp%2Fv2%2Fcategories&post=24712"},{"taxonomy":"post_tag","embeddable":true,"href":"http:\/\/www.korhanyilmaz.com\/index.php?rest_route=%2Fwp%2Fv2%2Ftags&post=24712"}],"curies":[{"name":"wp","href":"https:\/\/api.w.org\/{rel}","templated":true}]}}